{"id":141133,"date":"2025-09-26T23:14:11","date_gmt":"2025-09-26T23:14:11","guid":{"rendered":"https:\/\/www.europesays.com\/es\/141133\/"},"modified":"2025-09-26T23:14:11","modified_gmt":"2025-09-26T23:14:11","slug":"vega-os-el-nuevo-sistema-de-amazon-para-los-fire-tv-se-presentara-la-semana-que-viene-gadgets-smartlife","status":"publish","type":"post","link":"https:\/\/www.europesays.com\/es\/141133\/","title":{"rendered":"Vega OS, el nuevo sistema de Amazon para los Fire TV, se presentar\u00e1 la semana que viene | Gadgets | Smartlife"},"content":{"rendered":"<p class=\"\">La hegemon\u00eda de Android en determinados sectores se tambalea. Primero fue Huawei con HarmonyOS. El siguiente ser\u00e1 Amazon, que ya ha confirmado que el pr\u00f3ximo 30 de septiembre presentar\u00e1 Vega OS,<b> el nuevo sistema operativo que dar\u00e1 vida a los Amazon Fire TV<\/b> y otros productos de la marca, y que dejar\u00e1 de depender de Android.<\/p>\n<p class=\"\">Para ponerte en situaci\u00f3n, y por si no lo sab\u00edas, Amazon utiliza Fire OS como sistema operativo para su cat\u00e1logo de productos, pero este sistema est\u00e1 basado en Android. Con la llegada de Vega OS, esto va a cambiar.<\/p>\n<p>Vega OS ser\u00e1 presentada el 30 de septiembre<\/p>\n<p class=\"\">Aunque <b>Amazon nunca ha hablado de Vega OS de manera oficial<\/b>, las pistas han ido acumul\u00e1ndose durante los \u00faltimos dos a\u00f1os. Adem\u00e1s, hay una prueba irrefutable de la existencia de Vega OS que lleg\u00f3 esta misma semana, cuando <b>sali\u00f3 a la luz una oferta de empleo para el equipo de Prime Video.<\/b><\/p>\n<p class=\"\">Nada fuera de lo normal, si no fuera porque en la descripci\u00f3n del puesto se mencionaba expl\u00edcitamente que <b>el candidato seleccionado liderar\u00eda el desarrollo de la aplicaci\u00f3n de Prime Video para Vega OS.<\/b> El detalle no pas\u00f3 desapercibido, y aunque Amazon elimin\u00f3 r\u00e1pidamente cualquier referencia a Vega, ya era demasiado tarde: la confirmaci\u00f3n indirecta estaba hecha.<\/p>\n<p class=\"\">Seg\u00fan esa misma oferta, la app de Prime Video para Vega llegar\u00e1 en <b>2025<\/b>, lo que deja claro que la compa\u00f1\u00eda est\u00e1 trabajando a toda m\u00e1quina para que Vega OS sea una realidad tangible m\u00e1s pronto que tarde.<\/p>\n<p><img alt=\"Televisor con Fire TV y la serie Fallout\" decoding=\"auto\" class=\"_re lazyload a_m-h\" height=\"234\"  width=\"414\"  src=\"https:\/\/www.europesays.com\/es\/wp-content\/uploads\/2025\/09\/6VI4DDH65RHFRIRDRLJJ22TH5A.jpg\" loading=\"lazy\"\/>Televisor con Fire TV y la serie FalloutAmazon<\/p>\n<p class=\"\">Aunque todav\u00eda no hay confirmaci\u00f3n oficial, todo apunta a que Vega OS har\u00e1 su estreno en un <b>nuevo Fire TV Stick de gama de entrada<\/b>, un dispositivo m\u00e1s modesto que servir\u00eda de banco de pruebas. <\/p>\n<p class=\"\">Y si tenemos en cuenta que el pr\u00f3ximo martes Amazon desvelar\u00e1 nuevos Kindle, altavoces Echo y probablemente un nuevo televisor o dispositivo Fire TV, todo apunta a que la gran protagonista ser\u00e1 <b>Vega OS<\/b>, la pieza que falta en el puzle de la compa\u00f1\u00eda para depender menos de Android y construir un entorno totalmente propio.<\/p>\n<p class=\"\">Respecto a qu\u00e9 suceder\u00e1 con los modelos actuales que tiene en el mercado, es muy poco probable que esto suceda. <b>Cambiar de Fire OS a Vega OS no es una simple actualizaci\u00f3n. <\/b>Implicar\u00eda rehacer buena parte del software y garantizar que miles de apps funcionen bien en el nuevo entorno. Forzar esa transici\u00f3n en dispositivos ya vendidos va a causar todo tipo de incompatibilidades y un aluvi\u00f3n de quejas de usuarios.<\/p>\n<p class=\"\">As\u00ed que, si tienes un Amazon Fire TV Stick u otros productos con Fire OS, seguramente podr\u00e1s seguir utiliz\u00e1ndolos sin problema.<\/p>\n","protected":false},"excerpt":{"rendered":"La hegemon\u00eda de Android en determinados sectores se tambalea. Primero fue Huawei con HarmonyOS. El siguiente ser\u00e1 Amazon,&hellip;\n","protected":false},"author":2,"featured_media":141134,"comment_status":"","ping_status":"","sticky":false,"template":"","format":"standard","meta":{"footnotes":""},"categories":[81],"tags":[912,119,123,124,2308,25,24,3826,10904,117,121,122,23,118,120],"class_list":{"0":"post-141133","1":"post","2":"type-post","3":"status-publish","4":"format-standard","5":"has-post-thumbnail","7":"category-ciencia-y-tecnologia","8":"tag-amazon","9":"tag-ciencia","10":"tag-ciencia-y-tecnologia","11":"tag-cienciaytecnologia","12":"tag-empresas","13":"tag-es","14":"tag-espana","15":"tag-gadgets","16":"tag-informatica","17":"tag-science","18":"tag-science-and-technology","19":"tag-scienceandtechnology","20":"tag-spain","21":"tag-technology","22":"tag-tecnologia"},"share_on_mastodon":{"url":"","error":""},"_links":{"self":[{"href":"https:\/\/www.europesays.com\/es\/wp-json\/wp\/v2\/posts\/141133","targetHints":{"allow":["GET"]}}],"collection":[{"href":"https:\/\/www.europesays.com\/es\/wp-json\/wp\/v2\/posts"}],"about":[{"href":"https:\/\/www.europesays.com\/es\/wp-json\/wp\/v2\/types\/post"}],"author":[{"embeddable":true,"href":"https:\/\/www.europesays.com\/es\/wp-json\/wp\/v2\/users\/2"}],"replies":[{"embeddable":true,"href":"https:\/\/www.europesays.com\/es\/wp-json\/wp\/v2\/comments?post=141133"}],"version-history":[{"count":0,"href":"https:\/\/www.europesays.com\/es\/wp-json\/wp\/v2\/posts\/141133\/revisions"}],"wp:featuredmedia":[{"embeddable":true,"href":"https:\/\/www.europesays.com\/es\/wp-json\/wp\/v2\/media\/141134"}],"wp:attachment":[{"href":"https:\/\/www.europesays.com\/es\/wp-json\/wp\/v2\/media?parent=141133"}],"wp:term":[{"taxonomy":"category","embeddable":true,"href":"https:\/\/www.europesays.com\/es\/wp-json\/wp\/v2\/categories?post=141133"},{"taxonomy":"post_tag","embeddable":true,"href":"https:\/\/www.europesays.com\/es\/wp-json\/wp\/v2\/tags?post=141133"}],"curies":[{"name":"wp","href":"https:\/\/api.w.org\/{rel}","templated":true}]}}