{"id":141135,"date":"2025-09-26T23:15:09","date_gmt":"2025-09-26T23:15:09","guid":{"rendered":"https:\/\/www.europesays.com\/es\/141135\/"},"modified":"2025-09-26T23:15:09","modified_gmt":"2025-09-26T23:15:09","slug":"los-motivos-detras-de-la-decision-de-poner-un-nuevo-cepo-al-dolar-segun-la-mirada-de-los-economistas","status":"publish","type":"post","link":"https:\/\/www.europesays.com\/es\/141135\/","title":{"rendered":"Los motivos detr\u00e1s de la decisi\u00f3n de poner un nuevo cepo al d\u00f3lar, seg\u00fan la mirada de los economistas"},"content":{"rendered":"<p><img alt=\"Quienes accedan al d\u00f3lar oficial\" class=\"global-image\" decoding=\"async\" fetchpriority=\"high\" height=\"3938\" loading=\"eager\" src=\"https:\/\/www.europesays.com\/es\/wp-content\/uploads\/2025\/09\/MW5S7MF2YJE7FMEPW4HI2IKOQU.jpg\" width=\"7000\"\/>Quienes accedan al d\u00f3lar oficial no podr\u00e1n comprar divisas en los mercados MEP y contado con liquidaci\u00f3n durante 90 d\u00edas (Shutterstock)<\/p>\n<p class=\"paragraph\">El Banco Central decidi\u00f3 reinstalar una de las medidas m\u00e1s recordadas del cepo cambiario: <a href=\"https:\/\/www.infobae.com\/economia\/2025\/09\/26\/que-significa-la-restriccion-al-dolar-que-anuncio-el-bcra-y-como-impacta-en-el-mercado\/\" target=\"_blank\" rel=\"noreferrer nofollow noopener\" title=\"https:\/\/www.infobae.com\/economia\/2025\/09\/26\/que-significa-la-restriccion-al-dolar-que-anuncio-el-bcra-y-como-impacta-en-el-mercado\/\">a partir de ahora, quienes accedan al d\u00f3lar oficial no podr\u00e1n realizar operaciones con divisas financieras<\/a> <b>\u2014d\u00f3lar MEP o contado con liquidaci\u00f3n\u2014 <\/b>durante un plazo de 90 d\u00edas. La decisi\u00f3n, formalizada a trav\u00e9s de la <b>Comunicaci\u00f3n \u201cA\u201d 8336<\/b>, busca contener maniobras de arbitraje cambiario y preservar las reservas en un escenario marcado por la liquidaci\u00f3n de divisas del sector agroexportador.<\/p>\n<p class=\"paragraph\">El mecanismo, conocido en el mercado como \u201crestricci\u00f3n cruzada\u201d, implica que tanto personas f\u00edsicas como jur\u00eddicas deber\u00e1n optar entre uno u otro circuito cambiario. Si eligen el d\u00f3lar oficial, quedan inhabilitados para operar en el financiero por tres meses, y si utilizan el MEP o el contado con liquidaci\u00f3n, tampoco podr\u00e1n recurrir al oficial en ese lapso. La norma apunta a cortar con lo que los analistas describen como el \u201crulo financiero\u201d, una pr\u00e1ctica que en las \u00faltimas semanas se hab\u00eda intensificado.<\/p>\n<p class=\"paragraph\">El economista y analista financiero <b>Christian Buteler<\/b> explic\u00f3 que el Gobierno percibi\u00f3 que parte de los d\u00f3lares que se liquidaron en los \u00faltimos d\u00edas terminar\u00edan deriv\u00e1ndose al mercado financiero. \u201cEl Gobierno estima que parte de lo que se liquid\u00f3 en estos d\u00edas se va a ir a d\u00f3lar financiero. Eso te va a generar una brecha y lo que no quiere es que se arme de vuelta el rulo. \u00bfEsto qu\u00e9 ser\u00eda? Yo compro d\u00f3lar financiero a $1.400 para quedarme con la brecha\u201d, se\u00f1al\u00f3.<\/p>\n<p class=\"paragraph\">Buteler detall\u00f3 que este tipo de arbitraje genera una presi\u00f3n adicional sobre el d\u00f3lar oficial, justo cuando se acerca un mes estacionalmente fuerte en demanda de divisas. <\/p>\n<p class=\"paragraph\">\u201cEl rulo genera m\u00e1s demanda en el d\u00f3lar oficial y ya van a tener la demanda dolarizadora de octubre, no quieren sumar una demanda adicional. Eso no va a impedir que se dolaricen, pero ser\u00e1 m\u00e1s caro. Es decir, sin el rulo no se podr\u00e1 tener la posibilidad de bajar un poco ese d\u00f3lar y se terminar\u00e1 con m\u00e1s brecha. El Gobierno tiene las elecciones por delante y, frente a lo que pas\u00f3 la semana pasada, prefiere que m\u00e1s brecha y no menos d\u00f3lares oficiales\u201d, agreg\u00f3.<\/p>\n<p><img alt=\"La autoridad monetaria volvi\u00f3 a\" class=\"global-image\" decoding=\"async\" fetchpriority=\"low\" height=\"3474\" loading=\"lazy\" src=\"https:\/\/www.europesays.com\/es\/wp-content\/uploads\/2025\/09\/UYCWKYSN2NB6NIHO5J4HJEJG2Y.jpg\" width=\"5212\"\/>La autoridad monetaria volvi\u00f3 a imponer un l\u00edmite que ya hab\u00eda regido en a\u00f1os anteriores. (RS Fotos)<\/p>\n<p class=\"paragraph\">Desde otra \u00f3ptica, <b>Juan Manuel Truffa<\/b>, economista de Outlier, sostuvo que la medida est\u00e1 directamente vinculada con el esfuerzo oficial por reforzar las reservas en el Mercado \u00danico y Libre de Cambios (MULC). \u201cEllos est\u00e1n en el MULC intentando comprar todo lo que el agro est\u00e1 liquidando. \u00bfQu\u00e9 pasa? La misma oferta genera demanda. Los propios productores est\u00e1n intentando dolarizarse\u201d, explic\u00f3.<\/p>\n<p class=\"paragraph\">En ese marco, Truffa destac\u00f3 que la demanda de particulares en el MULC crec\u00eda al mismo tiempo que el Banco Central intentaba hacerse de divisas. \u201cHay mucha demanda en el MULC de particulares. Lo que el Gobierno quiere es hacer un poco de espacio. Prefiere convivir con un poco de brecha, mandarlos a ellos (los compradores) a que no toquen el MULC y que de \u00faltima paguen la brecha y ellos (el Gobierno) tranquilos en el MULC, meter\u00e1n reservas y despu\u00e9s ver\u00e1n si salta la brecha\u201d, se\u00f1al\u00f3.<\/p>\n<p class=\"paragraph\">El fen\u00f3meno que deton\u00f3 la decisi\u00f3n oficial tambi\u00e9n fue analizado por <b>Lucio Garay M\u00e9ndez<\/b>, economista de la consultora EcoGo. \u201cB\u00e1sicamente lo que sucedi\u00f3 es que en estos \u00faltimos d\u00edas se gener\u00f3 una peque\u00f1a brecha entre el d\u00f3lar oficial minorista, sobre todo, con el mayorista tambi\u00e9n ocurr\u00eda, y el d\u00f3lar medio oficial donde hab\u00eda una brecha del 1% m\u00e1s o menos, que pod\u00eda llegar hasta 3% en momentos. Y si lo operabas con el mayorista, que hac\u00eda que vos pudieses operar cuantas veces quisieses, comprar d\u00f3lar oficial a cierto precio y venderlo entre un 1 y un 3% m\u00e1s caro al MEP\u201d, detall\u00f3.<\/p>\n<p class=\"paragraph\">El economista subray\u00f3 que esa din\u00e1mica habilitaba operaciones repetidas que multiplicaban la demanda sobre el mercado oficial. \u201cEstabas constantemente comprando d\u00f3lar oficial, vendiendo al MEP, comprando d\u00f3lar oficial, vendiendo al MEP, cuantas veces se quiera. Y lo que estaba generando es demanda de d\u00f3lares en el MULC, que b\u00e1sicamente es competirle la plaza al Banco Central en un contexto donde necesita salir a comprar d\u00f3lares para fortalecer las reservas\u201d, explic\u00f3.<\/p>\n<p><img alt=\"La medida se tom\u00f3 en\" class=\"global-image\" decoding=\"async\" fetchpriority=\"low\" height=\"533\" loading=\"lazy\" src=\"https:\/\/www.europesays.com\/es\/wp-content\/uploads\/2025\/09\/5FKAFR3R3BH67CJW3W7O423WME.JPG\" width=\"800\"\/>La medida se tom\u00f3 en medio de una fuerte entrada de divisas por exportaciones, clave para la estrategia oficial (Reuters)<\/p>\n<p class=\"paragraph\">Garay M\u00e9ndez remarc\u00f3 que la baja temporal de las retenciones al agro gener\u00f3 un mayor volumen de liquidaciones, lo que coincidi\u00f3 con la aparici\u00f3n de este arbitraje. \u201cLo que suced\u00eda es que la demanda se estaba viendo agigantada tambi\u00e9n por este rulo cambiario que se hab\u00eda generado. Entonces, un poco la medida de hoy es cortar con eso: que si vos compras despu\u00e9s no pod\u00e9s vender en el MEP.\u201d, concluy\u00f3.<\/p>\n<p class=\"paragraph\">Por su parte, <b>Fausto Spotorno<\/b>, economista de Orlando J. Ferreres, coincidi\u00f3 en que <b>la norma tiene como objetivo frenar la salida r\u00e1pida de divisas a trav\u00e9s de operaciones especulativas<\/b>. \u201cLa medida te impide hacer el rulo financiero, no es que no compres d\u00f3lares. Lo que s\u00ed te puede pasar es que al no poder comprar d\u00f3lares por el MEP, se puede agrandar la brecha\u201d, afirm\u00f3.<\/p>\n<p class=\"paragraph\">Spotorno advirti\u00f3 que este tipo de pr\u00e1cticas aceleraba el drenaje de reservas. \u201cSi te hacen rulos, te sacan los d\u00f3lares m\u00e1s r\u00e1pido y eso te puede generar una brecha. Siempre se puede arbitrar de alguna forma. El mercado le encuentra la vuelta\u201d, sostuvo. <\/p>\n<p class=\"paragraph\">Adem\u00e1s, indic\u00f3 que los tenedores de bonos podr\u00edan beneficiarse en este escenario. \u201cLos que ya tienen bonos tambi\u00e9n se ver\u00e1n beneficiados porque se podr\u00e1n vender. Si est\u00e1s interviniendo y est\u00e1s gastando los d\u00f3lares\u2026 cuando el mercado es libre, hay arbitraje y es incluso deseable. Eso permite que el mercado de bonos no est\u00e9 distorsionado. Pero cuando es el Estado el que pone los d\u00f3lares, si hay arbitraje esos d\u00f3lares se le fugan mucho m\u00e1s r\u00e1pido\u201d, plante\u00f3.<\/p>\n<p class=\"paragraph\">El retorno de esta restricci\u00f3n cruzada muestra que, en un momento de liquidaciones fuertes y necesidades de divisas, el Gobierno prioriz\u00f3 reforzar la posici\u00f3n de reservas aunque eso implique una mayor brecha cambiaria. Para los economistas consultados, la causa real de la medida no radica en un intento por contener la brecha, sino en garantizar que los d\u00f3lares que ingresan por exportaciones no se pierdan en maniobras especulativas. La estrategia oficial, de acuerdo con los analistas, es clara: asegurar el acceso a divisas para el Banco Central y postergar cualquier tensi\u00f3n mayor en el mercado cambiario hasta despu\u00e9s del proceso electoral.<\/p>\n<p class=\"paragraph\">Desde el arco pol\u00edtico tambi\u00e9n hubo explicaciones. \u201cPrometi\u00f3 libertad y termin\u00f3 copiando el cepo kirchnerista. Ahora los que compran d\u00f3lar oficial no podr\u00e1n operar d\u00f3lares financieros.<b> Milei enga\u00f1\u00f3 a quienes confiaron en \u00e9l, diciendo una cosa y haciendo otra<\/b>\u201d, dijo <b>Florencio Randazzo<\/b>, ex ministro del Interior y referente bonaerense de Provincias Unidas.<\/p>\n","protected":false},"excerpt":{"rendered":"Quienes accedan al d\u00f3lar oficial no podr\u00e1n comprar divisas en los mercados MEP y contado con liquidaci\u00f3n durante&hellip;\n","protected":false},"author":2,"featured_media":141136,"comment_status":"","ping_status":"","sticky":false,"template":"","format":"standard","meta":{"footnotes":""},"categories":[80],"tags":[21882,889,4425,43925,8538,31997,36493,42682,28980,36673,43926,82,7264,42684,3760,10622,6286,3761,34479,42686,42688,95,94,25,24,42689,8545,2746,15745,43927,43928,43929,16876,28808,43930,43931,26756,43932,34477,8605,8560,8562,43933,43934,25705,23,43935,42695,26810,23571,43936,1559,4450,42698,42699],"class_list":{"0":"post-141135","1":"post","2":"type-post","3":"status-publish","4":"format-standard","5":"has-post-thumbnail","7":"category-economia","8":"tag-21882","9":"tag-america","10":"tag-american","11":"tag-amount","12":"tag-background","13":"tag-bank","14":"tag-banking","15":"tag-banknote","16":"tag-benjamin","17":"tag-bill","18":"tag-bills","19":"tag-business","20":"tag-capital","21":"tag-cash","22":"tag-close","23":"tag-close-up","24":"tag-closeup","25":"tag-concept","26":"tag-currency","27":"tag-dollar","28":"tag-dollars","29":"tag-economia","30":"tag-economy","31":"tag-es","32":"tag-espana","33":"tag-exchange","34":"tag-face","35":"tag-finance","36":"tag-financial","37":"tag-franklin","38":"tag-heap","39":"tag-hundred","40":"tag-investment","41":"tag-large","42":"tag-loan","43":"tag-macro","44":"tag-many","45":"tag-monetary","46":"tag-money","47":"tag-note","48":"tag-paper","49":"tag-portrait","50":"tag-prosperity","51":"tag-rich","52":"tag-sign","53":"tag-spain","54":"tag-states","55":"tag-success","56":"tag-symbol","57":"tag-united","58":"tag-up","59":"tag-us","60":"tag-usa","61":"tag-usd","62":"tag-wealth"},"share_on_mastodon":{"url":"","error":""},"_links":{"self":[{"href":"https:\/\/www.europesays.com\/es\/wp-json\/wp\/v2\/posts\/141135","targetHints":{"allow":["GET"]}}],"collection":[{"href":"https:\/\/www.europesays.com\/es\/wp-json\/wp\/v2\/posts"}],"about":[{"href":"https:\/\/www.europesays.com\/es\/wp-json\/wp\/v2\/types\/post"}],"author":[{"embeddable":true,"href":"https:\/\/www.europesays.com\/es\/wp-json\/wp\/v2\/users\/2"}],"replies":[{"embeddable":true,"href":"https:\/\/www.europesays.com\/es\/wp-json\/wp\/v2\/comments?post=141135"}],"version-history":[{"count":0,"href":"https:\/\/www.europesays.com\/es\/wp-json\/wp\/v2\/posts\/141135\/revisions"}],"wp:featuredmedia":[{"embeddable":true,"href":"https:\/\/www.europesays.com\/es\/wp-json\/wp\/v2\/media\/141136"}],"wp:attachment":[{"href":"https:\/\/www.europesays.com\/es\/wp-json\/wp\/v2\/media?parent=141135"}],"wp:term":[{"taxonomy":"category","embeddable":true,"href":"https:\/\/www.europesays.com\/es\/wp-json\/wp\/v2\/categories?post=141135"},{"taxonomy":"post_tag","embeddable":true,"href":"https:\/\/www.europesays.com\/es\/wp-json\/wp\/v2\/tags?post=141135"}],"curies":[{"name":"wp","href":"https:\/\/api.w.org\/{rel}","templated":true}]}}