{"id":141147,"date":"2025-09-26T23:23:09","date_gmt":"2025-09-26T23:23:09","guid":{"rendered":"https:\/\/www.europesays.com\/es\/141147\/"},"modified":"2025-09-26T23:23:09","modified_gmt":"2025-09-26T23:23:09","slug":"sabine-lisicki-planea-su-regreso-con-36-anos-tras-ser-madre","status":"publish","type":"post","link":"https:\/\/www.europesays.com\/es\/141147\/","title":{"rendered":"Sabine Lisicki planea su regreso con 36 a\u00f1os tras ser madre"},"content":{"rendered":"<p class=\"quota-display text-align-center\">\n        <a href=\"https:\/\/www.puntodebreak.com\/MDBA-B3-PDB-QUOTA-25\" rel=\"sponsored nofollow noopener\" title=\"Apuesta en bet365\" target=\"_blank\"><\/p>\n<p>            <img decoding=\"async\" alt=\"Bet365\" class=\"bet-logo lazyload\" loading=\"lazy\" src=\"https:\/\/www.europesays.com\/es\/wp-content\/uploads\/2025\/09\/1758819736_411_b365.jpg\"\/>Streaming ATP Tokyo en directo<\/p>\n<p> \ud83c\udfbe Brandon Nakashima vs Marton Fucsovics<\/p>\n<ol class=\"stream-card__steps\">\n<li>Entra aqu\u00ed y reg\u00edstrate en Bet365<\/li>\n<li>Haz tu primer dep\u00f3sito de m\u00ednimo 5\u00a0\u20ac<\/li>\n<li>Entra en la secci\u00f3n \u00abDirecto\u00bb y ve todos los partidos<\/li>\n<\/ol>\n<p>\n                                Ver partido en Bet365\n                            <\/p>\n<p>        <\/a>\n      <\/p>\n<p class=\"text-align-justify\">Con los 36 reci\u00e9n cumplidos, la alemana <b>Sabine Lisicki <\/b>sigue teniendo las cosas tan claras como hace doce meses. En septiembre de 2024, momento donde fue madre por primera vez, aseguraba en cada una de sus entrevistas que aquello no supon\u00eda su adi\u00f3s al circuito, ni mucho menos. De hecho, desde mucho antes de dar a luz, ya reflejaba su intenci\u00f3n de absorber esta experiencia para luego volver a coger la raqueta de nuevo. Un plan que, viendo los plazos que est\u00e1 recorriendo, podr\u00eda tambalearse.<\/p>\n<p class=\"text-align-justify\">Sin disputar un partido oficial desde un W100 en diciembre de 2023, la ex n\u00famero 12 del mundo cuenta que su intenci\u00f3n era haber vuelto ya a la competici\u00f3n, pero que su cuerpo no ha reaccionado con la rapidez que ella so\u00f1aba. Sin ranking, sin ritmo, pero con ese fuego que todav\u00eda empuja a <a href=\"https:\/\/www.wtatennis.com\/players\/312520\/sabine-lisicki\" rel=\"nofollow noopener\" target=\"_blank\"><b>Sabine Lisicki<\/b><\/a> a darse una \u00faltima oportunidad, aunque sea para despedirse dentro de la pista de un deporte que le permiti\u00f3 pisar una final de Wimbledon (2013) o una final de la BJKC (2014). En una charla con <a href=\"https:\/\/www.tennismagazin.de\/interview\/sabine-lisicki-im-interview-ich-moechte-fit-auf-die-tour-zurueckkommen\/\" rel=\"nofollow noopener\" target=\"_blank\"><b>Tennis Magazin<\/b><\/a>, la de Troisdorf analiza su situaci\u00f3n y revela sus pr\u00f3ximos pasos.<\/p>\n<p class=\"text-align-justify\"><b>BELLA, SU PRIMER HIJA<\/b><\/p>\n<p class=\"text-align-justify\">\u201cHa sido una etapa muy emocionante, en doce meses le pueden pasar muchos cosas a un beb\u00e9. Mi idea era volver a las pistas despu\u00e9s de nueve o doce meses, porque veo lo r\u00e1pido que lo hacen otras jugadoras despu\u00e9s de tener su primer hijo. Ahora ya no se ven esas historias donde el cuerpo necesita un poco m\u00e1s de tiempo, pero cada parto y recuperaci\u00f3n es diferente. En mi caso, he amamantado durante un a\u00f1o completo, no me di cuenta de lo agotador que es la lactancia materna para el cuerpo\u201d.<\/p>\n<p class=\"text-align-justify\"><b>LA RETIRADA NO ES UNA OPCI\u00d3N<\/b><\/p>\n<p class=\"text-align-justify\">\u201cEl plan lo mantengo, quiero volver al circuito, yo soy la persona que m\u00e1s presi\u00f3n me pongo. Me hizo bien escuchar a los m\u00e9dicos que estoy en un proceso normal, que el cuerpo necesita m\u00e1s tiempo. Quiero volver en forma y, por lo tanto, soy consciente de que me tomar\u00e1 un tiempo conseguirlo. Adaptaremos el plan de entrenamiento en consecuencia a este objetivo\u201d.<\/p>\n<p class=\"text-align-justify\"><b>SER MADRE Y TENISTA AL MISMO TIEMPO<\/b><\/p>\n<p class=\"text-align-justify\">\u201cPrefiero entrenar por la ma\u00f1ana, ya que mi hija tiene mucha energ\u00eda y le encanta ir a la pista. Eso est\u00e1 muy bien, por suerte pude jugar mucho al tenis durante el embarazo, quiz\u00e1 por eso le gusta tanto (risas). Le encanta el lugar, ya lo conoce, aunque a veces se duerme en la sombra mientras me observa. M\u00e1s all\u00e1 de ese bloque de entrenamiento, el resto del d\u00eda como madre es m\u00e1s cotidiano: comidas, siesta, nataci\u00f3n y juegos\u201d.<\/p>\n<p class=\"text-align-justify\"><b>UN EJEMPLO QUE SEGUIR<\/b><\/p>\n<p class=\"text-align-justify\">\u201cTatjana Maria, por supuesto. Conozco a su hija Charlotte desde que ten\u00eda unos meses, siempre me he quitado el sombrero ante la forma en que ella y su marido, Charles, han controlado las situaciones dentro del circuito, c\u00f3mo dominaron todo el contexto siendo padres. Esto es hermoso de ver, por supuesto, una incre\u00edble historia de \u00e9xito con dos ni\u00f1as a lo largo del viaje. Me alegro mucho por los dos, se lo merecen todo\u201d.<\/p>\n<p><img decoding=\"async\" alt=\"Sabine Lisicki en uno de sus \u00faltimos torneos. Fuente: Getty\" data-entity-type=\"file\" data-entity-uuid=\"43aed87b-5a0d-44a7-9553-11738ed1d4ab\" class=\"align-center lazyload\" width=\"800\" height=\"476\" loading=\"lazy\" src=\"https:\/\/www.europesays.com\/es\/wp-content\/uploads\/2025\/09\/Sabine-Lisicki-Intenci\u00f3n-Volver-2026-Circuito.png\"\/><\/p>\n<p class=\"text-align-justify\">\u00a0<\/p>\n<p class=\"text-align-justify\"><b>AMOR POR EL TENIS<\/b><\/p>\n<p class=\"text-align-justify\">\u201cSiendo madre, tienes que controlar todo muy bien para que todo funcione. A m\u00ed todav\u00eda me encanta jugar al tenis, as\u00ed que no tengo un final planeado, no pienso en cuando sea vieja o el momento de detenerme. El fuego sigue ardiendo; en el momento que deje de arder, me detendr\u00e9. Para m\u00ed era muy importante volver despu\u00e9s del desgarro del ligamento cruzado que tuve en 2020, mi objetivo siempre fue volver a ganar un t\u00edtulo, as\u00ed que estoy muy orgullosa de haberlo conseguido. El final de mi carrera lo imagino sobre c\u00e9sped, por suerte tenemos algunos torneos maravillosos en Alemania. Est\u00e1 el torneo de Berl\u00edn, mi club, mi ciudad natal, adem\u00e1s del torneo de Bad Homburg\u201d.<\/p>\n<p class=\"text-align-justify\"><b>SU MAYOR LEGADO: UN R\u00c9CORD<\/b><\/p>\n<p class=\"text-align-justify\">\u201cHonestamente, me parece incre\u00edble que mi r\u00e9cord del saque m\u00e1s r\u00e1pido del circuito WTA \u2013210\u20198km\/h, Stanford 2014\u2013 todav\u00eda siga en pie. Lo normal es que un r\u00e9cord no dure tanto, quiz\u00e1 unos pocos a\u00f1os, pero no m\u00e1s de diez. Para m\u00ed siempre fue un objetivo muy bonito el reto de romper el r\u00e9cord del servicio m\u00e1s r\u00e1pido, as\u00ed que fue genial, incluso mi padre escribi\u00f3 una tesis doctoral al respecto. Confirmar esa tesis doctoral, tantos a\u00f1os despu\u00e9s de que \u00e9l la escribiera, es algo muy especial para mi familia\u201d.<\/p>\n","protected":false},"excerpt":{"rendered":"Streaming ATP Tokyo en directo \ud83c\udfbe Brandon Nakashima vs Marton Fucsovics Entra aqu\u00ed y reg\u00edstrate en Bet365 Haz&hellip;\n","protected":false},"author":2,"featured_media":141148,"comment_status":"","ping_status":"","sticky":false,"template":"","format":"standard","meta":{"footnotes":""},"categories":[274],"tags":[168,25,24,23,167,327,326],"class_list":{"0":"post-141147","1":"post","2":"type-post","3":"status-publish","4":"format-standard","5":"has-post-thumbnail","7":"category-tenis","8":"tag-deportes","9":"tag-es","10":"tag-espana","11":"tag-spain","12":"tag-sports","13":"tag-tenis","14":"tag-tennis"},"share_on_mastodon":{"url":"","error":""},"_links":{"self":[{"href":"https:\/\/www.europesays.com\/es\/wp-json\/wp\/v2\/posts\/141147","targetHints":{"allow":["GET"]}}],"collection":[{"href":"https:\/\/www.europesays.com\/es\/wp-json\/wp\/v2\/posts"}],"about":[{"href":"https:\/\/www.europesays.com\/es\/wp-json\/wp\/v2\/types\/post"}],"author":[{"embeddable":true,"href":"https:\/\/www.europesays.com\/es\/wp-json\/wp\/v2\/users\/2"}],"replies":[{"embeddable":true,"href":"https:\/\/www.europesays.com\/es\/wp-json\/wp\/v2\/comments?post=141147"}],"version-history":[{"count":0,"href":"https:\/\/www.europesays.com\/es\/wp-json\/wp\/v2\/posts\/141147\/revisions"}],"wp:featuredmedia":[{"embeddable":true,"href":"https:\/\/www.europesays.com\/es\/wp-json\/wp\/v2\/media\/141148"}],"wp:attachment":[{"href":"https:\/\/www.europesays.com\/es\/wp-json\/wp\/v2\/media?parent=141147"}],"wp:term":[{"taxonomy":"category","embeddable":true,"href":"https:\/\/www.europesays.com\/es\/wp-json\/wp\/v2\/categories?post=141147"},{"taxonomy":"post_tag","embeddable":true,"href":"https:\/\/www.europesays.com\/es\/wp-json\/wp\/v2\/tags?post=141147"}],"curies":[{"name":"wp","href":"https:\/\/api.w.org\/{rel}","templated":true}]}}