{"id":141153,"date":"2025-09-26T23:26:15","date_gmt":"2025-09-26T23:26:15","guid":{"rendered":"https:\/\/www.europesays.com\/es\/141153\/"},"modified":"2025-09-26T23:26:15","modified_gmt":"2025-09-26T23:26:15","slug":"previa-valencia-basket-perfumerias-avenida-supercopa-lf-endesa","status":"publish","type":"post","link":"https:\/\/www.europesays.com\/es\/141153\/","title":{"rendered":"Previa Valencia Basket &#8211; Perfumer\u00edas Avenida Supercopa LF Endesa"},"content":{"rendered":"<p class=\"ft-text\">Dif\u00edcilmente se puede quitar ya el Valencia Basket el cartel de favorito en las competiciones nacionales y este fin de semana <strong>le llega la <\/strong><a class=\"ft-link ft-link--decoration\" href=\"https:\/\/www.superdeporte.es\/valencia-basket\/2024\/09\/29\/campeonas-empezar-defensa-triplete-valencia-basket-casademont-zaragoza-108719371.html\" rel=\"nofollow noopener\" target=\"_blank\"><strong>oportunidad de defender una Supercopa LF Endesa que gan\u00f3 en las \u00faltimas dos ediciones<\/strong><\/a> y de la que suma ya tres t\u00edtulos. Y lo hace, adem\u00e1s, con el esperado regreso de una Raquel Carrera que no pudo jugar la Copa de Atenas ni el partido ante el Estudiantes en Murcia por unas molestias en la rodilla de las que ya se ha recuperado.<\/p>\n<p class=\"ft-text\">As\u00ed, <a class=\"ft-link ft-link--decoration\" href=\"https:\/\/www.superdeporte.es\/valencia-basket\/2025\/09\/17\/bonito-vean-rival-batir-raquel-carrera-valencia-basket-121680828.html\" rel=\"nofollow noopener\" target=\"_blank\">la gallega<\/a> estar\u00e1 este s\u00e1bado a las 17:15 disponible para el t\u00e9cnico taronja <a class=\"ft-link ft-link--decoration\" href=\"https:\/\/www.feb.es\/2025\/6\/23\/baloncesto\/supercopa-endesa-2025-disputara-palacio-los-deportes-huesca\/102362.aspx\" rel=\"nofollow noopener\" target=\"_blank\">en el Palacio de los Deportes de Huesca<\/a> (Teledeporte), tal y como confirm\u00f3 el propio Rub\u00e9n Burgos. \u00abEra un proceso individual por unas molestias, dos semanas de preparaci\u00f3n f\u00edsica y algo de basket, se ha incorporado al grupo, <strong>competir\u00e1 con un control de minutaje, pero est\u00e1 apta para competir<\/strong>, su evoluci\u00f3n ha sido bastante controlada y de momento, satisfactoria.<\/p>\n<p class=\"ft-text\">Con ella y pese a las <a class=\"ft-link ft-link--decoration\" href=\"https:\/\/www.superdeporte.es\/valencia-basket\/2025\/09\/22\/planes-valencia-basket-leo-fiebich-tras-eliminacion-wnba-121829396.html\" rel=\"nofollow noopener\" target=\"_blank\">bajas de Leo Fiebich<\/a> y Cristina Ouvi\u00f1a, las taronja son a\u00fan m\u00e1s favoritas si cabe y m\u00e1s tras una pretemporada perfecta con pleno de victorias. \u00ab<strong>Quiero pensar que no tendremos presi\u00f3n, llevamos a\u00f1os siendo el rival a batir<\/strong>, recuerdo las visitas a otros campos y parec\u00eda desde el principio que \u00e9ramos un equipo hist\u00f3rico. Hemos conseguido los objetivos muy r\u00e1pidamente y cuando vienen las jugadoras sabe lo que representa\u00bb.<\/p>\n<p><img decoding=\"async\" src=\"https:\/\/www.europesays.com\/es\/wp-content\/uploads\/2025\/09\/5e74e1e6-9e4f-4d92-a5fb-9a462d39155e_alta-libre-aspect-ratio_default_0.jpg\" width=\"1200\" height=\"800\" alt=\"Raquel Carrera, ya recuperada de sus molestias en la rodilla.\" class=\"ft-helper-img-rd\" loading=\"lazy\" hasdataaida=\"true\"\/><\/p>\n<p class=\"ft-helper-fontColor-quaternary ft-helper-fontSize-body-S ft-helper-spacer-t-xxs\">Raquel Carrera, ya recuperada de sus molestias en la rodilla.  \/ JM L\u00f3pez<\/p>\n<p class=\"ft-text\">Eso s\u00ed, el t\u00e9cnico taronja contar\u00e1 con los refuerzos de la belga Hind Ben Abdelkader y <a class=\"ft-link ft-link--decoration\" href=\"https:\/\/www.superdeporte.es\/valencia-basket\/2025\/09\/26\/brillar-harvard-supercopa-valencia-basket-elena-rodriguez-121980656.html\" rel=\"nofollow noopener\" target=\"_blank\">Elena Rodr\u00edguez, con contrato hasta el 10 de noviembre<\/a>.<\/p>\n<p>Precedentes<\/p>\n<p class=\"ft-text\">El Perfumer\u00edas Avenida es el rival m\u00e1s recurrente de Valencia Basket en su historia con un total de 30 enfrentamientos. El balance global es de 19-10 para las salmantinas y un empate. En las \u00faltimas campa\u00f1as la superioridad es taronja si nos ce\u00f1imos a eliminatorias. En la temporada 22-23, Valencia Basket ganaba en semifinales de Supercopa y en la final por el t\u00edtulo de liga. En la campa\u00f1a 23-24 las valencianas ganaron en la final de la Supercopa y tambi\u00e9n en la final por el t\u00edtulo. El a\u00f1o pasado el conjunto taronja volvi\u00f3 a superar a Perfumer\u00edas Avenida en la semifinal de la LF Endesa. Eso s\u00ed, los partidos de liga regular suelen caer en su mayor\u00eda del lado salmantino. Si nos ce\u00f1imos \u00fanicamente a Supercopa, <strong>el Valencia Basket se ha llevado los tres partidos que ha disputado contra este rival en esta competici\u00f3n<\/strong>.<\/p>\n<p>Primer t\u00edtulo de la campa\u00f1a y primera defensa de t\u00edtulo<\/p>\n<p class=\"ft-text\"><strong>Arranca la temporada 25-26 y el equipo taronja va a optar por un total de cuatro t\u00edtulos<\/strong>. La LF Endesa, la EuroLeague Women, la Copa de la Reina y, este primero, la Supercopa LF Endesa. Uno de cuatro t\u00edtulos en juego y esta Supercopa ser\u00e1 la primera opci\u00f3n de trofeo a levantar para Valencia Basket. De los dos t\u00edtulos vigentes que posee el combinado taronja, la Supercopa ser\u00e1 uno de los tres que tiene que defender esta campa\u00f1a. Un t\u00edtulo que ha levantado el equipo en tres ocasiones. La primera en 2021 y las dos \u00faltimas de forma consecutiva en 2023 y 2024.<\/p>\n<p><img decoding=\"async\" src=\"https:\/\/www.europesays.com\/es\/wp-content\/uploads\/2025\/09\/3a2e7f86-eede-4d51-acf9-4d55fae825d1_alta-libre-aspect-ratio_default_0.jpg\" width=\"1200\" height=\"620\" alt=\"Rub\u00e9n Burgos, con la plantilla en el \u00faltimo entrenamiento en la pista del Roig Arena.\" class=\"ft-helper-img-rd\" loading=\"lazy\" hasdataaida=\"true\"\/><\/p>\n<p class=\"ft-helper-fontColor-quaternary ft-helper-fontSize-body-S ft-helper-spacer-t-xxs\">Rub\u00e9n Burgos, con la plantilla en el \u00faltimo entrenamiento en la pista del Roig Arena.  \/ JM L\u00f3pez<\/p>\n<p>Camino de la cuarta Supercopa<\/p>\n<p class=\"ft-text\">La Supercopa LF Endesa es el primer t\u00edtulo nacional que consiguieron las de Rub\u00e9n Burgos hace ahora cuatro temporadas en las Islas Canarias ante Perfumer\u00edas Avenida. Tras llegar a la final en la 22-23 y caer ante Spar Girona, Valencia Basket recuper\u00f3 el trono la siguiente temporada venciendo en la final de nuevo al equipo charro y la pasada campa\u00f1a repiti\u00f3 t\u00edtulo, esa vez ante Casademont Zaragoza. <strong>Cuatro finales en las \u00faltimas cuatro ediciones. Esta ser\u00e1 la sexta participaci\u00f3n consecutiva en el torneo<\/strong>.<\/p>\n<p>Rivales en una posible final<\/p>\n<p class=\"ft-text\"><a class=\"ft-link ft-link--decoration\" href=\"https:\/\/www.superdeporte.es\/valencia-basket\/2025\/09\/11\/dura-semifinal-valencia-basket-supercopa-lf-endesa-121465551.html\" rel=\"nofollow noopener\" target=\"_blank\">En la segunda semifinal se enfrentar\u00e1n Casademont Zaragoza y Hozono Global Jairis<\/a>. En caso de que Valencia Basket pasara esta eliminatoria se enfrentar\u00e1 al vencedor el domingo a las 17:00h en la gran final.<\/p>\n<p>M\u00e1s de 120 aficionados en Huesca<\/p>\n<p class=\"ft-text\">Las jugadoras taronja no estar\u00e1n solas en el pabell\u00f3n de Huesca, puesto que <strong>tendr\u00e1n el aliento de m\u00e1s de 120 aficionados que se han desplazado para apoyar al equipo<\/strong> en este dif\u00edcil primer reto de la temporada.<\/p>\n","protected":false},"excerpt":{"rendered":"Dif\u00edcilmente se puede quitar ya el Valencia Basket el cartel de favorito en las competiciones nacionales y este&hellip;\n","protected":false},"author":2,"featured_media":141154,"comment_status":"","ping_status":"","sticky":false,"template":"","format":"standard","meta":{"footnotes":""},"categories":[269],"tags":[299,1918,298,4860,8621,168,25,24,1265,22179,11917,37323,23,167,4611,37440,235,2916],"class_list":{"0":"post-141153","1":"post","2":"type-post","3":"status-publish","4":"format-standard","5":"has-post-thumbnail","7":"category-baloncesto","8":"tag-baloncesto","9":"tag-basket","10":"tag-basketball","11":"tag-carrera","12":"tag-cuarta","13":"tag-deportes","14":"tag-es","15":"tag-espana","16":"tag-huesca","17":"tag-perfumerias-avenida","18":"tag-raquel","19":"tag-raquel-carrera","20":"tag-spain","21":"tag-sports","22":"tag-supercopa","23":"tag-supercopa-lf-endesa","24":"tag-valencia","25":"tag-valencia-basket"},"share_on_mastodon":{"url":"","error":""},"_links":{"self":[{"href":"https:\/\/www.europesays.com\/es\/wp-json\/wp\/v2\/posts\/141153","targetHints":{"allow":["GET"]}}],"collection":[{"href":"https:\/\/www.europesays.com\/es\/wp-json\/wp\/v2\/posts"}],"about":[{"href":"https:\/\/www.europesays.com\/es\/wp-json\/wp\/v2\/types\/post"}],"author":[{"embeddable":true,"href":"https:\/\/www.europesays.com\/es\/wp-json\/wp\/v2\/users\/2"}],"replies":[{"embeddable":true,"href":"https:\/\/www.europesays.com\/es\/wp-json\/wp\/v2\/comments?post=141153"}],"version-history":[{"count":0,"href":"https:\/\/www.europesays.com\/es\/wp-json\/wp\/v2\/posts\/141153\/revisions"}],"wp:featuredmedia":[{"embeddable":true,"href":"https:\/\/www.europesays.com\/es\/wp-json\/wp\/v2\/media\/141154"}],"wp:attachment":[{"href":"https:\/\/www.europesays.com\/es\/wp-json\/wp\/v2\/media?parent=141153"}],"wp:term":[{"taxonomy":"category","embeddable":true,"href":"https:\/\/www.europesays.com\/es\/wp-json\/wp\/v2\/categories?post=141153"},{"taxonomy":"post_tag","embeddable":true,"href":"https:\/\/www.europesays.com\/es\/wp-json\/wp\/v2\/tags?post=141153"}],"curies":[{"name":"wp","href":"https:\/\/api.w.org\/{rel}","templated":true}]}}