{"id":141159,"date":"2025-09-26T23:30:39","date_gmt":"2025-09-26T23:30:39","guid":{"rendered":"https:\/\/www.europesays.com\/es\/141159\/"},"modified":"2025-09-26T23:30:39","modified_gmt":"2025-09-26T23:30:39","slug":"luis-garcia-jambrina-en-el-club-de-lectura-la-fuentona-de-la-fuente-de-san-esteban","status":"publish","type":"post","link":"https:\/\/www.europesays.com\/es\/141159\/","title":{"rendered":"Luis Garc\u00eda Jambrina en el club de lectura \u00abLa Fuentona\u00bb de La Fuente de San Esteban"},"content":{"rendered":"<p>Luis Garc\u00eda Jambrina en el club de lectura \u00abLa Fuentona\u00bb de La Fuente de San Esteban<br \/>\nLas participantes comentaron \u00abEl manuscrito de piedra\u00bb y pudieron conversar con su autor de manera directa, expresando sus opiniones y puntos de vista de la lectura de este libro<\/p>\n<p><a href=\"https:\/\/www.europesays.com\/es\/wp-content\/uploads\/2025\/09\/La-Fuentona-1.jpg\"><img loading=\"lazy\" decoding=\"async\" class=\"aligncenter size-full wp-image-135526\" src=\"https:\/\/www.europesays.com\/es\/wp-content\/uploads\/2025\/09\/La-Fuentona-1.jpg\" alt=\"\" width=\"1024\" height=\"461\"  \/><\/a><\/p>\n<p style=\"text-align: justify;\"><strong>El escritor Luis Garc\u00eda Jambrina ha visitado hoy el Club de Lectura \u00abLa Fuentona\u00bb de La Fuente de San Esteban<\/strong>, participando en la sesi\u00f3n del comentario de su libro <strong>\u00abEl manuscrito de piedra\u00bb<\/strong>. Las participantes han manifestado su opini\u00f3n sobre esta obra, explicando lo que m\u00e1s les hab\u00eda gustado y destacando detalladamente p\u00e1rrafos y personajes. Adem\u00e1s, han tenido la oportunidad de hablar directamente con el autor, hacerle preguntas y comentarios.<\/p>\n<p style=\"text-align: justify;\">Ha sido una tarde muy amena e interesante. <strong>Luis Garc\u00eda Jambrina ha comentado<\/strong>: \u00abPara m\u00ed ha sido <strong>una experiencia muy placentera<\/strong>. El autor aprende mucho en este intercambio con lecturas, cada una desde su punto de vista, cada una haciendo hincapi\u00e9 en una cosa, el autor toma conciencia de lo que ha escrito (\u2026) <strong>Estoy muy agradecido<\/strong> por el hecho de que me hayan invitado y de haber compartido esta velada literaria en torno a una mesa camilla, bueno en realidad dos. <strong>Deseo una larga vida a este club de lectura<\/strong> porque creo que la lectura compartida tiene m\u00e1s repercusi\u00f3n en la vida de las personas que una lectura individual en voz baja, en casa. Cuando uno comparte lo que ha le\u00eddo ve cosas que no ha visto en la lectura, es una lectura enriquecedora para todas las que participan en el club de lectura y hoy lo ha sido para m\u00ed tambi\u00e9n\u00bb\u00a0<\/p>\n<p>Puede escuchar a Luis Garc\u00eda Jambrina aqu\u00ed:<\/p>\n<p><a href=\"https:\/\/noticiasciudadrodrigo.com\/wp-content\/uploads\/2025\/09\/Luis-Garcia-Jambrina.mp3\" rel=\"nofollow noopener\" target=\"_blank\">https:\/\/noticiasciudadrodrigo.com\/wp-content\/uploads\/2025\/09\/Luis-Garcia-Jambrina.mp3<\/a><\/p>\n<p>\u00a0<\/p>\n<p><strong>El comentario sobre \u00abEl manuscrito de piedra\u00bb<\/strong><\/p>\n<p><a href=\"https:\/\/www.europesays.com\/es\/wp-content\/uploads\/2025\/09\/La-Fuentona-2.jpg\"><img loading=\"lazy\" decoding=\"async\" class=\"aligncenter size-full wp-image-135528\" src=\"https:\/\/www.europesays.com\/es\/wp-content\/uploads\/2025\/09\/La-Fuentona-2.jpg\" alt=\"\" width=\"1024\" height=\"461\"  \/><\/a><\/p>\n<p>Como en cada sesi\u00f3n, <strong>Noticias Ciudad Rodrigo y Radio \u00c1gueda publican la opini\u00f3n de una de las componentes del Club de Lectura \u00abLa Fuentona\u00bb de La Fuente de San Esteban<\/strong> sobre el libro que han le\u00eddo, en este caso \u00abEl manuscrito de piedra\u00bb. <strong>Esta es la opini\u00f3n de Loli:<\/strong><\/p>\n<p><a href=\"https:\/\/noticiasciudadrodrigo.com\/wp-content\/uploads\/2025\/09\/Loli.mp3\" rel=\"nofollow noopener\" target=\"_blank\">https:\/\/noticiasciudadrodrigo.com\/wp-content\/uploads\/2025\/09\/Loli.mp3<\/a><\/p>\n<p>\u00abMe llamo Manuela, pero todo el mundo me llama Loli. Pertenezco al club de lectura de mi pueblo, de La Fuente de San Esteban. Para m\u00ed es un orgullo pertenecer al club y hemos le\u00eddo un libro que nos ha encantado a todas. Y es un libro que recomiendo porque habla de nuestra Salamanca. Es historia, es intriga\u2026 es una mezcla explosiva de personajes hist\u00f3ricos metidos, como he dicho, en un coctelera, mueves, abres la coctelera y luego cada uno va a su sitio, cada uno tiene su lugar. El libro se lee estupend\u00edsimamente bien. Es muy educativo, es \u00abEl manuscrito de piedra\u00bb, hemos tenido el orgullo de tener aqu\u00ed al escritor. As\u00ed que la verdad ha sido una tarde maravillosa.\u00bb<\/p>\n<p>El pr\u00f3ximo libro que van a leer en este club de lectura es \u00abHistorias de mujeres\u00bb de Rosa Montero.<\/p>\n<p><strong>\u00abMirolibro\u00bb, grupo invitado a la sesi\u00f3n<\/strong><\/p>\n<p>Como grupo invitado a la sesi\u00f3n, dos miembros de Mirolibro, taller de cultura y libros de la Biblioteca Municipal de Ciudad Rodrigo,\u00a0 han participado . El pasado mes de junio, una representante del club de lectura \u00abLa Fuentona\u00bb estuvo en la fiesta de la lectura con la que finaliz\u00f3 el curso el grupo Mirolibro. De este modo, <strong>se contin\u00faan entrelazando las hebras de lectura y la afici\u00f3n a la literatura entre\u00a0 diferentes puntos de la comarca.\u00a0<\/strong><\/p>\n","protected":false},"excerpt":{"rendered":"Luis Garc\u00eda Jambrina en el club de lectura \u00abLa Fuentona\u00bb de La Fuente de San Esteban Las participantes&hellip;\n","protected":false},"author":2,"featured_media":141160,"comment_status":"","ping_status":"","sticky":false,"template":"","format":"standard","meta":{"footnotes":""},"categories":[172],"tags":[224,31140,146,147,25,24,43937,43938,225,43939,27251,27252,23],"class_list":{"0":"post-141159","1":"post","2":"type-post","3":"status-publish","4":"format-standard","5":"has-post-thumbnail","7":"category-libros","8":"tag-books","9":"tag-club-de-lectura","10":"tag-entertainment","11":"tag-entretenimiento","12":"tag-es","13":"tag-espana","14":"tag-la-fuente-de-san-esteban","15":"tag-la-fuentona","16":"tag-libros","17":"tag-luis-garcia-jambrina","18":"tag-noticias-ciudad-rodrigo","19":"tag-noticias-salamanca","20":"tag-spain"},"share_on_mastodon":{"url":"","error":""},"_links":{"self":[{"href":"https:\/\/www.europesays.com\/es\/wp-json\/wp\/v2\/posts\/141159","targetHints":{"allow":["GET"]}}],"collection":[{"href":"https:\/\/www.europesays.com\/es\/wp-json\/wp\/v2\/posts"}],"about":[{"href":"https:\/\/www.europesays.com\/es\/wp-json\/wp\/v2\/types\/post"}],"author":[{"embeddable":true,"href":"https:\/\/www.europesays.com\/es\/wp-json\/wp\/v2\/users\/2"}],"replies":[{"embeddable":true,"href":"https:\/\/www.europesays.com\/es\/wp-json\/wp\/v2\/comments?post=141159"}],"version-history":[{"count":0,"href":"https:\/\/www.europesays.com\/es\/wp-json\/wp\/v2\/posts\/141159\/revisions"}],"wp:featuredmedia":[{"embeddable":true,"href":"https:\/\/www.europesays.com\/es\/wp-json\/wp\/v2\/media\/141160"}],"wp:attachment":[{"href":"https:\/\/www.europesays.com\/es\/wp-json\/wp\/v2\/media?parent=141159"}],"wp:term":[{"taxonomy":"category","embeddable":true,"href":"https:\/\/www.europesays.com\/es\/wp-json\/wp\/v2\/categories?post=141159"},{"taxonomy":"post_tag","embeddable":true,"href":"https:\/\/www.europesays.com\/es\/wp-json\/wp\/v2\/tags?post=141159"}],"curies":[{"name":"wp","href":"https:\/\/api.w.org\/{rel}","templated":true}]}}