{"id":141163,"date":"2025-09-26T23:33:09","date_gmt":"2025-09-26T23:33:09","guid":{"rendered":"https:\/\/www.europesays.com\/es\/141163\/"},"modified":"2025-09-26T23:33:09","modified_gmt":"2025-09-26T23:33:09","slug":"para-mi-el-fulion-es-una-energia-en-la-que-cada-uno-suma-lo-que-tiene","status":"publish","type":"post","link":"https:\/\/www.europesays.com\/es\/141163\/","title":{"rendered":"\u201cPara m\u00ed el fuli\u00f3n es una energ\u00eda en la que cada uno suma lo que tiene\u201d"},"content":{"rendered":"<p class=\"paragraph-atom  question&#10;        B-600-300-700-N  \"><strong class=\"mr-3\">Pregunta.<\/strong><strong>\u00bfC\u00f3mo se presenta el estreno de este corto?<\/strong><\/p>\n<p class=\"paragraph-atom  answer&#10;        B-600-300-700-N  \"><strong class=\"mr-3\">Respuesta.<\/strong>Estamos muy contentos, ya que la gente responde muy bien. La presentaci\u00f3n oficial es el lunes en Ourense, pero esto se merec\u00eda otro trato potente, asegurando que los protagonistas disfrutaran de un acto para ellos, no tan corporativo. Una excusa para que sea una xuntanza de todos los fuliones, m\u00e1s haciendo coincidir el corto con el reconocimiento de Fiesta de Inter\u00e9s tur\u00edstico Nacional.<\/p>\n<p class=\"paragraph-atom  question&#10;        B-600-300-700-N  \"><strong class=\"mr-3\">P.<\/strong><strong>\u00bfPor qu\u00e9 Cernado para su cortometraje?<\/strong><\/p>\n<p class=\"paragraph-atom  answer&#10;        B-600-300-700-N  \"><strong class=\"mr-3\">R.<\/strong>Haciendo otro trabajo, descubr\u00ed esta zona. Est\u00e1bamos preparando un documental de Adolfo Dom\u00ednguez, y buscando grabar algo de sus ra\u00edces, llegamos a Cernado y a contactar con sus pocos vecinos. Entr\u00e9 all\u00ed hace 3 a\u00f1os y me acogieron fenomenal. Conociendo el entroido y sumado a que tengo mucha cultura antropol\u00f3gica, vi las m\u00e1zcaras y aquello me gust\u00f3. Tambi\u00e9n este corto es una manera de darle un retorno a una gente que en su momento me abri\u00f3 la puesta de su casa, como Joaqu\u00edn y Carmi\u00f1a, abuelos de Aimar.<\/p>\n<p class=\"paragraph-atom  question&#10;        B-600-300-700-N  \"><strong class=\"mr-3\">P.<\/strong><strong>\u00bfC\u00f3mo define lo vivido en ese entroido?<\/strong><\/p>\n<p class=\"paragraph-atom  answer&#10;        B-600-300-700-N  \"><strong class=\"mr-3\">R.<\/strong>El fuli\u00f3n es una energ\u00eda en la que cada uno suma lo que tiene y al final tu ves el bosque entero.<\/p>\n<p class=\"paragraph-atom  question&#10;        B-600-300-700-N  \"><strong class=\"mr-3\">P.<\/strong><strong>Y Aimar, \u00bfqu\u00e9 decir de este actor local?<\/strong><\/p>\n<p class=\"paragraph-atom  answer&#10;        B-600-300-700-N  \"><strong class=\"mr-3\">R.<\/strong>Conoc\u00ed a Aimar porque su abuela Carmi\u00f1a me habl\u00f3 de \u00e9l en mi primera visita a Cernado, y nos pusimos en contacto. Nos separan cerca de 40 a\u00f1os. \u00c9l es puro Z y yo un boomer. \u00c9l hace un ejercicio de transgeneraci\u00f3n, \u00e9l empieza a narrar y yo estoy en camino de vuelta, y eso es bastante interesante porque te quita lo previsible.<\/p>\n<p class=\"paragraph-atom  question&#10;        B-600-300-700-N  \"><strong class=\"mr-3\">P.<\/strong><strong>\u00bfC\u00f3mo fue el rodaje?<\/strong><\/p>\n<p class=\"paragraph-atom  answer&#10;        B-600-300-700-N  \"><strong class=\"mr-3\">R.<\/strong>Hemos sido hiperrespetuosos en todo momento. Adem\u00e1s no hubo que cortar ni una sola vez. No quisimos hacer un documental al uso. El estilo del documental nuestro no es observacional pero en este caso sab\u00edamos que no pod\u00edamos intervenir. Seguimos un criterio cinematogr\u00e1fico, no televisivo. No hai voz en off, aqu\u00ed, addem\u00e1s de Aimar, habla la actriz Mariana Carballal, Carlos N\u00fa\u00f1ez y Rafa Quint\u00eda.<\/p>\n<p class=\"paragraph-atom  question&#10;        B-600-300-700-N  \"><strong class=\"mr-3\">P.<\/strong><strong>\u00bfCon qu\u00e9 medios cont\u00f3 en para hacer este documental?<\/strong><\/p>\n<p class=\"paragraph-atom  answer&#10;        B-600-300-700-N  \"><strong class=\"mr-3\">R.<\/strong>Eran tres c\u00e1maras, un operador de sonido, y un dron con gran precisi\u00f3n. Pero este sue\u00f1o pude hacerlo realidad gracias a Andaman Multimedia e Mirabelle Comunicaci\u00f3n, que son para abrazar. Yo no podr\u00eda haber hecho esto sin Roc\u00edo Gonz\u00e1lez y Miguel Mart\u00ednez.<\/p>\n<p class=\"paragraph-atom  question&#10;        B-600-300-700-N  \"><strong class=\"mr-3\">P.<\/strong><strong>\u00bfPiensa en dar continuidad a esto y hacer largometraje?<\/strong><\/p>\n<p class=\"paragraph-atom  answer&#10;        B-600-300-700-N  \"><strong class=\"mr-3\">R.<\/strong>Por supuesto, esto solo es un corto para hacer mucho ruido, ver el potencial, justo ahora que este entroido es nombrado fiesta de inter\u00e9s nacional y hacer un documental completo con todos estos entroidos, incluyendo patrimonio de toda la comarca.<\/p>\n<p class=\"paragraph-atom  question&#10;        B-600-300-700-N  \"><strong class=\"mr-3\">P.<\/strong><strong>Aunque este documental es  grabado en A Mourela Pra Ac\u00e1, \u00bfhabr\u00e1 representaci\u00f3n de los dem\u00e1s fuliones de la zona en este prestreno?<\/strong><\/p>\n<p class=\"paragraph-atom  answer&#10;        B-600-300-700-N  \"><strong class=\"mr-3\">R.<\/strong>Por supuesto, he hablado con Jorge Minas representado al entroido de Viana, Marcos Mac\u00eda de Vilari\u00f1o, y de los de Manzaneda, estar\u00e1 Javi Dom\u00ednguez, Daniel Dom\u00ednguez, Dani \u00c1lvarez, entre otros. Un reflejo de gente entre 40 y 45 a\u00f1os que han conseguido levantar y mantener esta celebraci\u00f3n. n<\/p>\n<p>\n        Relacionado\n    <\/p>\n","protected":false},"excerpt":{"rendered":"Pregunta.\u00bfC\u00f3mo se presenta el estreno de este corto? Respuesta.Estamos muy contentos, ya que la gente responde muy bien.&hellip;\n","protected":false},"author":2,"featured_media":141164,"comment_status":"","ping_status":"","sticky":false,"template":"","format":"standard","meta":{"footnotes":""},"categories":[169],"tags":[177,411,3678,146,147,25,24,176,175,43940,38604,23,17194],"class_list":{"0":"post-141163","1":"post","2":"type-post","3":"status-publish","4":"format-standard","5":"has-post-thumbnail","7":"category-cine","8":"tag-cine","9":"tag-director","10":"tag-do","11":"tag-entertainment","12":"tag-entretenimiento","13":"tag-es","14":"tag-espana","15":"tag-film","16":"tag-movies","17":"tag-pepelu","18":"tag-segredo","19":"tag-spain","20":"tag-vinas"},"share_on_mastodon":{"url":"","error":""},"_links":{"self":[{"href":"https:\/\/www.europesays.com\/es\/wp-json\/wp\/v2\/posts\/141163","targetHints":{"allow":["GET"]}}],"collection":[{"href":"https:\/\/www.europesays.com\/es\/wp-json\/wp\/v2\/posts"}],"about":[{"href":"https:\/\/www.europesays.com\/es\/wp-json\/wp\/v2\/types\/post"}],"author":[{"embeddable":true,"href":"https:\/\/www.europesays.com\/es\/wp-json\/wp\/v2\/users\/2"}],"replies":[{"embeddable":true,"href":"https:\/\/www.europesays.com\/es\/wp-json\/wp\/v2\/comments?post=141163"}],"version-history":[{"count":0,"href":"https:\/\/www.europesays.com\/es\/wp-json\/wp\/v2\/posts\/141163\/revisions"}],"wp:featuredmedia":[{"embeddable":true,"href":"https:\/\/www.europesays.com\/es\/wp-json\/wp\/v2\/media\/141164"}],"wp:attachment":[{"href":"https:\/\/www.europesays.com\/es\/wp-json\/wp\/v2\/media?parent=141163"}],"wp:term":[{"taxonomy":"category","embeddable":true,"href":"https:\/\/www.europesays.com\/es\/wp-json\/wp\/v2\/categories?post=141163"},{"taxonomy":"post_tag","embeddable":true,"href":"https:\/\/www.europesays.com\/es\/wp-json\/wp\/v2\/tags?post=141163"}],"curies":[{"name":"wp","href":"https:\/\/api.w.org\/{rel}","templated":true}]}}