{"id":141167,"date":"2025-09-26T23:36:15","date_gmt":"2025-09-26T23:36:15","guid":{"rendered":"https:\/\/www.europesays.com\/es\/141167\/"},"modified":"2025-09-26T23:36:15","modified_gmt":"2025-09-26T23:36:15","slug":"telma-ortiz-hermana-de-la-reina-letizia-se-separa-de-robert-gavin-bonnar-tras-seis-anos-de-relacion","status":"publish","type":"post","link":"https:\/\/www.europesays.com\/es\/141167\/","title":{"rendered":"Telma Ortiz, hermana de la Reina Letizia, se separa de Robert Gavin Bonnar tras seis a\u00f1os de relaci\u00f3n"},"content":{"rendered":"<p>26\/09\/2025<br \/>\n<br \/><strong><br \/>\nActualizado a las 21:25h.<br \/>\n<\/strong><\/p>\n<p class=\"voc-p\" style=\"\">Telma Ortiz, hermana de la Reina Letizia, y su hasta ahora pareja, el abogado Robert Gavin Bonnar, <strong>han puesto fin a su relaci\u00f3n <\/strong>despu\u00e9s de seis a\u00f1os. Si bien la ruptura ha salido ahora a la luz, se produjo hace aproximadamente un a\u00f1o, cuando dejaron de convivir en el domicilio que compart\u00edan en Madrid, seg\u00fan publica este viernes &#8216;Vanitatis&#8217;. <\/p>\n<p class=\"voc-p\" style=\"\">Ambos comenzaron su romance <strong>a principios de 2019 <\/strong>e hicieron su primera aparici\u00f3n p\u00fablica juntos en un concierto de Carla Bruni en Barcelona poco despu\u00e9s. Oficializaron su relaci\u00f3n meses m\u00e1s tarde, en los Premios Princesa de Asturias, a los que asistieron junto a la Reina Letizia y sus hijas. <\/p>\n<p class=\"voc-p\" style=\"\">Los dos <strong>tienen una hija, Erin,<\/strong> nacida en agosto de 2021, si bien ambos aportaban otros a la pareja fruto de relaciones anteriores. Ortiz tuvo su primera hija, Amanda, con el abogado Enrique Mart\u00edn Llop; mientras que Bonnar ten\u00eda dos de una relaci\u00f3n anterior con Sharon Corr, violinista y cantante del grupo irland\u00e9s The Corrs.<\/p>\n<p class=\"voc-p\" style=\"\">Adem\u00e1s de su relaci\u00f3n con Mart\u00edn Llop, Ortiz contrajo <strong>matrimonio con Jaime del Burgo<\/strong> en 2012, uni\u00f3n que termin\u00f3 en 2016.<\/p>\n<p class=\"voc-p\" style=\"\">En la actualidad, ambos <strong>mantienen su vida personal en la m\u00e1s estricta reserva<\/strong>, centrados en el bienestar de su hija peque\u00f1a, a la que cuidan de manera compartida.<\/p>\n<p>Reportar un error<\/p>\n","protected":false},"excerpt":{"rendered":"26\/09\/2025 Actualizado a las 21:25h. Telma Ortiz, hermana de la Reina Letizia, y su hasta ahora pareja, el&hellip;\n","protected":false},"author":2,"featured_media":141168,"comment_status":"","ping_status":"","sticky":false,"template":"","format":"standard","meta":{"footnotes":""},"categories":[91],"tags":[988,43944,146,147,25,24,43943,11317,11644,5971,10717,5977,12027,1139,43942,23,43941,575],"class_list":{"0":"post-141167","1":"post","2":"type-post","3":"status-publish","4":"format-standard","5":"has-post-thumbnail","7":"category-entretenimiento","8":"tag-anos","9":"tag-bonnar","10":"tag-entertainment","11":"tag-entretenimiento","12":"tag-es","13":"tag-espana","14":"tag-gavin","15":"tag-hermana","16":"tag-letizia","17":"tag-ortiz","18":"tag-reina","19":"tag-relacion","20":"tag-robert","21":"tag-seis","22":"tag-separa","23":"tag-spain","24":"tag-telma","25":"tag-tras"},"share_on_mastodon":{"url":"","error":""},"_links":{"self":[{"href":"https:\/\/www.europesays.com\/es\/wp-json\/wp\/v2\/posts\/141167","targetHints":{"allow":["GET"]}}],"collection":[{"href":"https:\/\/www.europesays.com\/es\/wp-json\/wp\/v2\/posts"}],"about":[{"href":"https:\/\/www.europesays.com\/es\/wp-json\/wp\/v2\/types\/post"}],"author":[{"embeddable":true,"href":"https:\/\/www.europesays.com\/es\/wp-json\/wp\/v2\/users\/2"}],"replies":[{"embeddable":true,"href":"https:\/\/www.europesays.com\/es\/wp-json\/wp\/v2\/comments?post=141167"}],"version-history":[{"count":0,"href":"https:\/\/www.europesays.com\/es\/wp-json\/wp\/v2\/posts\/141167\/revisions"}],"wp:featuredmedia":[{"embeddable":true,"href":"https:\/\/www.europesays.com\/es\/wp-json\/wp\/v2\/media\/141168"}],"wp:attachment":[{"href":"https:\/\/www.europesays.com\/es\/wp-json\/wp\/v2\/media?parent=141167"}],"wp:term":[{"taxonomy":"category","embeddable":true,"href":"https:\/\/www.europesays.com\/es\/wp-json\/wp\/v2\/categories?post=141167"},{"taxonomy":"post_tag","embeddable":true,"href":"https:\/\/www.europesays.com\/es\/wp-json\/wp\/v2\/tags?post=141167"}],"curies":[{"name":"wp","href":"https:\/\/api.w.org\/{rel}","templated":true}]}}