{"id":141177,"date":"2025-09-26T23:41:29","date_gmt":"2025-09-26T23:41:29","guid":{"rendered":"https:\/\/www.europesays.com\/es\/141177\/"},"modified":"2025-09-26T23:41:29","modified_gmt":"2025-09-26T23:41:29","slug":"el-nuevo-hospital-royo-villanova-de-zaragoza-duplicara-su-superficie-y-se-estrenara-en-2030","status":"publish","type":"post","link":"https:\/\/www.europesays.com\/es\/141177\/","title":{"rendered":"El nuevo hospital Royo Villanova de Zaragoza duplicar\u00e1 su superficie y se estrenar\u00e1 en 2030"},"content":{"rendered":"<p>            El nuevo hospital Royo Villanova de Zaragoza duplicar\u00e1 su superficie y se estrenar\u00e1 en 2030                <\/p>\n<p>El nuevo hospital Royo Villanova de Zaragoza duplicar\u00e1 su superficie y se estrenar\u00e1 en 2030<\/p>\n<p class=\"epigraph\">Se prev\u00e9 construir junto a la rotonda de la MAZ y su gesti\u00f3n ser\u00e1 p\u00fablica. Tendr\u00e1 352 camas, de las que 52 ser\u00e1n de uci, contar\u00e1 con 12 quir\u00f3fanos y 144 consultas.\u00a0<\/p>\n<p class=\"paragraph\">El nuevo hospital de la Margen Izquierda de Zaragoza <b>duplicar\u00e1 con creces la superficie del <a href=\"https:\/\/www.heraldo.es\/noticias\/aragon\/2025\/09\/24\/azcon-anuncia-la-construccion-de-un-nuevo-hospital-royo-villanova-de-zaragoza-por-200-millones-de-euros-1856452.html\" title=\"Azc\u00f3n anuncia la construcci\u00f3n de un nuevo hospital Royo Villanova de Zaragoza por 200 millones de euros\" rel=\"nofollow noopener\" target=\"_blank\">hospital Royo Villanova<\/a> al que sustituir\u00e1 a partir de 2030<\/b> con la pretensi\u00f3n de descongestionar la asistencia sanitaria. As\u00ed lo han asegurado el consejero de Sanidad, Jos\u00e9 Luis Bancalero, y el gerente del sector I de Zaragoza, Luis G\u00f3mez, quienes han detallado que con los 66.000-70.000 metros cuadrados previstos se podr\u00e1 aumentar el n\u00famero de camas (de 257 a 352), incluidas las de UCI (de 28 a 52), adem\u00e1s de las consultas (de 77 a 144), los gabinetes de atenci\u00f3n (de 22 a 52) y los quir\u00f3fanos (de 7 a 12).\u00a0<\/p>\n<p>            Conforme a los criterios de<br \/>\n            <a class=\"trustproject_img\" id=\"trustproject_img\" href=\"https:\/\/thetrustproject.org\/\" target=\"_blank\" rel=\"nofollow noopener\" aria-label=\"Trust Project\"><img decoding=\"async\" loading=\"lazy\" src=\"https:\/\/www.heraldo.es\/images\/Trust-Logo-Horizontal.svg\" alt=\"Logo Trust Project\" width=\"200\" height=\"34\"\/><\/a><\/p>\n<p>        <a href=\"https:\/\/www.henneo.com\/\" title=\"Grupo Henneo\" class=\"logo\" rel=\"nofollow noopener\" target=\"_blank\"><br \/>\n            <img decoding=\"async\" src=\"https:\/\/www.heraldo.es\/images\/logo_henneo_gris.svg\" alt=\"Logo Henneo\" width=\"559\" height=\"389\" loading=\"lazy\"\/><br \/>\n        <\/a><\/p>\n<p>\u00a9 HERALDO DE ARAGON EDITORA, S.L.U.<br \/>Tel\u00e9fono 976 765 000 \/ &#8211; P\u00ba. Independencia, 29, 50001 Zaragoza &#8211; CIF: B99288763 &#8211; Inscrita en el Registro Mercantil de Zaragoza al Tomo 3796, Libro 0, Folio 177, Secci\u00f3n 8, Hoja Z-50564<br \/>Queda prohibida toda reproducci\u00f3n sin permiso escrito de la empresa a los efectos del art\u00edculo 32.1, p\u00e1rrafo segundo, de la Ley de Propiedad Intelectual<\/p>\n<p>\n                P\u00ba Independencia, 29, 50001 Zaragoza<br \/> Tel\u00e9fono 976 765 000\n            <\/p>\n<p>                    Actualmente tu navegador no permite ejecutar JavaScript. Para poder disfrutar de nuestro contenido es necesario que lo permita.<br \/>\n                                        <img decoding=\"async\" loading=\"lazy\" alt=\"Heraldo logo\" src=\"https:\/\/dkumiip2e9ary.cloudfront.net\/xalok\/heraldo\/especiales\/hola-de-nuevo\/logo-heraldo.svg\" width=\"215\" height=\"43\"\/><\/p>\n","protected":false},"excerpt":{"rendered":"El nuevo hospital Royo Villanova de Zaragoza duplicar\u00e1 su superficie y se estrenar\u00e1 en 2030 El nuevo hospital&hellip;\n","protected":false},"author":2,"featured_media":141178,"comment_status":"","ping_status":"","sticky":false,"template":"","format":"standard","meta":{"footnotes":""},"categories":[5],"tags":[17,18,8742,25,24,3247,13,14,11,19,20,9,10,15,16,23,5711,12,21,22,43946,491],"class_list":{"0":"post-141177","1":"post","2":"type-post","3":"status-publish","4":"format-standard","5":"has-post-thumbnail","7":"category-titulares","8":"tag-breaking-news","9":"tag-breakingnews","10":"tag-duplicara","11":"tag-es","12":"tag-espana","13":"tag-estrenara","14":"tag-featured-news","15":"tag-featurednews","16":"tag-headlines","17":"tag-latest-news","18":"tag-latestnews","19":"tag-news","20":"tag-noticias","21":"tag-noticias-destacadas","22":"tag-noticiasdestacadas","23":"tag-spain","24":"tag-superficie","25":"tag-titulares","26":"tag-ultimas-noticias","27":"tag-ultimasnoticias","28":"tag-villanova","29":"tag-zaragoza"},"share_on_mastodon":{"url":"","error":""},"_links":{"self":[{"href":"https:\/\/www.europesays.com\/es\/wp-json\/wp\/v2\/posts\/141177","targetHints":{"allow":["GET"]}}],"collection":[{"href":"https:\/\/www.europesays.com\/es\/wp-json\/wp\/v2\/posts"}],"about":[{"href":"https:\/\/www.europesays.com\/es\/wp-json\/wp\/v2\/types\/post"}],"author":[{"embeddable":true,"href":"https:\/\/www.europesays.com\/es\/wp-json\/wp\/v2\/users\/2"}],"replies":[{"embeddable":true,"href":"https:\/\/www.europesays.com\/es\/wp-json\/wp\/v2\/comments?post=141177"}],"version-history":[{"count":0,"href":"https:\/\/www.europesays.com\/es\/wp-json\/wp\/v2\/posts\/141177\/revisions"}],"wp:featuredmedia":[{"embeddable":true,"href":"https:\/\/www.europesays.com\/es\/wp-json\/wp\/v2\/media\/141178"}],"wp:attachment":[{"href":"https:\/\/www.europesays.com\/es\/wp-json\/wp\/v2\/media?parent=141177"}],"wp:term":[{"taxonomy":"category","embeddable":true,"href":"https:\/\/www.europesays.com\/es\/wp-json\/wp\/v2\/categories?post=141177"},{"taxonomy":"post_tag","embeddable":true,"href":"https:\/\/www.europesays.com\/es\/wp-json\/wp\/v2\/tags?post=141177"}],"curies":[{"name":"wp","href":"https:\/\/api.w.org\/{rel}","templated":true}]}}