{"id":141179,"date":"2025-09-26T23:42:13","date_gmt":"2025-09-26T23:42:13","guid":{"rendered":"https:\/\/www.europesays.com\/es\/141179\/"},"modified":"2025-09-26T23:42:13","modified_gmt":"2025-09-26T23:42:13","slug":"el-rocasa-b-levanta-el-telon-de-plata-ante-el-balonmano-gijon","status":"publish","type":"post","link":"https:\/\/www.europesays.com\/es\/141179\/","title":{"rendered":"El Rocasa B levanta el tel\u00f3n de Plata ante el Balonmano Gij\u00f3n"},"content":{"rendered":"<p style=\"text-align:justify;\">El Rocasa Gran Canaria B levanta este s\u00e1bado (18.30 horas, Pabell\u00f3n La Tejerona) ante el Balonmano Gij\u00f3n el tel\u00f3n de la temporada 2025-2026 en la Divisi\u00f3n de Honor Plata en la que es su tercera participaci\u00f3n consecutiva en la tercera categor\u00eda nacional, siendo el \u00fanico filial en el grupo A.<\/p>\n<p style=\"text-align:justify;\">\u00a0<\/p>\n<p style=\"text-align:justify;\">El filial verdillo asume su condici\u00f3n de equipo formador con una plantilla que mantiene el bloque que qued\u00f3 quinta la temporada pasada, a doce puntos de la segunda plaza que daba acceso a la promoci\u00f3n de ascenso a Divisi\u00f3n de Honor Oro en la que particip\u00f3 el equipo gijon\u00e9s qued\u00e1ndose a las puertas de la subida.<\/p>\n<p style=\"text-align:justify;\">\u00a0<\/p>\n<p style=\"text-align:justify;\">En declaraciones a este peri\u00f3dico, el entrenador Ricardo Aguilera ha asegurado que las sensaciones \u00abson muy buenas\u00bb. \u00abEstoy muy contento con el trabajo de las chicas en estas seis semanas de pretemporada, que ha sido un poco m\u00e1s larga y mejor que otros a\u00f1os gracias a la Copa Canaria. Ha habido m\u00e1s equipos y m\u00e1s partidos, y los resultados han sido positivos: quedamos segundos, ganando todos los encuentros salvo el disputado contra el Puerto del Carmen, que perdimos solo por un gol\u00bb.<\/p>\n<p style=\"text-align:justify;\">\u00a0<\/p>\n<p style=\"text-align:justify;\">En cuanto a los objetivos, Aguilera asegura que \u00abson claros\u00bb: seguir formando jugadoras, \u00abcompetir en todos los partidos\u00bb y tratar de igualar los \u00abbuenos resultados\u00bb de temporadas anteriores. Asegura que el grupo en el que ha sido encuadrado su equipo ha cambiado con la inclusi\u00f3n de La Perdomo de Tenerife y con Gij\u00f3n como primer rival. \u00abEs un equipo que no se nos da especialmente bien: all\u00ed solo hemos ganado una vez y en casa tambi\u00e9n hemos tenido dificultades. El a\u00f1o pasado jugaron fases de ascenso y quedaron segundos, as\u00ed que es uno de los equipos m\u00e1s fuertes. Aun as\u00ed, tambi\u00e9n han tenido bajas e incorporaciones\u00bb.<\/p>\n<p style=\"text-align:justify;\">\u00a0<\/p>\n<p style=\"text-align:justify;\">El t\u00e9cnico conluye: \u00abLlegamos al debut con buenas sensaciones, aunque tambi\u00e9n con alguna baja, que es el aspecto m\u00e1s negativo. Aun as\u00ed, estoy seguro de que haremos un buen papel y competiremos\u00bb.<\/p>\n<p style=\"text-align:justify;\">\u00a0<\/p>\n","protected":false},"excerpt":{"rendered":"El Rocasa Gran Canaria B levanta este s\u00e1bado (18.30 horas, Pabell\u00f3n La Tejerona) ante el Balonmano Gij\u00f3n el&hellip;\n","protected":false},"author":2,"featured_media":141180,"comment_status":"","ping_status":"","sticky":false,"template":"","format":"standard","meta":{"footnotes":""},"categories":[278],"tags":[376,1896,6219,26502,209,168,7051,1180,2958,25,2586,32619,24,41854,18496,41855,1897,375,1854,41851,32605,11741,12728,3641,6238,41852,10,1925,2330,41856,41853,492,23,167,29725,41850,1370,159,12,1529,21],"class_list":{"0":"post-141179","1":"post","2":"type-post","3":"status-publish","4":"format-standard","5":"has-post-thumbnail","7":"category-balonmano","8":"tag-balonmano","9":"tag-canarias","10":"tag-canary-islands","11":"tag-cartas-al-director","12":"tag-cultura","13":"tag-deportes","14":"tag-diario-digital","15":"tag-editorial","16":"tag-entrevistas","17":"tag-es","18":"tag-espaa","19":"tag-espagne","20":"tag-espana","21":"tag-fotodenuncia","22":"tag-fuerteventura","23":"tag-gomera","24":"tag-gran-canaria","25":"tag-handball","26":"tag-hierro","27":"tag-informacin","28":"tag-informacion-general","29":"tag-islas-canarias","30":"tag-la-palma","31":"tag-lanzarote","32":"tag-las-palmas","33":"tag-majadero","34":"tag-noticias","35":"tag-opinion","36":"tag-prensa","37":"tag-prensa-espaola","38":"tag-pulsometro","39":"tag-sociedad","40":"tag-spain","41":"tag-sports","42":"tag-telde","43":"tag-teldeactualidad","44":"tag-tenerife","45":"tag-tiempo","46":"tag-titulares","47":"tag-ultima-hora","48":"tag-ultimas-noticias"},"share_on_mastodon":{"url":"","error":""},"_links":{"self":[{"href":"https:\/\/www.europesays.com\/es\/wp-json\/wp\/v2\/posts\/141179","targetHints":{"allow":["GET"]}}],"collection":[{"href":"https:\/\/www.europesays.com\/es\/wp-json\/wp\/v2\/posts"}],"about":[{"href":"https:\/\/www.europesays.com\/es\/wp-json\/wp\/v2\/types\/post"}],"author":[{"embeddable":true,"href":"https:\/\/www.europesays.com\/es\/wp-json\/wp\/v2\/users\/2"}],"replies":[{"embeddable":true,"href":"https:\/\/www.europesays.com\/es\/wp-json\/wp\/v2\/comments?post=141179"}],"version-history":[{"count":0,"href":"https:\/\/www.europesays.com\/es\/wp-json\/wp\/v2\/posts\/141179\/revisions"}],"wp:featuredmedia":[{"embeddable":true,"href":"https:\/\/www.europesays.com\/es\/wp-json\/wp\/v2\/media\/141180"}],"wp:attachment":[{"href":"https:\/\/www.europesays.com\/es\/wp-json\/wp\/v2\/media?parent=141179"}],"wp:term":[{"taxonomy":"category","embeddable":true,"href":"https:\/\/www.europesays.com\/es\/wp-json\/wp\/v2\/categories?post=141179"},{"taxonomy":"post_tag","embeddable":true,"href":"https:\/\/www.europesays.com\/es\/wp-json\/wp\/v2\/tags?post=141179"}],"curies":[{"name":"wp","href":"https:\/\/api.w.org\/{rel}","templated":true}]}}