{"id":141181,"date":"2025-09-26T23:45:13","date_gmt":"2025-09-26T23:45:13","guid":{"rendered":"https:\/\/www.europesays.com\/es\/141181\/"},"modified":"2025-09-26T23:45:13","modified_gmt":"2025-09-26T23:45:13","slug":"por-que-rahm-compite-gratis-y-sus-oponentes-reciben-500-000-dolares","status":"publish","type":"post","link":"https:\/\/www.europesays.com\/es\/141181\/","title":{"rendered":"\u00bfPor qu\u00e9 Rahm compite gratis y sus oponentes reciben 500.000 d\u00f3lares?"},"content":{"rendered":"<p>    Noticias relacionadas<\/p>\n<p class=\"paragraph\" id=\"paragraph_1\">El campo de <strong>Bethpage Black en Nueva York<\/strong> acoge hasta el pr\u00f3ximo 28 de septiembre la <strong>edici\u00f3n n\u00famero 45 de la Ryder Cup<\/strong>, una de las batallas m\u00e1s esperadas donde se miden los mejores golfistas de Europa y de Estados Unidos. En total, <strong>12 jugadores norteamericanos y otros 12 europeos<\/strong> luchar\u00e1n por <strong>alcanzar los 14,5 puntos<\/strong> que garantizan la copa de oro, un torneo que Jon Rahm alz\u00f3 hace dos a\u00f1os, en 2023.<\/p>\n<p class=\"paragraph\" id=\"paragraph_2\">Se trata de una competici\u00f3n que no ofrece premios econ\u00f3micos, pero <strong>la Professional Golfers&#8217; Association (PGA) da a los golfistas estadounidenses 500.000 d\u00f3lares<\/strong> por competir, de los cuales <strong>300.000 se destinan a obras ben\u00e9ficas<\/strong>. Los jugadores europeos, entre los que se encuentra el de Barrika, no reciben compensaci\u00f3n.<\/p>\n<p><img loading=\"lazy\" decoding=\"async\" alt=\"Jon Rahm disputa el d\u00e9cimo encuentro del LIV Golf 2025 en Andalucia\" height=\"180\" src=\"https:\/\/www.europesays.com\/es\/wp-content\/uploads\/2025\/09\/1003742683240_15043958_320x180.jpg\" width=\"320\" data-lazy-status=\"processed\" data-lazy-info=\"remove loading item 1\"\/><\/p>\n<p class=\"paragraph\" id=\"paragraph_3\">El duelo promete teniendo en cuenta que se ver\u00e1n cara a cara los dos jugadores que se han repartido el n\u00famero uno del ranking desde febrero de 2023: <strong>Scottie Scheffler<\/strong>, actual golfista que encabeza el ranking, y el vizca\u00edno Jon Rahm. El estadounidense, adem\u00e1s de lucir el cartel de n\u00famero uno, tambi\u00e9n recibir\u00e1 dicho premio econ\u00f3mico por parte de la PGA, algo que no ha pasado desapercibido.<\/p>\n<p><img decoding=\"async\" alt=\"Jon Rahm, disputando el octavo encuentro del LIV Golf 2025 en Virginia\" data-imgm=\"true\" height=\"180\" loading=\"lazy\"  src=\"https:\/\/www.europesays.com\/es\/wp-content\/uploads\/2025\/09\/1003742683239_15044057_1024x576.jpg\"  width=\"320\"\/><\/p>\n<p>                                                            Jon Rahm, disputando el octavo encuentro del LIV Golf 2025 en Virginia<\/p>\n<p>Un salario &#8216;extra&#8217; de 200.000 d\u00f3lares<\/p>\n<p class=\"paragraph\" id=\"paragraph_4\">Por <strong>primera vez en la historia<\/strong>, los estadounidenses<strong> recibir\u00e1n un estipendio de medio mill\u00f3n de d\u00f3lares (unos 425.000 euros)<\/strong>. Si bien es cierto que 300.000 d\u00f3lares se destinan a causas ben\u00e9ficas, hay otros 200.000 m\u00e1s que se considera como un &#8216;salario&#8217; para los doce golfistas de Estados Unidos, de libre disposici\u00f3n. Es la primera vez que sucede esto.<\/p>\n<p><img decoding=\"async\" alt=\"Jon Rahm disputa el decimosegundo encuentro del LIV Golf 2025 en Singapur\" height=\"180\" loading=\"lazy\" width=\"320\" data-lazy-status=\"processed\" id=\"90fdb33e33\" src=\"https:\/\/cronicavasca.elespanol.com\/deportes\/20250926\/polemica-ryder-cup-rahm-compite-oponentes-reciben\/[\" https:=\"\" data-lazy-info=\"changed src\"\/><\/p>\n<p class=\"paragraph\" id=\"paragraph_5\"><strong>Keegan Bradley<\/strong>, capit\u00e1n del equipo este a\u00f1o, fue preguntado por ello en la rueda de prensa de esta semana en Bethpage Black y asegura que <strong>se ha querido \u201cadecuar la Ryder Cup al presente\u201d<\/strong>. Una respuesta que no ha dejado satisfecha a ninguna persona, y mucho menos tras saberse que<strong> los europeos no cobrar\u00e1n un solo c\u00e9ntimo.<\/strong><\/p>\n<p><img decoding=\"async\" alt=\"Keegan Bradley.\" data-imgm=\"true\" height=\"180\" loading=\"lazy\"  src=\"https:\/\/www.europesays.com\/es\/wp-content\/uploads\/2025\/09\/1003742691854_15202562_1024x576.jpg\"  width=\"320\"\/><\/p>\n","protected":false},"excerpt":{"rendered":"Noticias relacionadas El campo de Bethpage Black en Nueva York acoge hasta el pr\u00f3ximo 28 de septiembre la&hellip;\n","protected":false},"author":2,"featured_media":141182,"comment_status":"","ping_status":"","sticky":false,"template":"","format":"standard","meta":{"footnotes":""},"categories":[275],"tags":[634,168,5692,95,25,24,5691,329,23,167],"class_list":{"0":"post-141181","1":"post","2":"type-post","3":"status-publish","4":"format-standard","5":"has-post-thumbnail","7":"category-golf","8":"tag-deporte","9":"tag-deportes","10":"tag-deportes-sa","11":"tag-economia","12":"tag-es","13":"tag-espana","14":"tag-euskadi","15":"tag-golf","16":"tag-spain","17":"tag-sports"},"share_on_mastodon":{"url":"","error":""},"_links":{"self":[{"href":"https:\/\/www.europesays.com\/es\/wp-json\/wp\/v2\/posts\/141181","targetHints":{"allow":["GET"]}}],"collection":[{"href":"https:\/\/www.europesays.com\/es\/wp-json\/wp\/v2\/posts"}],"about":[{"href":"https:\/\/www.europesays.com\/es\/wp-json\/wp\/v2\/types\/post"}],"author":[{"embeddable":true,"href":"https:\/\/www.europesays.com\/es\/wp-json\/wp\/v2\/users\/2"}],"replies":[{"embeddable":true,"href":"https:\/\/www.europesays.com\/es\/wp-json\/wp\/v2\/comments?post=141181"}],"version-history":[{"count":0,"href":"https:\/\/www.europesays.com\/es\/wp-json\/wp\/v2\/posts\/141181\/revisions"}],"wp:featuredmedia":[{"embeddable":true,"href":"https:\/\/www.europesays.com\/es\/wp-json\/wp\/v2\/media\/141182"}],"wp:attachment":[{"href":"https:\/\/www.europesays.com\/es\/wp-json\/wp\/v2\/media?parent=141181"}],"wp:term":[{"taxonomy":"category","embeddable":true,"href":"https:\/\/www.europesays.com\/es\/wp-json\/wp\/v2\/categories?post=141181"},{"taxonomy":"post_tag","embeddable":true,"href":"https:\/\/www.europesays.com\/es\/wp-json\/wp\/v2\/tags?post=141181"}],"curies":[{"name":"wp","href":"https:\/\/api.w.org\/{rel}","templated":true}]}}