{"id":141185,"date":"2025-09-26T23:48:12","date_gmt":"2025-09-26T23:48:12","guid":{"rendered":"https:\/\/www.europesays.com\/es\/141185\/"},"modified":"2025-09-26T23:48:12","modified_gmt":"2025-09-26T23:48:12","slug":"george-russell-y-su-renovacion-con-mercedes-en-la-formula-1-por-que-no-firma-su-contrato","status":"publish","type":"post","link":"https:\/\/www.europesays.com\/es\/141185\/","title":{"rendered":"George Russell y su renovaci\u00f3n con Mercedes en la F\u00f3rmula 1: \u00bfPor qu\u00e9 no firma su contrato?"},"content":{"rendered":"<p>En el herm\u00e9tico mundo de la <a href=\"http:\/\/www.formula1.com\" target=\"_blank\" rel=\"noopener nofollow\">F\u00f3rmula 1<\/a>, cuando una renovaci\u00f3n que parece obvia se retrasa, rara vez es por una simple cuesti\u00f3n de papeleo. Y el caso de\u00a0<strong>George Russell<\/strong>\u00a0y\u00a0<strong>Mercedes<\/strong>\u00a0es el ejemplo perfecto. Aunque desde Brackley insisten en que el brit\u00e1nico \u201cobviamente estar\u00e1 con nosotros\u201d en 2026, la firma del nuevo contrato sigue estancada. Detr\u00e1s de esta demora se esconde una tensa negociaci\u00f3n con dos puntos de fricci\u00f3n: el dinero y, m\u00e1s importante a\u00fan, un nombre que obsesiona al paddock:\u00a0<strong>Max Verstappen<\/strong>.<\/p>\n<p>La primera exigencia: Un salario de piloto de \u00e9lite<\/p>\n<p>El primer obst\u00e1culo, seg\u00fan informa\u00a0Motorsport Italia, es econ\u00f3mico.\u00a0<strong>George Russell<\/strong>\u00a0considera que su rendimiento y su rol como l\u00edder del equipo tras la salida de Lewis Hamilton lo sit\u00faan en el escal\u00f3n de los pilotos de \u00e9lite, y exige que su nuevo contrato refleje ese estatus en t\u00e9rminos salariales. No quiere ser tratado como el \u201cjoven de la cantera\u201d, sino como el pilar sobre el que se construye el futuro de Mercedes.<\/p>\n<p>La segunda y m\u00e1s compleja: La \u201ccl\u00e1usula Verstappen\u201d<\/p>\n<p>Pero el verdadero nudo de la negociaci\u00f3n est\u00e1 en la duraci\u00f3n del contrato. Lo habitual ser\u00eda una renovaci\u00f3n por dos a\u00f1os, blindando a Russell hasta finales de 2027. Sin embargo, sobre la mesa estar\u00eda una propuesta de formato\u00a0<strong>\u201cuno + uno\u201d<\/strong>, es decir, un a\u00f1o garantizado con opci\u00f3n a un segundo. \u00bfLa raz\u00f3n?\u00a0<strong>Mercedes quiere tener las manos libres para 2027<\/strong>.<\/p>\n<p><img loading=\"lazy\" decoding=\"async\" width=\"960\" height=\"1200\" src=\"data:image\/svg+xml,%3Csvg%20xmlns=\" http:=\"\" alt=\"George Russell y su renovacio\u0301n con Mercedes en la Fo\u0301rmula 1 \u00bfPor que\u0301 no firma su contrato?\" class=\"wp-image-21822\" data-lazy- data-lazy- data-lazy-src=\"https:\/\/www.revistaturbo.com\/wp-content\/uploads\/2025\/09\/George-Russell-y-su-renovacio\u0301n-con-Mercedes-en-la-Fo\u0301rmula-1-\u00bfPor-que\u0301-no-firma-su-contrato-1.jpg\"\/>Foto: Facebook \u2013 Mercedes-AMG Petronas F1 Team<\/p>\n<p>No es un secreto que Toto Wolff sue\u00f1a con fichar a\u00a0<strong>Max Verstappen<\/strong>. Un contrato corto para Russell le dar\u00eda a Mercedes la flexibilidad necesaria para lanzarse a por el neerland\u00e9s si este decide abandonar Red Bull tras el primer a\u00f1o del nuevo reglamento. Es una jugada estrat\u00e9gica que, comprensiblemente, no agrada a Russell.<\/p>\n<p>La contraparte: Russell tambi\u00e9n quiere una v\u00eda de escape<\/p>\n<p>Curiosamente, un contrato m\u00e1s corto tambi\u00e9n podr\u00eda beneficiar al propio Russell. El brit\u00e1nico, que a\u00fan no ha tenido un coche capaz de luchar por el t\u00edtulo, tambi\u00e9n quiere protegerse. Si el tan esperado motor Mercedes de 2026 no se traduce en un monoplaza ganador, un v\u00ednculo flexible le permitir\u00eda explorar otras opciones en el mercado.<\/p>\n<p>Aunque actualmente est\u00e1 gestionado por Mercedes, este v\u00ednculo no lo ata de por vida. Si decidiera marcharse, el equipo tendr\u00eda que negociar su salida, pero no podr\u00eda retenerlo contra su voluntad.<\/p>\n<p>La renovaci\u00f3n de George Russell se ha convertido en una compleja partida de ajedrez. No se trata solo de firmar un papel, sino de definir el futuro a largo plazo de una de las escuder\u00edas m\u00e1s importantes de la historia. Mercedes quiere a Russell, pero parece querer a\u00fan m\u00e1s la posibilidad de fichar a Verstappen. Y en esa ecuaci\u00f3n, el piloto brit\u00e1nico no est\u00e1 dispuesto a ser una simple moneda de cambio.<\/p>\n<p><strong>REVISTA TURBO<\/strong><\/p>\n","protected":false},"excerpt":{"rendered":"En el herm\u00e9tico mundo de la F\u00f3rmula 1, cuando una renovaci\u00f3n que parece obvia se retrasa, rara vez&hellip;\n","protected":false},"author":2,"featured_media":141186,"comment_status":"","ping_status":"","sticky":false,"template":"","format":"standard","meta":{"footnotes":""},"categories":[270],"tags":[168,25,24,306,271,272,23,167],"class_list":{"0":"post-141185","1":"post","2":"type-post","3":"status-publish","4":"format-standard","5":"has-post-thumbnail","7":"category-formula-1","8":"tag-deportes","9":"tag-es","10":"tag-espana","11":"tag-f1","12":"tag-formula-1","13":"tag-formula1","14":"tag-spain","15":"tag-sports"},"share_on_mastodon":{"url":"","error":""},"_links":{"self":[{"href":"https:\/\/www.europesays.com\/es\/wp-json\/wp\/v2\/posts\/141185","targetHints":{"allow":["GET"]}}],"collection":[{"href":"https:\/\/www.europesays.com\/es\/wp-json\/wp\/v2\/posts"}],"about":[{"href":"https:\/\/www.europesays.com\/es\/wp-json\/wp\/v2\/types\/post"}],"author":[{"embeddable":true,"href":"https:\/\/www.europesays.com\/es\/wp-json\/wp\/v2\/users\/2"}],"replies":[{"embeddable":true,"href":"https:\/\/www.europesays.com\/es\/wp-json\/wp\/v2\/comments?post=141185"}],"version-history":[{"count":0,"href":"https:\/\/www.europesays.com\/es\/wp-json\/wp\/v2\/posts\/141185\/revisions"}],"wp:featuredmedia":[{"embeddable":true,"href":"https:\/\/www.europesays.com\/es\/wp-json\/wp\/v2\/media\/141186"}],"wp:attachment":[{"href":"https:\/\/www.europesays.com\/es\/wp-json\/wp\/v2\/media?parent=141185"}],"wp:term":[{"taxonomy":"category","embeddable":true,"href":"https:\/\/www.europesays.com\/es\/wp-json\/wp\/v2\/categories?post=141185"},{"taxonomy":"post_tag","embeddable":true,"href":"https:\/\/www.europesays.com\/es\/wp-json\/wp\/v2\/tags?post=141185"}],"curies":[{"name":"wp","href":"https:\/\/api.w.org\/{rel}","templated":true}]}}