{"id":141191,"date":"2025-09-26T23:51:13","date_gmt":"2025-09-26T23:51:13","guid":{"rendered":"https:\/\/www.europesays.com\/es\/141191\/"},"modified":"2025-09-26T23:51:13","modified_gmt":"2025-09-26T23:51:13","slug":"jennifer-lawrence-desafia-el-dress-code-del-festival-de-san-sebastian-con-su-cinturon-kilometrico-y-tacones-con-calcetines","status":"publish","type":"post","link":"https:\/\/www.europesays.com\/es\/141191\/","title":{"rendered":"Jennifer Lawrence desaf\u00eda el &#8216;dress code&#8217; del Festival de San Sebasti\u00e1n con su cintur\u00f3n kilom\u00e9trico y tacones con calcetines"},"content":{"rendered":"<p id=\"ekRvjxdNQA\" data-wc=\"96\">El <strong>Festival de San Sebasti\u00e1n<\/strong> ha celebrado esta tarde uno de sus actos m\u00e1s emotivos, la entrega del <strong>Premio Donostia<\/strong>. Este galard\u00f3n honor\u00edfico, que, de forma especial, reconoce la trayectoria en el cine tanto de actores como cineastas <a class=\"hm-link ho-link\" href=\"https:\/\/www.hola.com\/actualidad\/20250926857836\/jennifer-lawrence-regresa-espana-premio-donostia\/\" data-mrf-recirculation=\"article-body-link\" rel=\"nofollow noopener\" target=\"_blank\">que han dejado huella en la historia<\/a>, ha reca\u00eddo en <strong>Jennifer Lawrence<\/strong> este 2025. La actriz estadounidense, \u201cuna de las m\u00e1s influyentes de nuestro tiempo\u201d, seg\u00fan el certamen, ha pisado <a class=\"hm-link ho-link\" href=\"https:\/\/www.hola.com\/moda\/20250924857592\/festival-de-san-sebastian-2025-looks-invitadas-alfombra-roja\/\" data-mrf-recirculation=\"article-body-link\" rel=\"nofollow noopener\" target=\"_blank\">la alfombra roja del Kursaal<\/a> con un look que ha causado sensaci\u00f3n y que vuelven a convertirla en <a class=\"hm-link ho-link\" href=\"https:\/\/www.hola.com\/moda\/20250815849700\/jennifer-lawrence-mejores-looks-35-anios\/\" data-mrf-recirculation=\"article-body-link\" rel=\"nofollow noopener\" target=\"_blank\">una de las estrellas m\u00e1s glamurosas<\/a> y estilo m\u00e1s inspirador.<\/p>\n<p> <img src=\"https:\/\/www.europesays.com\/es\/wp-content\/uploads\/2025\/09\/8943370673b4-gettyimages-2237559033.jpg\"   width=\"682\" height=\"1024\" loading=\"lazy\" decoding=\"async\" alt=\"Jennifer Lawrence\" fetchpriority=\"auto\" class=\"image ho-image\"\/>\u00a9 Getty Images<br \/>\nHace historia en el Festival de San Sebasti\u00e1n<\/p>\n<p id=\"e5v50vO5x76\" data-wc=\"88\">Jennifer Lawrence, que ha hecho historia al ser la actriz m\u00e1s joven galardonada con el Premio Donostia, ha acudido a recoger esta distinci\u00f3n de manos del director Juan Antonio Bayona con un look transgresor, que romp\u00eda con los dress codes m\u00e1s cl\u00e1sicos vistos en la alfombra roja y que jugaba estrat\u00e9gicamente con complementos tradicionalmente no asociados a una elecci\u00f3n de fiesta. En esta ocasi\u00f3n, tampoco ha querido decantarse por el blanco y negro como muchas invitadas han mostrado durante esta cita cinematogr\u00e1fica, sino por un inesperado tono caqui.<\/p>\n<p> <img src=\"https:\/\/www.europesays.com\/es\/wp-content\/uploads\/2025\/09\/79a499271aca-gettyimages-2237558230.jpg\"   width=\"682\" height=\"1024\" loading=\"lazy\" decoding=\"async\" alt=\"Jennifer Lawrence\" fetchpriority=\"auto\" class=\"image ho-image\"\/>\u00a9 Getty Images<\/p>\n<p> <img src=\"https:\/\/www.europesays.com\/es\/wp-content\/uploads\/2025\/09\/49382c08ae81-gettyimages-2237560930-retocada.jpg\"   width=\"1080\" height=\"1800\" loading=\"lazy\" decoding=\"async\" alt=\"Jennifer Lawrence\" fetchpriority=\"auto\" class=\"image ho-image\"\/>\u00a9 Getty Images<br \/>\nUn vestido arquitect\u00f3nico<\/p>\n<p id=\"eVBO61yVhYd\" data-wc=\"108\">De este modo, el esp\u00edritu m\u00e1s innovador de Jennifer Lawrence, que cuenta con el asesoramiento de la famos\u00edsima estilista Jamie Mizrahi, le ha llevado a estrenar un vestido arquitect\u00f3nico de la dise\u00f1adora Phoebe Philo que presenta un sobrio corte a la caja, pero que juega con las asimetr\u00edas, haciendo que cada lado del mismo parezca distinto. De este modo, mientras que en el izquierdo presenta un tambi\u00e9n sereno y cl\u00e1sico patr\u00f3n de manga larga y falda hasta los pies en corte recto, aunque con abertura; el derecho muestra una minicapa cubriendo el hombro y un atrevido cut out, que deja su cintura al descubierto, as\u00ed como la espalda.<\/p>\n<p> <img src=\"https:\/\/www.europesays.com\/es\/wp-content\/uploads\/2025\/09\/360ca7fba81b-dlu592031024.jpg\"   width=\"1024\" height=\"682\" loading=\"lazy\" decoding=\"async\" alt=\"Jennifer Lawrence\" fetchpriority=\"auto\" class=\"image ho-image\"\/>\u00a9 GTRES<\/p>\n<p> <img src=\"https:\/\/www.europesays.com\/es\/wp-content\/uploads\/2025\/09\/5f8a17840254-gettyimages-2237559057.jpg\"   width=\"1080\" height=\"1800\" loading=\"lazy\" decoding=\"async\" alt=\"Jennifer Lawrence\" fetchpriority=\"auto\" class=\"image ho-image\"\/>\u00a9 Getty Images<\/p>\n<p> <img src=\"https:\/\/www.europesays.com\/es\/wp-content\/uploads\/2025\/09\/9e042e2f4ec6-gettyimages-2237558473.jpg\"   width=\"682\" height=\"1024\" loading=\"lazy\" decoding=\"async\" alt=\" Lawrence will receive the Donostia 2025 Award at the 73rd edition of the San Sebastian Festival. (Photo By Unanue\/Europa Press via Getty Images)\" fetchpriority=\"auto\" class=\"image ho-image\"\/>\u00a9 Getty Images<br \/>\nLos complementos m\u00e1s originales de la alfombra roja<\/p>\n<p id=\"eD__Ul6kned\" data-wc=\"99\">Sin embargo, el detalle que llam\u00f3 m\u00e1s la atenci\u00f3n fue c\u00f3mo jugaba con los complementos en su look, consiguiendo alejarse a\u00fan mucho m\u00e1s del clasicismo. Por un lado, su vestido se recog\u00eda con un fino cintur\u00f3n que ten\u00eda un largo quilom\u00e9trico, pues ca\u00eda hasta los pies. Por otro, la actriz estadounidense luci\u00f3 unos zapatos de tac\u00f3n que combin\u00f3 con unos calcetines tobilleros de canal\u00e9; un detalle noventero que no es habitual ver sobre una alfombra roja. El resultado total ha sido un estilismo rompedor, con personalidad y que pasar\u00e1 como uno de los mejores en la historia del festival.<\/p>\n<p>  <img src=\"https:\/\/www.europesays.com\/es\/wp-content\/uploads\/2025\/09\/90aae97a17f0-dlu592030007.jpg\"   width=\"1080\" height=\"1800\" loading=\"lazy\" decoding=\"async\" alt=\"Jennifer Lawrence\" fetchpriority=\"auto\" class=\"image ho-image\"\/>\u00a9 GTRES<\/p>\n<p>  <img src=\"https:\/\/www.europesays.com\/es\/wp-content\/uploads\/2025\/09\/f1b42a2c6288-dlu592030005.jpg\"   width=\"1080\" height=\"1800\" loading=\"lazy\" decoding=\"async\" alt=\"Jennifer Lawrence\" fetchpriority=\"auto\" class=\"image ho-image\"\/>\u00a9 GTRES<\/p>\n<p> <img src=\"https:\/\/www.europesays.com\/es\/wp-content\/uploads\/2025\/09\/adbb02cb411f-dlu592030013.jpg\"   width=\"673\" height=\"1024\" loading=\"lazy\" decoding=\"async\" alt=\"Jennifer Lawrence\" fetchpriority=\"auto\" class=\"image ho-image\"\/>\u00a9 GTRES<br \/>\nEstrellas internacionales sobre la alfombra roja<\/p>\n<p id=\"eszNbTYI5Lr\" data-wc=\"55\">Fue esta ma\u00f1ana cuando Jennifer Lawrence hizo su primera aparici\u00f3n del d\u00eda en San Sebasti\u00e1n, que, en esta edici\u00f3n, ha contado con la presencia de muchas estrellas internacionales. De hecho, una de las que m\u00e1s revuelo ha ocasionado este a\u00f1o, ha sido <a class=\"hm-link ho-link\" href=\"https:\/\/www.hola.com\/moda\/20250921857023\/angelina-jolie-look-festival-san-sebastian\/\" data-mrf-recirculation=\"article-body-link\" rel=\"nofollow noopener\" target=\"_blank\"><strong>Angelina Jolie, que present\u00f3 la pel\u00edcula Couture<\/strong><\/a>.<\/p>\n<p> <img src=\"https:\/\/www.europesays.com\/es\/wp-content\/uploads\/2025\/09\/0aa33be5d11a-gettyimages-2237143272.jpg\"   width=\"738\" height=\"1024\" loading=\"lazy\" decoding=\"async\" alt=\"Jennifer Lawrence\" fetchpriority=\"auto\" class=\"image ho-image\"\/>\u00a9 Getty Images<\/p>\n<p>  <img src=\"https:\/\/www.europesays.com\/es\/wp-content\/uploads\/2025\/09\/3599db9ae4fa-gettyimages-2237530395.jpg\"   width=\"1080\" height=\"1800\" loading=\"lazy\" decoding=\"async\" alt=\"Jennifer Lawrence\" fetchpriority=\"auto\" class=\"image ho-image\"\/>\u00a9 Getty Images<\/p>\n<p>  <img src=\"https:\/\/www.europesays.com\/es\/wp-content\/uploads\/2025\/09\/9768fd59e65e-gettyimages-2237137673-retocada.jpg\"   width=\"1080\" height=\"1800\" loading=\"lazy\" decoding=\"async\" alt=\"Jennifer Lawrence\" fetchpriority=\"auto\" class=\"image ho-image\"\/>\u00a9 Getty Images<\/p>\n<p> <img src=\"https:\/\/www.europesays.com\/es\/wp-content\/uploads\/2025\/09\/6253b58fcba4-gettyimages-2237525032.jpg\"   width=\"733\" height=\"1024\" loading=\"lazy\" decoding=\"async\" alt=\"Jennifer Lawrence\" fetchpriority=\"auto\" class=\"image ho-image\"\/>\u00a9 Getty Images<\/p>\n<p id=\"eRr7Imr0r-x\" data-wc=\"135\">Su primer look en San Sebasti\u00e1n lo pudimos ver durante una comparecencia ante la prensa con motivo no solo de su premio, sino tambi\u00e9n por la proyecci\u00f3n de su pel\u00edcula Die, My Love. Para la ocasi\u00f3n, opt\u00f3 por un conjunto innovador en, esta vez s\u00ed, blanco y negro, compuesto por un top con cuello a la caja, manga corta remangada y espalda que se prolongaba en una larga capa con cola; y unos pantalones muy anchos. Ambas prendas pertenecen a la colecci\u00f3n D de Phoebe Philo, exdirectora creativa de Chlo\u00e9 (1997-2006) y C\u00e9line (2008-2017). De esta dise\u00f1adora nacida en Francia y criada en Londres, que lanz\u00f3 su firma hom\u00f3nima en 2023 y en la que, igualmente, confiar\u00eda por la tarde, tambi\u00e9n lleva unas gafas de sol (389 euros) y unos pendientes de plata (481 euros).\u00a0<\/p>\n","protected":false},"excerpt":{"rendered":"El Festival de San Sebasti\u00e1n ha celebrado esta tarde uno de sus actos m\u00e1s emotivos, la entrega del&hellip;\n","protected":false},"author":2,"featured_media":141192,"comment_status":"","ping_status":"","sticky":false,"template":"","format":"standard","meta":{"footnotes":""},"categories":[174],"tags":[1024,255,146,147,25,24,256,30062,22405,1023,23],"class_list":{"0":"post-141191","1":"post","2":"type-post","3":"status-publish","4":"format-standard","5":"has-post-thumbnail","7":"category-famosos","8":"tag-actualidad-moda","9":"tag-celebrities","10":"tag-entertainment","11":"tag-entretenimiento","12":"tag-es","13":"tag-espana","14":"tag-famosos","15":"tag-festival-de-san-sebastian","16":"tag-jennifer-lawrence","17":"tag-moda","18":"tag-spain"},"share_on_mastodon":{"url":"","error":""},"_links":{"self":[{"href":"https:\/\/www.europesays.com\/es\/wp-json\/wp\/v2\/posts\/141191","targetHints":{"allow":["GET"]}}],"collection":[{"href":"https:\/\/www.europesays.com\/es\/wp-json\/wp\/v2\/posts"}],"about":[{"href":"https:\/\/www.europesays.com\/es\/wp-json\/wp\/v2\/types\/post"}],"author":[{"embeddable":true,"href":"https:\/\/www.europesays.com\/es\/wp-json\/wp\/v2\/users\/2"}],"replies":[{"embeddable":true,"href":"https:\/\/www.europesays.com\/es\/wp-json\/wp\/v2\/comments?post=141191"}],"version-history":[{"count":0,"href":"https:\/\/www.europesays.com\/es\/wp-json\/wp\/v2\/posts\/141191\/revisions"}],"wp:featuredmedia":[{"embeddable":true,"href":"https:\/\/www.europesays.com\/es\/wp-json\/wp\/v2\/media\/141192"}],"wp:attachment":[{"href":"https:\/\/www.europesays.com\/es\/wp-json\/wp\/v2\/media?parent=141191"}],"wp:term":[{"taxonomy":"category","embeddable":true,"href":"https:\/\/www.europesays.com\/es\/wp-json\/wp\/v2\/categories?post=141191"},{"taxonomy":"post_tag","embeddable":true,"href":"https:\/\/www.europesays.com\/es\/wp-json\/wp\/v2\/tags?post=141191"}],"curies":[{"name":"wp","href":"https:\/\/api.w.org\/{rel}","templated":true}]}}