{"id":141193,"date":"2025-09-26T23:54:08","date_gmt":"2025-09-26T23:54:08","guid":{"rendered":"https:\/\/www.europesays.com\/es\/141193\/"},"modified":"2025-09-26T23:54:08","modified_gmt":"2025-09-26T23:54:08","slug":"sebastian-yatra-invita-a-un-talent-de-la-voz-a-cantar-un-ano-juntos-en-la-voz","status":"publish","type":"post","link":"https:\/\/www.europesays.com\/es\/141193\/","title":{"rendered":"Sebasti\u00e1n Yatra invita a un talent de La Voz a cantar \u2018Un a\u00f1o\u2019 juntos en La Voz"},"content":{"rendered":"<p>La noche de <b>Audiciones a ciegas<\/b> en La Voz vivi\u00f3 uno de sus momentos m\u00e1s especiales con <b>Juampi<\/b>, un talent nacido en Buenos Aires y apasionado por la m\u00fasica. Sobre el escenario, interpret\u00f3 con mucha emoci\u00f3n <b><a title=\"\u2018Solamente t\u00fa\u2019\" href=\"https:\/\/www.antena3.com\/programas\/la-voz\/buenos-aires-juampi-conquista-tema-pablo-alboran_2025092668d70428f10d3f067816bd9d.html\" target=\"_blank\" rel=\"nofollow noopener\">\u2018Solamente t\u00fa\u2019<\/a><\/b> de Pablo Albor\u00e1n, una actuaci\u00f3n con la que consigui\u00f3 enamorar a <b>Mika <\/b>y <b>Sebasti\u00e1n Yatra<\/b>, mientras que Pablo L\u00f3pez se qued\u00f3 con las ganas de girarse por culpa de un bloqueo.<\/p>\n<p>Tras escuchar las valoraciones, <b>Juampi <\/b>eligi\u00f3 unirse al <b><a title=\"equipo de Sebasti\u00e1n Yatra\" href=\"https:\/\/www.antena3.com\/programas\/la-voz\/equipo-sebastian-yatra_2025092068cde56ea2dd1a7e0d0d167c.html\" target=\"_blank\" rel=\"nofollow noopener\">equipo de Sebasti\u00e1n Yatra<\/a><\/b>. Fue entonces cuando el <b>coach colombiano<\/b> quiso regalarle un momento inolvidable:<b> \u201cMe gustar\u00eda cantar contigo algo\u201d<\/b>, le propuso.<\/p>\n<p>Con guitarra en mano, <b>Yatra <\/b>y <b>Juampi <\/b>subieron juntos al escenario para interpretar <b>\u2018Un a\u00f1o\u2019<\/b>, creando un d\u00fao cargado de complicidad, emoci\u00f3n y m\u00fasica. El p\u00fablico y los coaches celebraron este instante como <b>uno de los m\u00e1s m\u00e1gicos de la noche<\/b>, confirmando que Juampi inicia su camino en La Voz de la manera m\u00e1s especial posible.<\/p>\n<p><b>\u00a1As\u00ed ha sido este momentazo de La Voz! <\/b><\/p>\n<p>   <img decoding=\"async\" title=\"Talent de La Voz 2025\" alt=\"Talent de La Voz 2025\" width=\"480\" height=\"270\" src=\"https:\/\/www.europesays.com\/es\/wp-content\/uploads\/2025\/09\/1758930848_289_talent-voz-2025_70.jpg\" loading=\"lazy\" class=\"lazy\"\/><\/p>\n","protected":false},"excerpt":{"rendered":"La noche de Audiciones a ciegas en La Voz vivi\u00f3 uno de sus momentos m\u00e1s especiales con Juampi,&hellip;\n","protected":false},"author":2,"featured_media":141194,"comment_status":"","ping_status":"","sticky":false,"template":"","format":"standard","meta":{"footnotes":""},"categories":[171],"tags":[146,147,25,24,23,214],"class_list":{"0":"post-141193","1":"post","2":"type-post","3":"status-publish","4":"format-standard","5":"has-post-thumbnail","7":"category-tv","8":"tag-entertainment","9":"tag-entretenimiento","10":"tag-es","11":"tag-espana","12":"tag-spain","13":"tag-tv"},"share_on_mastodon":{"url":"","error":""},"_links":{"self":[{"href":"https:\/\/www.europesays.com\/es\/wp-json\/wp\/v2\/posts\/141193","targetHints":{"allow":["GET"]}}],"collection":[{"href":"https:\/\/www.europesays.com\/es\/wp-json\/wp\/v2\/posts"}],"about":[{"href":"https:\/\/www.europesays.com\/es\/wp-json\/wp\/v2\/types\/post"}],"author":[{"embeddable":true,"href":"https:\/\/www.europesays.com\/es\/wp-json\/wp\/v2\/users\/2"}],"replies":[{"embeddable":true,"href":"https:\/\/www.europesays.com\/es\/wp-json\/wp\/v2\/comments?post=141193"}],"version-history":[{"count":0,"href":"https:\/\/www.europesays.com\/es\/wp-json\/wp\/v2\/posts\/141193\/revisions"}],"wp:featuredmedia":[{"embeddable":true,"href":"https:\/\/www.europesays.com\/es\/wp-json\/wp\/v2\/media\/141194"}],"wp:attachment":[{"href":"https:\/\/www.europesays.com\/es\/wp-json\/wp\/v2\/media?parent=141193"}],"wp:term":[{"taxonomy":"category","embeddable":true,"href":"https:\/\/www.europesays.com\/es\/wp-json\/wp\/v2\/categories?post=141193"},{"taxonomy":"post_tag","embeddable":true,"href":"https:\/\/www.europesays.com\/es\/wp-json\/wp\/v2\/tags?post=141193"}],"curies":[{"name":"wp","href":"https:\/\/api.w.org\/{rel}","templated":true}]}}