{"id":141195,"date":"2025-09-26T23:55:12","date_gmt":"2025-09-26T23:55:12","guid":{"rendered":"https:\/\/www.europesays.com\/es\/141195\/"},"modified":"2025-09-26T23:55:12","modified_gmt":"2025-09-26T23:55:12","slug":"nuevos-modulos-xtra","status":"publish","type":"post","link":"https:\/\/www.europesays.com\/es\/141195\/","title":{"rendered":"Nuevos M\u00f3dulos Xtra"},"content":{"rendered":"<p>Radio 3 Extra lanza una nueva entrega de <a href=\"https:\/\/www.rtve.es\/radio\/modulo-xtra\/\" rel=\"nofollow noopener\" target=\"_blank\">M\u00f3dulo Xtra<\/a>, c\u00e1psulas sonoras dedicadas \u00edntegramente a la m\u00fasica. Esta cuarta colecci\u00f3n sigue apostando por la diversidad de estilos y la mirada experta de los profesionales de Radio 3, frente a la frialdad de los algoritmos y la imposici\u00f3n de las m\u00e1quinas.<\/p>\n<p>La cuarta colecci\u00f3n de M\u00f3dulos Xtra ampl\u00eda horizontes con propuestas frescas y sorprendentes a cargo de los especialistas de Radio 3: <strong>Andreu Plaza, Julio R\u00f3denas, Mar\u00eda Taosa, Mar\u00eda Mu\u00f1oz, Iv\u00e1n Carretero, Cristina Moreno, V\u00edctor Moreno y Rafa Ariza<\/strong>.<\/p>\n<p>Disfruta ya estos nuevos M\u00f3dulos Xtra dedicados a <a href=\"https:\/\/www.rtve.es\/play\/audios\/modulo-xtra\/mejor-neopsicodelia\/16742829\/\" rel=\"nofollow noopener\" target=\"_blank\">lo mejor de la neosicodelia<\/a>, <a href=\"https:\/\/www.rtve.es\/play\/audios\/modulo-xtra\/mejor-del-karaoke\/16740615\/\" rel=\"nofollow noopener\" target=\"_blank\">lo mejor para el karaoke<\/a>, <a href=\"https:\/\/www.rtve.es\/play\/audios\/modulo-xtra\/mejor-del-gaming\/16743709\/\" rel=\"nofollow noopener\" target=\"_blank\">lo mejor del gamer<\/a>, <a href=\"https:\/\/www.rtve.es\/play\/audios\/modulo-xtra\/mejor-lgtbiq\/16744024\/\" rel=\"nofollow noopener\" target=\"_blank\">lo mejor de la m\u00fasica LGTBQ+<\/a>, <a href=\"https:\/\/www.rtve.es\/play\/audios\/modulo-xtra\/mejor-del-hyperpop\/16743699\/\" rel=\"nofollow noopener\" target=\"_blank\">del hyperpop<\/a>, <a href=\"https:\/\/www.rtve.es\/play\/audios\/modulo-xtra\/mejor-series\/16743721\/\" rel=\"nofollow noopener\" target=\"_blank\">de la m\u00fasica de series<\/a>, <a href=\"https:\/\/www.rtve.es\/play\/audios\/modulo-xtra\/amor\/16742889\/\" rel=\"nofollow noopener\" target=\"_blank\">lo mejor de las canciones de amor<\/a>, <a href=\"https:\/\/www.rtve.es\/play\/audios\/modulo-xtra\/versiones-inesperadas-canciones\/16743676\/\" rel=\"nofollow noopener\" target=\"_blank\">las mejores versiones inesperadas<\/a> y <a href=\"https:\/\/www.rtve.es\/play\/audios\/modulo-xtra\/musica-para-otono\/16740604\/\" rel=\"nofollow noopener\" target=\"_blank\">lo mejor para el oto\u00f1o<\/a>.<\/p>\n<p>Anteriores M\u00f3dulos Xtra<\/p>\n<p>En las tres primeras series ya disfrutamos de selecciones como: <a href=\"https:\/\/www.rtve.es\/play\/audios\/modulo-xtra\/modulo-xtra-mejor-80-21-05-2025\/16588634\/\" rel=\"nofollow noopener\" target=\"_blank\">Lo mejor de los 80<\/a>, <a href=\"https:\/\/www.rtve.es\/play\/audios\/modulo-xtra\/modulo-xtra-mejor-90-21-05-2025\/16588641\/\" rel=\"nofollow noopener\" target=\"_blank\">Lo mejor de los 90<\/a>, <a href=\"https:\/\/www.rtve.es\/play\/audios\/modulo-xtra\/modulo-xtra-mejor-2000-21-05-2025\/16588587\/\" rel=\"nofollow noopener\" target=\"_blank\">Lo mejor de los 2000<\/a>, <a href=\"https:\/\/www.rtve.es\/play\/audios\/modulo-xtra\/modulo-xtra-mejor-2010-21-05-2025\/16588569\/\" rel=\"nofollow noopener\" target=\"_blank\">Lo mejor de los 2010<\/a>, <a href=\"https:\/\/www.rtve.es\/play\/audios\/modulo-xtra\/modulo-xtra-mejor-del-ska-21-05-2025\/16588869\/\" rel=\"nofollow noopener\" target=\"_blank\">Lo mejor del ska<\/a>, <a href=\"https:\/\/www.rtve.es\/play\/audios\/modulo-xtra\/modulo-xtra-mejor-pioneros-del-pop-espanol-21-05-2025\/16588616\/\" rel=\"nofollow noopener\" target=\"_blank\">Lo mejor de los pioneros del pop espa\u00f1ol<\/a>, <a href=\"https:\/\/www.rtve.es\/play\/audios\/modulo-xtra\/modulo-xtra-mejor-del-rocknroll-espanol-21-05-2025\/16588599\/\" rel=\"nofollow noopener\" target=\"_blank\">Lo mejor del rock\u2019n\u2019roll<\/a>, <a href=\"https:\/\/www.rtve.es\/play\/audios\/modulo-xtra\/modulo-xtra-mejor-del-punk-21-05-2025\/16588626\/\" rel=\"nofollow noopener\" target=\"_blank\">Lo mejor del punk espa\u00f1ol<\/a> y <a href=\"https:\/\/www.rtve.es\/play\/audios\/modulo-xtra\/modulo-xtra-mejor-para-relajarte-21-05-2025\/16588880\/\" rel=\"nofollow noopener\" target=\"_blank\">La mejor m\u00fasica para relajarte<\/a>, adem\u00e1s de <a href=\"https:\/\/www.rtve.es\/play\/audios\/modulo-xtra\/modulo-xtra-mejor-del-grunge-20-06-2025\/16631487\/\" rel=\"nofollow noopener\" target=\"_blank\">Lo mejor del grunge<\/a>, <a href=\"https:\/\/www.rtve.es\/play\/audios\/modulo-xtra\/modulo-xtra-mejor-del-indie-espanol-20-06-25\/16632566\/\" rel=\"nofollow noopener\" target=\"_blank\">Lo mejor del indie espa\u00f1ol<\/a>, <a href=\"https:\/\/www.rtve.es\/play\/audios\/modulo-xtra\/modulo-xtra-mejor-para-bailar-20-06-2025\/16631460\/\" rel=\"nofollow noopener\" target=\"_blank\">Lo mejor para bailar<\/a>, <a href=\"https:\/\/www.rtve.es\/play\/audios\/modulo-xtra\/modulo-xtra-mejor-del-indie-internacional-20-06-25\/16632561\/\" rel=\"nofollow noopener\" target=\"_blank\">Lo mejor del indie internacional,<\/a> <a href=\"https:\/\/www.rtve.es\/play\/audios\/modulo-xtra\/modulo-xtra-mejor-20-06-2025\/16631429\/\" rel=\"nofollow noopener\" target=\"_blank\">Lo mejor para entrenar<\/a>, <a href=\"https:\/\/www.rtve.es\/play\/audios\/modulo-xtra\/modulo-xtra-mejor-del-emo-20-06-2025\/16632433\/\" rel=\"nofollow noopener\" target=\"_blank\">Lo mejor del emo<\/a>, <a href=\"https:\/\/www.rtve.es\/play\/audios\/modulo-xtra\/modulo-xtra-mejor-musica-para-calor-20-06-2025\/16631408\/\" rel=\"nofollow noopener\" target=\"_blank\">Lo mejor de la m\u00fasica para el calor<\/a>, <a href=\"https:\/\/www.rtve.es\/play\/audios\/modulo-xtra\/modulo-xtra-mejor-para-cocinar-20-06-2025\/16631447\/\" rel=\"nofollow noopener\" target=\"_blank\">Lo mejor para cocinar <\/a>y <a href=\"https:\/\/www.rtve.es\/play\/audios\/modulo-xtra\/modulo-xtra-mejor-bossa-nova-20-06-2025\/16631477\/\" rel=\"nofollow noopener\" target=\"_blank\">Lo mejor de la bossa nova.<\/a> Todos estos m\u00f3dulos siguen disponibles en la web y la app exclusiva de Radio 3 Extra.<\/p>\n<p>Explora las cuatro colecciones de M\u00f3dulo Xtra: m\u00fasica seleccionada con criterio humano, pasi\u00f3n y conocimiento. Esc\u00fachalas, comp\u00e1rtelas y hazlas parte de tu vida. Solo en <strong>Radio 3 Extra<\/strong>.<\/p>\n","protected":false},"excerpt":{"rendered":"Radio 3 Extra lanza una nueva entrega de M\u00f3dulo Xtra, c\u00e1psulas sonoras dedicadas \u00edntegramente a la m\u00fasica. Esta&hellip;\n","protected":false},"author":2,"featured_media":141196,"comment_status":"","ping_status":"","sticky":false,"template":"","format":"standard","meta":{"footnotes":""},"categories":[170],"tags":[146,147,25,24,184,185,23],"class_list":{"0":"post-141195","1":"post","2":"type-post","3":"status-publish","4":"format-standard","5":"has-post-thumbnail","7":"category-musica","8":"tag-entertainment","9":"tag-entretenimiento","10":"tag-es","11":"tag-espana","12":"tag-music","13":"tag-musica","14":"tag-spain"},"share_on_mastodon":{"url":"","error":""},"_links":{"self":[{"href":"https:\/\/www.europesays.com\/es\/wp-json\/wp\/v2\/posts\/141195","targetHints":{"allow":["GET"]}}],"collection":[{"href":"https:\/\/www.europesays.com\/es\/wp-json\/wp\/v2\/posts"}],"about":[{"href":"https:\/\/www.europesays.com\/es\/wp-json\/wp\/v2\/types\/post"}],"author":[{"embeddable":true,"href":"https:\/\/www.europesays.com\/es\/wp-json\/wp\/v2\/users\/2"}],"replies":[{"embeddable":true,"href":"https:\/\/www.europesays.com\/es\/wp-json\/wp\/v2\/comments?post=141195"}],"version-history":[{"count":0,"href":"https:\/\/www.europesays.com\/es\/wp-json\/wp\/v2\/posts\/141195\/revisions"}],"wp:featuredmedia":[{"embeddable":true,"href":"https:\/\/www.europesays.com\/es\/wp-json\/wp\/v2\/media\/141196"}],"wp:attachment":[{"href":"https:\/\/www.europesays.com\/es\/wp-json\/wp\/v2\/media?parent=141195"}],"wp:term":[{"taxonomy":"category","embeddable":true,"href":"https:\/\/www.europesays.com\/es\/wp-json\/wp\/v2\/categories?post=141195"},{"taxonomy":"post_tag","embeddable":true,"href":"https:\/\/www.europesays.com\/es\/wp-json\/wp\/v2\/tags?post=141195"}],"curies":[{"name":"wp","href":"https:\/\/api.w.org\/{rel}","templated":true}]}}