{"id":141199,"date":"2025-09-26T23:57:13","date_gmt":"2025-09-26T23:57:13","guid":{"rendered":"https:\/\/www.europesays.com\/es\/141199\/"},"modified":"2025-09-26T23:57:13","modified_gmt":"2025-09-26T23:57:13","slug":"girona-espanyol-el-partido-de-futbol-de-jornada-6-de-laliga-ea-sports-en-directo","status":"publish","type":"post","link":"https:\/\/www.europesays.com\/es\/141199\/","title":{"rendered":"Girona \u2013 Espanyol el partido de f\u00fatbol de Jornada 6 de LaLiga EA Sports, en directo"},"content":{"rendered":"<p>    Sigue en directo el partido de f\u00fatbol de LaLiga EA Sports entre Girona y Espanyol\n<\/p>\n<p>        <img src=\"https:\/\/www.lavanguardia.com\/files\/image_449_220\/uploads\/2023\/09\/13\/65016ce5577c1.jpeg\" data-full-src=\"https:\/\/www.europesays.com\/es\/wp-content\/uploads\/2025\/08\/65016ce5577c1.jpeg\" alt=\"liga-directo-2023\" width=\"449\" height=\"220\" class=\"nolazy\" decoding=\"async\" fetchpriority=\"high\"\/><\/p>\n<p class=\"caption-title \">liga-directo-2023<\/p>\n<p>\n                26\/09\/2025 20:30<br \/>\n                Actualizado a  26\/09\/2025 22:50\n            <\/p>\n<p>                        \t&#13;<br \/>\n&#13;<br \/>\n&#13;<br \/>\n\t&#13;<br \/>\n\t&#13;<br \/>\n\t\t\t&#13;<br \/>\n\t\t\t\t&#13;<br \/>\n\t&#13;<br \/>\n\t\t&#13;<br \/>\n\t&#13;<br \/>\n\t\t\t&#13;<br \/>\n\t\t\t\t&#13;<br \/>\n\t&#13;<br \/>\n\t\t&#13;<br \/>\n\t&#13;<br \/>\n\t\t\t&#13;<br \/>\n\t\t\t\t&#13;<br \/>\n\t&#13;<br \/>\n\t\t&#13;<br \/>\n\t&#13;<br \/>\n\t\t\t&#13;<br \/>\n\t\t\t\t&#13;<br \/>\n\t&#13;<br \/>\n\t\t&#13;<br \/>\n\t&#13;<br \/>\n\t\t&#13;<br \/>\n\t&#13;<br \/>\n\t\t&#13;<br \/>\n\t&#13;<br \/>\n\t\t&#13;<br \/>\n\t&#13;<br \/>\n\t\t&#13;<br \/>\n\t&#13;<br \/>\n\t\t&#13;<br \/>\n\t&#13;<br \/>\n\t\t&#13;<br \/>\n\t&#13;<br \/>\n\t\t&#13;<br \/>\n\t&#13;<br \/>\n\t\t&#13;<br \/>\n\t&#13;<br \/>\n\t\t&#13;<br \/>\n\t&#13;<br \/>\n\t\t&#13;<br \/>\n\t&#13;<br \/>\n\t\t&#13;<br \/>\n\t&#13;<br \/>\n\t\t&#13;<br \/>\n\t&#13;<br \/>\n\t\t&#13;<br \/>\n\t&#13;<br \/>\n\t\t&#13;<br \/>\n\t&#13;<br \/>\n\t\t&#13;<br \/>\n\t&#13;<br \/>\n\t\t&#13;<br \/>\n\t&#13;<br \/>\n\t\t&#13;<br \/>\n\t&#13;<br \/>\n\t\t&#13;<br \/>\n\t&#13;<br \/>\n\t\t&#13;<br \/>\n\t&#13;<br \/>\n\t\t&#13;<br \/>\n\t&#13;<br \/>\n\t\t&#13;<br \/>\n\t&#13;<br \/>\n\t\t&#13;<br \/>\n\t&#13;<br \/>\n\t\t&#13;<br \/>\n\t&#13;<br \/>\n\t\t&#13;<br \/>\n\t&#13;<br \/>\n\t\t&#13;<br \/>\n\t&#13;<br \/>\n\t\t&#13;<br \/>\n\t&#13;<br \/>\n\t\t&#13;<br \/>\n\t&#13;<br \/>\n\t\t&#13;<br \/>\n\t&#13;<br \/>\n\t\t&#13;<br \/>\n\t&#13;<br \/>\n\t\t&#13;<br \/>\n\t&#13;<br \/>\n\t\t&#13;<br \/>\n\t&#13;<br \/>\n\t\t&#13;<br \/>\n\t&#13;<br \/>\n\t\t&#13;<br \/>\n\t&#13;<br \/>\n\t\t&#13;<br \/>\n\t&#13;<br \/>\n\t\t&#13;<br \/>\n\t&#13;<br \/>\n\t\t&#13;<br \/>\n\t&#13;<br \/>\n\t\t&#13;<br \/>\n\t&#13;<br \/>\n\t\t&#13;<br \/>\n\t&#13;<br \/>\n\t\t&#13;<br \/>\n\t&#13;<br \/>\n\t\t&#13;<br \/>\n\t&#13;<br \/>\n\t\t&#13;<br \/>\n\t&#13;<br \/>\n\t\t&#13;<br \/>\n\t&#13;<br \/>\n\t\t&#13;<br \/>\n\t&#13;<br \/>\n\t\t&#13;<br \/>\n\t&#13;<br \/>\n\t\t&#13;<br \/>\n\t&#13;<br \/>\n\t\t&#13;<br \/>\n\t&#13;<br \/>\n\t\t&#13;<br \/>\n\t&#13;<br \/>\n\t\t&#13;<br \/>\n\t&#13;<br \/>\n\t\t&#13;<br \/>\n\t&#13;<br \/>\n\t\t&#13;<br \/>\n\t&#13;<br \/>\n\t\t&#13;<br \/>\n\t&#13;<br \/>\n\t\t&#13;<br \/>\n\t&#13;<br \/>\n\t\t&#13;<br \/>\n\t&#13;<br \/>\n\t\t&#13;<br \/>\n\t&#13;<br \/>\n\t\t&#13;<br \/>\n\t&#13;<br \/>\n\t\t&#13;<br \/>\n\t&#13;<br \/>\n\t\t&#13;<br \/>\n\t&#13;<br \/>\n\t\t&#13;<br \/>\n\t&#13;<br \/>\n\t\t&#13;<br \/>\n\t&#13;<br \/>\n\t\t&#13;<br \/>\n\t&#13;<br \/>\n\t\t&#13;<br \/>\n\t&#13;<br \/>\n\t\t&#13;<br \/>\n\t&#13;<br \/>\n\t\t&#13;<br \/>\n\t&#13;<br \/>\n\t\t&#13;<br \/>\n\t&#13;<br \/>\n\t\t&#13;<br \/>\n\t&#13;<br \/>\n\t\t&#13;<br \/>\n\t&#13;<br \/>\n\t&#13;<\/p>\n<p><strong>Generado por BeSoccer<\/strong><\/p>\n<p>&#13;<\/p>\n<p class=\"paragraph\">\nEl encuentro <b>Girona<\/b> &#8211; <b>Espanyol<\/b> de LaLiga EA Sports, que se disputa<br \/>\n\ten Municipal Montilivi<br \/>\na las <b>21:00 horas<\/b> se podr\u00e1 ver en directo a trav\u00e9s de<br \/>\n\t<b>\t\t\t\t\tM+ LaLiga (Esp), DAZN Espana, LaLiga TV Bar (Esp)<\/b><br \/>\n y seguir la \u00faltima hora a trav\u00e9s de la web de <b>LaVanguardia<\/b>.\n<\/p>\n<p>\tGirona &#8211; Espanyol<br \/>\n\tClasificaci\u00f3n y estadisticas entre Girona &#8211; Espanyol<\/p>\n<p class=\"paragraph\">\n\tGirona llega al partido tras haberse enfrentado en la jornada anterior al<br \/>\n\t<b><br \/>\n\t\t\tAthletic<br \/>\n\t\t<\/b><br \/>\n\t, mientras que Espanyol jug\u00f3 su \u00faltimo partido de LaLiga EA Sports contra<br \/>\n\t<b><br \/>\n\t\t\tValencia<br \/>\n\t\t<\/b><br \/>\n\t.<br \/>\n\tEl <b>Girona<\/b> ocupa actualmente la <b>posici\u00f3n n\u00famero 19<\/b> de<br \/>\n\tLaLiga EA Sports con 3 puntos, mientras que su rival, el<br \/>\n\t<b>Espanyol<\/b>, ocupa el <b>puesto 4<\/b> con 12 puntos.\n<\/p>\n<p class=\"paragraph\">\nLa web de La Vanguardia tambi\u00e9n ofrecer\u00e1 toda la actualidad del choque en directo minuto a minuto tras el pitido inicial del \u00e1rbitro. Consulta aqu\u00ed el resto de partidos de la<br \/>\n<a href=\"https:\/\/www.lavanguardia.com\/deportes\/resultados\/laliga-primera-division\" rel=\"nofollow noopener\" target=\"_blank\">jornada de LaLiga EA Sports<\/a>, el<br \/>\n<a href=\"https:\/\/www.lavanguardia.com\/deportes\/resultados\/laliga-primera-division\/calendario\/girona\" rel=\"nofollow noopener\" target=\"_blank\">calendario del Girona<\/a>, el<br \/>\n<a href=\"https:\/\/www.lavanguardia.com\/deportes\/resultados\/laliga-primera-division\/calendario\/espanyol\" rel=\"nofollow noopener\" target=\"_blank\">calendario del Espanyol<\/a> y las<br \/>\n<a href=\"https:\/\/www.lavanguardia.com\/deportes\/resultados\/laliga-primera-division\/estadisticas\" rel=\"nofollow noopener\" target=\"_blank\">estad\u00edsticas de LaLiga EA Sports<\/a>.<br \/>\nTambi\u00e9n puedes consultar la <a href=\"https:\/\/www.lavanguardia.com\/deportes\/resultados\/laliga-primera-division\/clasificacion\" rel=\"nofollow noopener\" target=\"_blank\">clasificaci\u00f3n de LaLiga EA Sports<\/a>.\n<\/p>\n<p>\n                            Mostrar comentarios\n                        <\/p>\n<p>{\u00aballowComment\u00bb:\u00bballowed\u00bb,\u00bbarticleId\u00bb:\u00bbarticle-11006707&#8243;,\u00bburl\u00bb:\u00bbhttps:\\\/\\\/www.lavanguardia.com\\\/deportes\\\/futbol\\\/20250926\\\/21900\\\/girona-espanyol-laliga-primera-division-ca-en-directo-ctx.html\u00bb,\u00bblivefyre-url\u00bb:\u00bbarticle-11006707&#8243;}<\/p>\n<p>Cargando siguiente contenido&#8230;\n                <\/p>\n","protected":false},"excerpt":{"rendered":"Sigue en directo el partido de f\u00fatbol de LaLiga EA Sports entre Girona y Espanyol liga-directo-2023 26\/09\/2025 20:30&hellip;\n","protected":false},"author":2,"featured_media":52155,"comment_status":"","ping_status":"","sticky":false,"template":"","format":"standard","meta":{"footnotes":""},"categories":[93],"tags":[168,25,24,23,167],"class_list":{"0":"post-141199","1":"post","2":"type-post","3":"status-publish","4":"format-standard","5":"has-post-thumbnail","7":"category-deportes","8":"tag-deportes","9":"tag-es","10":"tag-espana","11":"tag-spain","12":"tag-sports"},"share_on_mastodon":{"url":"","error":""},"_links":{"self":[{"href":"https:\/\/www.europesays.com\/es\/wp-json\/wp\/v2\/posts\/141199","targetHints":{"allow":["GET"]}}],"collection":[{"href":"https:\/\/www.europesays.com\/es\/wp-json\/wp\/v2\/posts"}],"about":[{"href":"https:\/\/www.europesays.com\/es\/wp-json\/wp\/v2\/types\/post"}],"author":[{"embeddable":true,"href":"https:\/\/www.europesays.com\/es\/wp-json\/wp\/v2\/users\/2"}],"replies":[{"embeddable":true,"href":"https:\/\/www.europesays.com\/es\/wp-json\/wp\/v2\/comments?post=141199"}],"version-history":[{"count":0,"href":"https:\/\/www.europesays.com\/es\/wp-json\/wp\/v2\/posts\/141199\/revisions"}],"wp:featuredmedia":[{"embeddable":true,"href":"https:\/\/www.europesays.com\/es\/wp-json\/wp\/v2\/media\/52155"}],"wp:attachment":[{"href":"https:\/\/www.europesays.com\/es\/wp-json\/wp\/v2\/media?parent=141199"}],"wp:term":[{"taxonomy":"category","embeddable":true,"href":"https:\/\/www.europesays.com\/es\/wp-json\/wp\/v2\/categories?post=141199"},{"taxonomy":"post_tag","embeddable":true,"href":"https:\/\/www.europesays.com\/es\/wp-json\/wp\/v2\/tags?post=141199"}],"curies":[{"name":"wp","href":"https:\/\/api.w.org\/{rel}","templated":true}]}}