{"id":141200,"date":"2025-09-26T23:59:04","date_gmt":"2025-09-26T23:59:04","guid":{"rendered":"https:\/\/www.europesays.com\/es\/141200\/"},"modified":"2025-09-26T23:59:04","modified_gmt":"2025-09-26T23:59:04","slug":"los-grupos-sinclair-y-nexstar-levantan-el-veto-a-jimmy-kimmel-y-emitiran-el-programa-en-sus-cadenas-locales-asociadas-a-la-abc","status":"publish","type":"post","link":"https:\/\/www.europesays.com\/es\/141200\/","title":{"rendered":"Los grupos Sinclair y Nexstar levantan el veto a Jimmy Kimmel y emitir\u00e1n el programa en sus cadenas locales asociadas a la ABC"},"content":{"rendered":"<p class=\"article-text\">\n        Sinclair Broadcast Group y Nextar Media Group han anunciado este viernes que volver\u00e1n a emitir el programa nocturno de Jimmy Kimmel en sus emisoras asociadas a ABC este viernes por la noche. As\u00ed, ponen fin a un apag\u00f3n televisivo de varios d\u00edas en docenas de ciudades de Estados Unidos debido a las declaraciones del comediante tras el asesinato del activista conservador Charlie Kirk.\n    <\/p>\n<p>    <a href=\"https:\/\/www.eldiario.es\/internacional\/jimmy-kimmel-regresa-llamando-antiamericano-ataque-libertad-expresion-trump-reaccionado-enfurecido-abc_1_12627325.html\" data-mrf-recirculation=\"saber-mas\" data-dl-event=\"saber-mas\" rel=\"nofollow noopener\" target=\"_blank\"><\/p>\n<p class=\"know-more__title\">Jimmy Kimmel regresa llamando \u00abantiamericano\u00bb el ataque a la libertad de expresi\u00f3n de Trump, quien ha reaccionado enfurecido contra la ABC<\/p>\n<p>            <img decoding=\"async\" class=\"lazy\" loading=\"lazy\" data-src=\"https:\/\/static.eldiario.es\/clip\/f86f3b62-3644-4418-b58f-3bbe60dc727d_16-9-aspect-ratio_default_0_x668y193.jpg\" src=\"data:image\/svg+xml,%3Csvg xmlns=\" http:=\"\" viewbox=\"0 0 880 495\" alt=\"Jimmy Kimmel regresa llamando &quot;antiamericano&quot; el ataque a la libertad de expresi\u00f3n de Trump, quien ha reaccionado enfurecido contra la ABC\"\/><\/p>\n<p>                        <\/a><\/p>\n<p class=\"article-text\">\n        \u201cNuestro objetivo durante este proceso ha sido garantizar que la programaci\u00f3n siga siendo precisa y atractiva para la mayor audiencia posible\u201d, ha afirmado Sinclair, que opera 38 emisoras afiliadas a ABC, en un comunicado este viernes por la tarde. \u201cNos tomamos muy en serio nuestra responsabilidad como emisoras locales de ofrecer una programaci\u00f3n que sirva a los intereses de nuestras comunidades, al tiempo que cumplimos con nuestra obligaci\u00f3n de transmitir la programaci\u00f3n de las cadenas nacionales\u201d.\n    <\/p>\n<blockquote class=\"twitter-tweet\" data-lang=\"es\"><p><a href=\"https:\/\/twitter.com\/X\/status\/1971636546534285506?ref_src=twsrc%5Etfw\" rel=\"nofollow noopener\" target=\"_blank\"><\/p><\/blockquote>\n<p class=\"article-text\">\n        Horas despu\u00e9s de la decisi\u00f3n de Sinclair, Nexstar ha anunciado que tambi\u00e9n emitir\u00eda el show de Kimmil. Lo ha hecho defendiendo la Primera Enmienda de la Constituci\u00f3n americana, que protege la libertad de expresi\u00f3n en EEUU. \u201cComo emisora local, Nexstar mantiene su compromiso con la protecci\u00f3n de la Primera Enmienda, al tiempo que produce y emite noticias locales y nacionales basadas en hechos y sin sesgos\u201d, aseguran en el comunicado.\n    <\/p>\n<p class=\"article-text\">\n        El pasado 17 de septiembre, la cadena ABC, propiedad de Disney, decidi\u00f3 suspender \u201cindefinidamente\u201d a Kimmel tras las amenzas recibidas por parte del director de la Comisi\u00f3n Federal de Comunicaciones (FCC), Brendan Carr. Al director de la FCC lo nombr\u00f3 el presidente Trump.\n    <\/p>\n<p class=\"article-text\">\n        Ante la decisi\u00f3n de ABC, Nexstar y Sinclair tambi\u00e9n anunciaron que suspender\u00edan la emisi\u00f3n de Jimmy Kimmel Live!. De hecho, Sinclair carg\u00f3 contra el c\u00f3mico antes de que la decisi\u00f3n de ABC fuera definitiva.\n    <\/p>\n<p class=\"article-text\">\n        Sinclair, conocido por su contenido pol\u00edtico conservador, inst\u00f3 a Kimmel a disculparse con la familia de Kirk. Le lleg\u00f3 a pedir que \u201chiciera una donaci\u00f3n personal significativa\u201d a Turning Point USA, la organizaci\u00f3n fundada por el activista ultra.\n    <\/p>\n<p class=\"article-text\">\n        Incluso despu\u00e9s de que Disney decidiera el regreso de Kimmel el pasado martes, tanto Sinclair como Nexstar continuaron cancelando la emisi\u00f3n del programa.\n    <\/p>\n<p class=\"article-text\">\n        En su comunicado de este viernes, Sinclair afirma haber recibido \u201ccomentarios de espectadores, anunciantes y l\u00edderes comunitarios que representan una amplia gama de perspectivas\u201d y haber detectado \u201cactos de violencia preocupantes\u201d, en referencia al tiroteo en el vest\u00edbulo de una emisora de la ABC en Sacramento.\n    <\/p>\n<p class=\"article-text\">\n        \u201cEstos eventos subrayan la importancia de una radiodifusi\u00f3n responsable y la importancia del di\u00e1logo respetuoso entre las diferentes voces\u201d, a\u00f1adi\u00f3 Sinclair.\n    <\/p>\n<p class=\"article-text\">\n        Como resultado del boicot de Sinclair y Nexstar, los espectadores de ciudades como Washington, D.C. y Seattle se quedaron sin el programa nocturno en la televisi\u00f3n local.\n    <\/p>\n<p class=\"article-text\">\n        El veto se tradujo en una movilizaci\u00f3n nacional en torno a las protecciones de la Primera Enmienda, en particular porque la Administraci\u00f3n Trump est\u00e1n en una ofensiva contra la libertad de expresi\u00f3n tras el asesinato de Kirk.\n    <\/p>\n<p class=\"article-text\">\n        Los comentarios de Kimmel no se centraron en Kirk, quien era un aliado de Trump. Sin embargo, atac\u00f3 a Trump y a los MAGA por su respuesta al asesinato de Kirk, que, seg\u00fan Kimmel, incluy\u00f3 acusaciones e intentos de caracterizar al presunto tirador como \u201ccualquier cosa menos uno de ellos\u201d.\n    <\/p>\n<p class=\"article-text\">\n        A ra\u00edz de aquello, el presidente de la FCC, Brendan Carr, acus\u00f3 a Kimmel de querer \u201cenga\u00f1ar directamente al p\u00fablico estadounidense\u201d. Antes de la suspensi\u00f3n de Kimmel, Carr advirti\u00f3 de que las filiales locales de Disney y ABC podr\u00edan afrontar consecuencias si el c\u00f3mico no era sancionado.\n    <\/p>\n<p class=\"article-text\">\n        El 17 de septiembre, el vicepresidente de Sinclair, Jason Smith, calific\u00f3 los comentarios de Kimmel de \u201cinapropiados y profundamente insensibles\u201d, <a href=\"https:\/\/apnews.com\/article\/jimmy-kimmel-sinclair-affiliates-40489e9058a609029ebcb2ef894221e9\" data-mrf-recirculation=\"links-noticia\" class=\"link\" target=\"_blank\" rel=\"nofollow noopener\">informa Associated Press,<\/a> y afirm\u00f3 que la suspensi\u00f3n de ABC no era suficiente.\n    <\/p>\n<p class=\"article-text\">\n        Smith agradeci\u00f3 los comentarios de Carr y exigi\u00f3 \u201cmedidas regulatorias inmediatas\u201d de la FCC \u201cpara abordar el control que las grandes cadenas nacionales ejercen sobre las emisoras locales\u201d.\n    <\/p>\n<p class=\"article-text\">\n        Aun as\u00ed, en el anuncio de este viernes, Sinclair sostiene que su decisi\u00f3n de suspender el programa de Kimmel fue \u201cindependiente de cualquier interacci\u00f3n o influencia gubernamental\u201d, seg\u00fan el comunicado de Sinclair, a\u00f1adiendo que las emisoras ten\u00edan derecho a ejercer su propio criterio.\n    <\/p>\n<p class=\"article-text\">\n        \u201cSi bien entendemos que no todos estar\u00e1n de acuerdo con nuestra decisi\u00f3n sobre la programaci\u00f3n, es simplemente incoherente defender la libertad de expresi\u00f3n y al mismo tiempo exigir que las emisoras transmitan un contenido espec\u00edfico\u201d, a\u00f1adi\u00f3 la compa\u00f1\u00eda.\n    <\/p>\n<p class=\"article-text\">\n        Si bien las filiales locales de televisi\u00f3n transmiten su propia programaci\u00f3n, como noticias locales, tambi\u00e9n contratan a emisoras nacionales m\u00e1s grandes, a las que pagan para que transmitan su contenido nacional, dividiendo los ingresos por publicidad y las tarifas de las compa\u00f1\u00edas de cable.\n    <\/p>\n<p>    <a href=\"https:\/\/www.eldiario.es\/internacional\/cadenas-locales-asociadas-abc-boicotean-regreso-jimmy-kimmel_1_12626520.html\" data-mrf-recirculation=\"saber-mas-abajo\" data-dl-event=\"saber-mas-abajo\" rel=\"nofollow noopener\" target=\"_blank\"><\/p>\n<p class=\"know-more__title\">Las cadenas locales asociadas a la ABC boicotean el regreso de Jimmy Kimmel\n<\/p>\n<p>            <img decoding=\"async\" class=\"lazy\" loading=\"lazy\" data-src=\"https:\/\/static.eldiario.es\/clip\/cb78a328-ad89-496d-954d-ba047e26a6d4_16-9-aspect-ratio_default_0.jpg\" src=\"data:image\/svg+xml,%3Csvg xmlns=\" http:=\"\" viewbox=\"0 0 880 495\" alt=\"Las cadenas locales asociadas a la ABC boicotean el regreso de Jimmy Kimmel\"\/><\/p>\n<p>                        <\/a><\/p>\n<p class=\"article-text\">\n        Sinclair afirma que est\u00e1n teniendo conversaciones \u201cconstructivas\u201d con la ABC y que sus propuestas a la cadena para fortalecer la rendici\u00f3n de cuentas y el di\u00e1logo, y nombrar un defensor del espectador, est\u00e1n pendientes.\n    <\/p>\n<p>                                    <script async src=\"https:\/\/platform.twitter.com\/widgets.js\" charset=\"utf-8\"><\/script><\/p>\n","protected":false},"excerpt":{"rendered":"Sinclair Broadcast Group y Nextar Media Group han anunciado este viernes que volver\u00e1n a emitir el programa nocturno&hellip;\n","protected":false},"author":2,"featured_media":141201,"comment_status":"","ping_status":"","sticky":false,"template":"","format":"standard","meta":{"footnotes":""},"categories":[91],"tags":[15171,15644,8430,146,147,25,24,100,20984,20985,5777,19102,2145,43948,23,11538],"class_list":{"0":"post-141200","1":"post","2":"type-post","3":"status-publish","4":"format-standard","5":"has-post-thumbnail","7":"category-entretenimiento","8":"tag-abc","9":"tag-cadenas","10":"tag-emitira","11":"tag-entertainment","12":"tag-entretenimiento","13":"tag-es","14":"tag-espana","15":"tag-grupo","16":"tag-jimmy","17":"tag-kimmel","18":"tag-levanta","19":"tag-locales","20":"tag-programa","21":"tag-sinclair","22":"tag-spain","23":"tag-veto"},"share_on_mastodon":{"url":"","error":""},"_links":{"self":[{"href":"https:\/\/www.europesays.com\/es\/wp-json\/wp\/v2\/posts\/141200","targetHints":{"allow":["GET"]}}],"collection":[{"href":"https:\/\/www.europesays.com\/es\/wp-json\/wp\/v2\/posts"}],"about":[{"href":"https:\/\/www.europesays.com\/es\/wp-json\/wp\/v2\/types\/post"}],"author":[{"embeddable":true,"href":"https:\/\/www.europesays.com\/es\/wp-json\/wp\/v2\/users\/2"}],"replies":[{"embeddable":true,"href":"https:\/\/www.europesays.com\/es\/wp-json\/wp\/v2\/comments?post=141200"}],"version-history":[{"count":0,"href":"https:\/\/www.europesays.com\/es\/wp-json\/wp\/v2\/posts\/141200\/revisions"}],"wp:featuredmedia":[{"embeddable":true,"href":"https:\/\/www.europesays.com\/es\/wp-json\/wp\/v2\/media\/141201"}],"wp:attachment":[{"href":"https:\/\/www.europesays.com\/es\/wp-json\/wp\/v2\/media?parent=141200"}],"wp:term":[{"taxonomy":"category","embeddable":true,"href":"https:\/\/www.europesays.com\/es\/wp-json\/wp\/v2\/categories?post=141200"},{"taxonomy":"post_tag","embeddable":true,"href":"https:\/\/www.europesays.com\/es\/wp-json\/wp\/v2\/tags?post=141200"}],"curies":[{"name":"wp","href":"https:\/\/api.w.org\/{rel}","templated":true}]}}