{"id":141208,"date":"2025-09-27T00:03:09","date_gmt":"2025-09-27T00:03:09","guid":{"rendered":"https:\/\/www.europesays.com\/es\/141208\/"},"modified":"2025-09-27T00:03:09","modified_gmt":"2025-09-27T00:03:09","slug":"la-economia-espanola-recibe-la-tercera-mejora-de-rating-en-menos-de-un-mes","status":"publish","type":"post","link":"https:\/\/www.europesays.com\/es\/141208\/","title":{"rendered":"la econom\u00eda espa\u00f1ola recibe la tercera mejora de rating en menos de un mes"},"content":{"rendered":"<p>La agencia de calificaci\u00f3n Moody&#8217;s ha seguido la estela de Standard &amp; Poor&#8217;s y ha subido la nota de la deuda soberana espa\u00f1ola, pasando al nivel A3 con perspectiva estable, el s\u00e9ptimo escal\u00f3n de su r\u00e1nking, desde Baa1. Es la primera vez desde 2012, en lo peor de la crisis de deuda europea, que Espa\u00f1a sale del rango &#8216;B&#8217; de esa agencia. La \u00faltima vez que la agencia hab\u00eda mejorado la nota a la deuda espa\u00f1ola fue en 2018. A los pocos minutos, Fitch Ratings ha mejorado la calificaci\u00f3n crediticia a largo plazo de Espa\u00f1a de &#8216;A-&#8216; a &#8216;A&#8217;, con perspectiva estable.<\/p>\n<p>Fitch Ratings ha <b>mejorado la calificaci\u00f3n crediticia a largo plazo de Espa\u00f1a de &#8216;A-&#8216; a &#8216;A&#8217;, con perspectiva estable<\/b>. \u00abEl rendimiento econ\u00f3mico de Espa\u00f1a ha superado las expectativas y ha superado con creces a otras grandes econom\u00edas de la eurozona. El crecimiento econ\u00f3mico se sustenta en una gran afluencia migratoria y unas exportaciones de servicios s\u00f3lidas y cada vez m\u00e1s diversificadas\u00bb, dice la agencia en su <a rel=\"nofollow noopener\" href=\"https:\/\/www.fitchratings.com\/research\/sovereigns\/fitch-upgrades-spain-to-a-outlook-stable-26-09-2025\" target=\"_blank\">an\u00e1lisis<\/a>.<\/p>\n<p>Fitch prev\u00e9 que la econom\u00eda se mantendr\u00e1 resiliente, gracias a la limitada exposici\u00f3n a los aranceles estadounidenses y al continuo desapalancamiento externo neto. \u00abLas recientes ganancias de productividad, el moderado crecimiento salarial y los precios relativamente bajos de la energ\u00eda han impulsado la competitividad externa y fortalecido los balances externos privados\u00bb, explica.<\/p>\n<p>Asimismo, Fitch mejora la previsi\u00f3n de crecimiento del PIB para Espa\u00f1a al 2,7% en 2025 y al 2,0% en 2026, lo que refleja un crecimiento trimestral superior al previsto en el primer semestre de 2025.<\/p>\n<p>En el <a rel=\"nofollow noopener\" href=\"https:\/\/ratings.moodys.com\/ratings-news\/451408\" target=\"_blank\">documento de Moody&#8217;s<\/a>, <b>la agencia apunta como principales motivos de ese ascenso el fuerte crecimiento del PIB del pa\u00eds, la reducci\u00f3n de la deuda externa y la creciente resiliencia de la econom\u00eda<\/b> espa\u00f1ola. Moody&#8217;s se\u00f1ala a las reformas estructurales de la pasada d\u00e9cada, el fuerte desapalancamiento y el aumento de la inmigraci\u00f3n, que sostiene el crecimiento.<\/p>\n<p>\u00ab<b>La decisi\u00f3n de mejorar la calificaci\u00f3n de Espa\u00f1a a A3 refleja nuestra opini\u00f3n de que la fortaleza econ\u00f3mica de Espa\u00f1a est\u00e1 mejorando debido a un modelo de crecimiento econ\u00f3mico m\u00e1s equilibrado<\/b>, mejoras en el mercado laboral y un fortalecimiento del sector bancario que aumentan la resiliencia de la econom\u00eda\u00bb, comentan los economistas.<\/p>\n<p>Y a\u00f1aden: \u00abEn los pr\u00f3ximos a\u00f1os, las restricciones de la oferta laboral se aliviar\u00e1n gracias a los flujos migratorios netos positivos y a los incentivos para prolongar la vida laboral. La ventaja competitiva de Espa\u00f1a en la producci\u00f3n de energ\u00edas renovables tambi\u00e9n impulsa el crecimiento y la estabilidad macroecon\u00f3mica. A su vez, un entorno econ\u00f3mico s\u00f3lido permite una mejora gradual de la carga de la deuda p\u00fablica, que prevemos que continuar\u00e1\u00bb.<\/p>\n<p>Todo lo anterior <a href=\"https:\/\/www.eleconomista.es\/economia\/noticias\/13543441\/09\/25\/sp-eleva-el-rating-de-espana-por-primera-vez-desde-2019.html\" title=\"S&amp;P eleva el rating de Espa\u00f1a por primera vez desde 2019\" rel=\"nofollow noopener\" target=\"_blank\">ya estaba incluido en la justificaci\u00f3n de S&amp;P para mejorar el rating de Espa\u00f1a<\/a> hace dos semanas. En su caso, actualiz\u00f3 su calificaci\u00f3n crediticia de &#8216;A&#8217; a &#8216;A+&#8217;, lo que supon\u00eda la primera mejora para Espa\u00f1a de esta agencia desde 2019. Standard &amp; Poor&#8217;s coment\u00f3 a su vez que solo un deterioro del d\u00e9ficit o de la balanza por cuenta corriente podr\u00eda motivar una rebaja de la calificaci\u00f3n a la baja en pr\u00f3ximos a\u00f1os.<\/p>\n<p><b>Espa\u00f1a sufri\u00f3 el mayor derrumbe de sus calificaciones de deuda entre 2010 y 2012<\/b>. En aquellos a\u00f1os, la crisis financiera derivada de la burbuja inmobiliaria provoc\u00f3 que la deuda externa de Espa\u00f1a se disparara. Aunque el pa\u00eds ten\u00eda un nivel mucho mejor que el actual en proporci\u00f3n a su PIB, el derrumbe de numerosos bancos y cajas de ahorro y la marcha de los prestamistas extranjeros dej\u00f3 a Espa\u00f1a en una posici\u00f3n muy d\u00e9bil. La prima de riesgo -el diferencial entre los intereses de la deuda espa\u00f1ola y la alemana- subi\u00f3 a niveles nunca vistos desde la introducci\u00f3n del euro, y las agencias de calificaci\u00f3n de deuda bajaron el &#8216;rating&#8217; de Espa\u00f1a de su nivel m\u00e1ximo, el &#8216;AAA&#8217;, al nivel &#8216;B&#8217;, siete escalones o m\u00e1s por debajo. <b>La &#8216;remontada&#8217; comenz\u00f3 a partir de 2018, cuando el pa\u00eds empez\u00f3 a acercarse de nuevo al nivel &#8216;A&#8217;.<\/b><\/p>\n<p>Buenas perspectivas<\/p>\n<p>Las estimaciones de crecimiento del PIB se sit\u00faan en la primera l\u00ednea dentro de la eurozona para este a\u00f1o. Y para el 2026 a\u00fan estar\u00eda por encima de la media, seg\u00fan el consenso de mercado que recoge Bloomberg. <b>El consenso de mercado espera un crecimiento del 2,5% para este ejercicio y del 2% para el que est\u00e1 por venir<\/b>. Con los \u00faltimos pron\u00f3sticos del Fondo Monetario Internacional, la expansi\u00f3n de la econom\u00eda espa\u00f1ola tambi\u00e9n refleja un ritmo que no replican otras econom\u00edas de la eurozona.<\/p>\n<p>Adem\u00e1s, no solo se espera mayor crecimiento, sino que <a href=\"https:\/\/www.eleconomista.es\/economia\/noticias\/13563999\/09\/25\/el-momento-extraordinario-de-la-economia-espanola-no-termina-el-ine-revisa-al-alza-el-pib-del-segundo-trimestre-hasta-el-08.html\" title=\"El momento extraordinario de la econom\u00eda espa\u00f1ola no termina: el INE revisa al alza el PIB del segundo trimestre hasta el 0,8%\" rel=\"nofollow noopener\" target=\"_blank\">la revisi\u00f3n de los \u00faltimos datos, primer y segundo trimestre del a\u00f1o tambi\u00e9n recogen un crecimiento mayor del calculado inicialmente<\/a>. \u00abEn resumen, la econom\u00eda espa\u00f1ola sigue mostrando una fortaleza superior a la anticipada. La demanda interna sigue siendo el motor del crecimiento\u00bb, comentan desde el departamento de an\u00e1lisis de Bankinter.<\/p>\n<p>Del mismo modo, la situaci\u00f3n fiscal de Espa\u00f1a no est\u00e1 al nivel que la francesa o la alemana. Y es que mientras otras econom\u00edas de la zona euro disparan si d\u00e9ficit fiscal, Espa\u00f1a lo contiene hasta reducir el peso de la deuda p\u00fablica frente al PIB al 103,5% con los \u00faltimos datos disponibles. El ratio de Francia est\u00e1 sobre el 114,1%. Y el de Italia sobre el 137,9%, seg\u00fan datos recogidos por Eurostat.<\/p>\n<p>WhatsApp<a href=\"https:\/\/api.whatsapp.com\/send?text=https:\/\/www.eleconomista.es\/economia\/noticias\/13565582\/09\/25\/moodys-sigue-a-sp-y-sube-la-calificacion-de-la-deuda-espanola-a-a3.html?utm_source%3Dwhatsapp%26utm_medium%3Dshare_button&amp;id=1648118629957_whatsapp\" target=\"_blank\" data-action=\"share\/whatsapp\/share\" aria-label=\"Compartir en Whatsapp\" rel=\"nofollow noopener\"><\/a>Facebook<a id=\"fb-share\" href=\"#\" target=\"_blank\" rel=\"noopener noreferrer\" aria-label=\"Compartir en Facebook\"><\/a>Twitter<a href=\"https:\/\/twitter.com\/share?text=Moody%27s+y+Fitch+siguen+los+pasos+de+S%26P%3A+la+econom%C3%ADa+espa%C3%B1ola+recibe+la+tercera+mejora+de+rating+en+menos+de+un+mes&amp;url=https:\/\/www.eleconomista.es\/economia\/noticias\/13565582\/09\/25\/moodys-sigue-a-sp-y-sube-la-calificacion-de-la-deuda-espanola-a-a3.html&amp;via=elEconomistaes&amp;id=1648118839245_twitter\" target=\"_blank\" aria-label=\"Compartir en Twitter\" rel=\"nofollow noopener\"><\/a>Linkedin<a href=\"https:\/\/linkedin.com\/share?text=https:\/\/www.eleconomista.es\/economia\/noticias\/13565582\/09\/25\/moodys-sigue-a-sp-y-sube-la-calificacion-de-la-deuda-espanola-a-a3.html&amp;via=elEconomistaes\" target=\"_blank\" aria-label=\"Compartir en linkedin\" rel=\"nofollow noopener\"><\/a>Beloud<a href=\"https:\/\/beloud.com\/share?text=Moody%27s+y+Fitch+siguen+los+pasos+de+S%26P%3A+la+econom%C3%ADa+espa%C3%B1ola+recibe+la+tercera+mejora+de+rating+en+menos+de+un+mes&amp;url=https:\/\/www.eleconomista.es\/economia\/noticias\/13565582\/09\/25\/moodys-sigue-a-sp-y-sube-la-calificacion-de-la-deuda-espanola-a-a3.html&amp;via=elEconomistaes&amp;id=1648118839245_beloud\" target=\"_blank\" aria-label=\"Compartir en beloud\" rel=\"nofollow noopener\"><\/a>Bluesky<a href=\"https:\/\/bsky.app\/intent\/compose?text=https:\/\/bsky.app\/intent\/compose?text=https:\/\/www.eleconomista.es\/economia\/noticias\/13565582\/09\/25\/moodys-sigue-a-sp-y-sube-la-calificacion-de-la-deuda-espanola-a-a3.html&amp;url=https:\/\/www.eleconomista.es\/economia\/noticias\/13565582\/09\/25\/moodys-sigue-a-sp-y-sube-la-calificacion-de-la-deuda-espanola-a-a3.html&amp;via=elEconomistaes&amp;id=1648118839245_bluesky\" target=\"_blank\" aria-label=\"Compartir en bluesky\" rel=\"nofollow noopener\"><\/a><\/p>\n<p><script async src=\"https:\/\/platform.twitter.com\/widgets.js\" charset=\"utf-8\"><\/script><\/p>\n","protected":false},"excerpt":{"rendered":"La agencia de calificaci\u00f3n Moody&#8217;s ha seguido la estela de Standard &amp; Poor&#8217;s y ha subido la nota&hellip;\n","protected":false},"author":2,"featured_media":141209,"comment_status":"","ping_status":"","sticky":false,"template":"","format":"standard","meta":{"footnotes":""},"categories":[8],"tags":[17,18,5385,25,24,13,14,11,19,20,9,10,15,16,23,12,21,22],"class_list":{"0":"post-141208","1":"post","2":"type-post","3":"status-publish","4":"format-standard","5":"has-post-thumbnail","7":"category-espana","8":"tag-breaking-news","9":"tag-breakingnews","10":"tag-economaa","11":"tag-es","12":"tag-espana","13":"tag-featured-news","14":"tag-featurednews","15":"tag-headlines","16":"tag-latest-news","17":"tag-latestnews","18":"tag-news","19":"tag-noticias","20":"tag-noticias-destacadas","21":"tag-noticiasdestacadas","22":"tag-spain","23":"tag-titulares","24":"tag-ultimas-noticias","25":"tag-ultimasnoticias"},"share_on_mastodon":{"url":"","error":""},"_links":{"self":[{"href":"https:\/\/www.europesays.com\/es\/wp-json\/wp\/v2\/posts\/141208","targetHints":{"allow":["GET"]}}],"collection":[{"href":"https:\/\/www.europesays.com\/es\/wp-json\/wp\/v2\/posts"}],"about":[{"href":"https:\/\/www.europesays.com\/es\/wp-json\/wp\/v2\/types\/post"}],"author":[{"embeddable":true,"href":"https:\/\/www.europesays.com\/es\/wp-json\/wp\/v2\/users\/2"}],"replies":[{"embeddable":true,"href":"https:\/\/www.europesays.com\/es\/wp-json\/wp\/v2\/comments?post=141208"}],"version-history":[{"count":0,"href":"https:\/\/www.europesays.com\/es\/wp-json\/wp\/v2\/posts\/141208\/revisions"}],"wp:featuredmedia":[{"embeddable":true,"href":"https:\/\/www.europesays.com\/es\/wp-json\/wp\/v2\/media\/141209"}],"wp:attachment":[{"href":"https:\/\/www.europesays.com\/es\/wp-json\/wp\/v2\/media?parent=141208"}],"wp:term":[{"taxonomy":"category","embeddable":true,"href":"https:\/\/www.europesays.com\/es\/wp-json\/wp\/v2\/categories?post=141208"},{"taxonomy":"post_tag","embeddable":true,"href":"https:\/\/www.europesays.com\/es\/wp-json\/wp\/v2\/tags?post=141208"}],"curies":[{"name":"wp","href":"https:\/\/api.w.org\/{rel}","templated":true}]}}