{"id":141210,"date":"2025-09-27T00:04:09","date_gmt":"2025-09-27T00:04:09","guid":{"rendered":"https:\/\/www.europesays.com\/es\/141210\/"},"modified":"2025-09-27T00:04:09","modified_gmt":"2025-09-27T00:04:09","slug":"dieron-a-conocer-los-detalles-de-la-votacion-del-balon-de-oro-que-consagro-a-ousmane-dembele-la-diferencia-de-puntos-sobre-lamine-yamal","status":"publish","type":"post","link":"https:\/\/www.europesays.com\/es\/141210\/","title":{"rendered":"Dieron a conocer los detalles de la votaci\u00f3n del Bal\u00f3n de Oro que consagr\u00f3 a Ousmane Demb\u00e9l\u00e9: la diferencia de puntos sobre Lamine Yamal"},"content":{"rendered":"<p><img alt=\"Demb\u00e9l\u00e9 posa con el Bal\u00f3n\" class=\"global-image\" decoding=\"async\" fetchpriority=\"high\" height=\"1080\" loading=\"eager\" src=\"https:\/\/www.europesays.com\/es\/wp-content\/uploads\/2025\/09\/NCZFXPBU4VFQTAM6BM4GNHUG2Q.jpg\" width=\"1920\"\/>Demb\u00e9l\u00e9 posa con el Bal\u00f3n de Oro junto con sus compa\u00f1eros del PSG<\/p>\n<p class=\"paragraph\"><b>Ousmane Demb\u00e9l\u00e9<\/b> se transform\u00f3 en el sexto jugador franc\u00e9s en <a rel=\"noopener noreferrer nofollow\" href=\"https:\/\/www.infobae.com\/deportes\/2025\/09\/22\/la-gala-del-balon-de-oro-todo-lo-que-hay-que-saber-de-la-premiacion-a-los-mejores-futbolistas-del-mundo\/\" target=\"_blank\" title=\"https:\/\/www.infobae.com\/deportes\/2025\/09\/22\/la-gala-del-balon-de-oro-todo-lo-que-hay-que-saber-de-la-premiacion-a-los-mejores-futbolistas-del-mundo\/\">levantar el Bal\u00f3n de Oro<\/a>. El delantero de <b>28 a\u00f1os<\/b> aventaj\u00f3 al joven espa\u00f1ol <b>Lamine Yamal<\/b> y se qued\u00f3 con el galard\u00f3n que reconoce al futbolista m\u00e1s destacado del a\u00f1o. La revista France Football, a cargo de la premiaci\u00f3n, difundi\u00f3 en las \u00faltimas horas los primeros detalles de la votaci\u00f3n.<\/p>\n<p class=\"paragraph\">El atacante del Par\u00eds Saint Germain cosech\u00f3 <b>1380 puntos<\/b> entre los 100 jurados que decidieron la votaci\u00f3n. Le sac\u00f3 <b>321 puntos de diferencia a Lamine Yamal (1059 puntos)<\/b>, el segundo; y <b>677 a Vitinha (703)<\/b>, el mediocampista portugu\u00e9s que se ubic\u00f3 en la tercera ubicaci\u00f3n.<\/p>\n<p class=\"paragraph\">Para tener un par\u00e1metro, sirve recordar que el mediocampista espa\u00f1ol <b>Rodri <\/b><a rel=\"noopener noreferrer nofollow\" href=\"https:\/\/www.infobae.com\/deportes\/2024\/11\/08\/todos-los-votos-del-balon-de-oro-2024-al-detalle-a-cuanto-quedo-lautaro-martinez-de-mbappe-y-los-dos-futbolistas-que-nadie-eligio\/\" target=\"_blank\" title=\"https:\/\/www.infobae.com\/deportes\/2024\/11\/08\/todos-los-votos-del-balon-de-oro-2024-al-detalle-a-cuanto-quedo-lautaro-martinez-de-mbappe-y-los-dos-futbolistas-que-nadie-eligio\/\">gan\u00f3 el Bal\u00f3n de Oro del 2023 luego de sumar 1170 votos<\/a>, imponi\u00e9ndose por un estrecho margen sobre Vinicius Jr. (1129).<\/p>\n<p class=\"paragraph\">La lista de 30 nombres que se arm\u00f3 inicialmente para repartir entre los <b>100 periodistas votantes<\/b>, <a rel=\"noopener\" href=\"\" target=\"_blank\" title=\"\">provenientes de los 100 pa\u00edses ubicados en esas ubicaciones<\/a> del Ranking FIFA, tuvo a dos argentinos como candidatos: <b>Lautaro Mart\u00ednez<\/b>, el mejor posicionado con el 20\u00b0 lugar, sum\u00f3 37 sufragios; mientras que <b>Alexis Mac Allister<\/b>, 21\u00b0, acumul\u00f3 21 votos.<\/p>\n<p><img alt=\"El atacante de PSG sum\u00f3\" class=\"global-image\" decoding=\"async\" fetchpriority=\"low\" height=\"3393\" loading=\"lazy\" src=\"https:\/\/www.europesays.com\/es\/wp-content\/uploads\/2025\/09\/NCXWIPSRTZE7RLRLWFYVNEZKDI.JPG\" width=\"5200\"\/>El atacante de PSG sum\u00f3 1380 puntos (Fotos: Reuters\/Benoit Tessier)<\/p>\n<p class=\"paragraph\">Cada uno de los periodistas elegidos <b>debi\u00f3 emitir 10 votos<\/b> que reparti\u00f3 puntos: 15 unidades para el 1\u00b0, 12 para el 2\u00b0, 10 para el 3\u00b0, 8 para el 4\u00b0, 7 para el 5\u00b0, 5 para el 6\u00b0, 4 para el 7\u00b0, 3 para el 8\u00b0, 2 para el 9\u00b0 y 1 para el 10\u00b0.<\/p>\n<p class=\"paragraph\">El ex Barcelona, Borussia Dortmund y Rennes se uni\u00f3 al selecto grupo de su pa\u00eds que vio levantar esta estatuilla con <b>Raymond Kopa<\/b> (1958), <b>Michel Platini<\/b> (1983, 84 y 85), <b>Jean-Pierre Papin<\/b> (1991), <b>Zinedine Zidane<\/b> (1998) y <b>Karim Benzema<\/b> (2022). Seg\u00fan detallaron France Football y el diario L\u2019Equipe, al Mosquito lo <b>pusieron en el primer lugar el 73% de los 100 jurados<\/b> encargados de decidir al ganador de esta 69\u00aa edici\u00f3n. <b>Yamal s\u00f3lo estuvo primero en la selecci\u00f3n de 11 especialistas<\/b>.<\/p>\n<p class=\"paragraph\">El detalle es que hubo otros seis jugadores que aparecieron tambi\u00e9n en el primer lugar de otros 16 jurados: <b>Vitinha <\/b>(6 veces), <b>Mohamed Salah<\/b> (4), <b>Achraf Hakimi<\/b> (3), <b>Kylian Mbapp\u00e9<\/b>, <b>Khvitcha Kvaratskhelia<\/b> y <b>Scott McTominay<\/b> (1 cada uno). En estos \u00faltimos dos casos, aclararon: \u201cLos dos \u00fanicos votos de \u2018aficionados\u2019 de los dos jurados de los pa\u00edses en cuesti\u00f3n\u201d. El otro dato saliente es que tanto Yamal como Demb\u00e9l\u00e9 estuvieron al menos en el Top 10 de todos los votantes.<\/p>\n<p class=\"paragraph\">\u201c<b>Ning\u00fan miembro del jurado acert\u00f3 el orden de los diez primeros puestos de la clasificaci\u00f3n final<\/b>. Pero esto es mucho m\u00e1s dif\u00edcil desde que cada periodista da su top 10 y ya no su top 5. Inglaterra, Canad\u00e1 y Noruega son los \u00fanicos pa\u00edses que han acertado los cinco primeros puestos en orden. Pero el jurado ingl\u00e9s lo ha hecho a\u00fan mejor: ha acertado los siete primeros puestos de la clasificaci\u00f3n final\u201d, sumaron desde L\u2019Equipe como perlita.<\/p>\n<p class=\"paragraph\">En el rubro del Bal\u00f3n de Oro femenino, que tiene 50 jurados, la espa\u00f1ola <b>Aitana Bonmati<\/b> fue nuevamente la m\u00e1s elegida con 506 puntos, por delante de su compatriota <b>Mariona Caldentey<\/b> (478 puntos) y de la inglesa <b>Alessia Russo<\/b> (420 puntos). El a\u00f1o pasado, la jugadora del Barcelona hab\u00eda sido seleccionada con 675 votos.<\/p>\n<p class=\"paragraph\"><b>1.<\/b> Ousmane Demb\u00e9l\u00e9 (Francia, PSG), 1.380 puntos<\/p>\n<p class=\"paragraph\"><b>2.<\/b> Lamine Yamal (Espa\u00f1a, Barcelona), 1.059 puntos. <\/p>\n<p class=\"paragraph\"><b>3.<\/b> Vitinha (Portugal, PSG), 703 puntos.<\/p>\n<p class=\"paragraph\"><b>4. <\/b>Mohamed Salah (Egipto, Liverpool), 657 puntos.<\/p>\n<p class=\"paragraph\"><b>5. <\/b>Raphinha (Brasil, Barcelona), 620 puntos.<\/p>\n<p class=\"paragraph\"><b>6. <\/b>Achraf Hakimi (Marruecos, PSG), 484 puntos.<\/p>\n<p class=\"paragraph\"><b>7.<\/b> Kylian Mbapp\u00e9 (Francia, Real Madrid), 378 puntos.<\/p>\n<p class=\"paragraph\"><b>8.<\/b> Cole Palmer (Inglaterra, Chelsea), 211 puntos.<\/p>\n<p class=\"paragraph\"><b>9. <\/b>Gianluigi Donnarumma (Italia, PSG), 172 puntos.<\/p>\n<p class=\"paragraph\"><b>10. <\/b>Nuno Mendes (Portugal, PSG), 171 puntos.<\/p>\n<p class=\"paragraph\"><b>11. <\/b>Pedri (Espa\u00f1a, Barcelona), 124 puntos.<\/p>\n<p class=\"paragraph\"><b>12. <\/b>Khvitcha Kvaratskhelia (Georgia, PSG), 123 puntos.<\/p>\n<p class=\"paragraph\"><b>13. <\/b>Harry Kane (Inglaterra, Bayern M\u00fanich), 112 puntos.<\/p>\n<p class=\"paragraph\"><b>14. <\/b>D\u00e9sir\u00e9 Dou\u00e9 (Francia, PSG), 74 puntos.<\/p>\n<p class=\"paragraph\"><b>15. <\/b>Viktor Gy\u00f6keres (Suecia, Sporting Portugal), 56 puntos.<\/p>\n<p class=\"paragraph\"><b>16. <\/b>Vinicius Jr. (Brasil, Real Madrid), 51 puntos.<\/p>\n<p class=\"paragraph\"><b>17. <\/b>Robert Lewandowski (Polonia, Barcelona), 49 puntos.<\/p>\n<p class=\"paragraph\"><b>18. <\/b>Scott McTominay (Escocia, Napoli), 45 puntos.<\/p>\n<p class=\"paragraph\"><b>19. <\/b>Joao Neves (Portugal, PSG), 40 puntos.<\/p>\n<p class=\"paragraph\"><b>20. <\/b>Lautaro Mart\u00ednez (Argentina, Inter de Mil\u00e1n), 37 puntos.<\/p>\n<p class=\"paragraph\"><b>21. <\/b>Serhou Guirassy (Guinea, Borussia Dortmund), 25 puntos.<\/p>\n<p class=\"paragraph\"><b>22.<\/b> Alexis Mac Allister (Argentina, Liverpool), 21 puntos.<\/p>\n<p class=\"paragraph\"><b>23. <\/b>Jude Bellingham (Inglaterra, Real Madrid), 21 puntos.<\/p>\n<p class=\"paragraph\"><b>24. <\/b>Fabi\u00e1n Ruiz (Espa\u00f1a, PSG), 20 puntos.<\/p>\n<p class=\"paragraph\"><b>25. <\/b>Denzel Dumfries (Pa\u00edses Bajos, Inter de Mil\u00e1n), 20 puntos.<\/p>\n<p class=\"paragraph\"><b>26. <\/b>Erling Haaland (Noruega, Manchester City), 18 puntos.<\/p>\n<p class=\"paragraph\"><b>27. <\/b>Declan Rice (Inglaterra, Arsenal), 13 puntos.<\/p>\n<p class=\"paragraph\"><b>28. <\/b>Virgil Van Dijk (Pa\u00edses Bajos, Liverpool), 7 puntos.<\/p>\n<p class=\"paragraph\"><b>29. <\/b>Florian Wirtz (Alemania, Bayer Leverkusen), 5 puntos.<\/p>\n<p class=\"paragraph\"><b>30. <\/b>Michael Olise (Francia, Bayern M\u00fanich), 4 puntos.<\/p>\n<p><img alt=\"\" class=\"global-image\" decoding=\"async\" fetchpriority=\"low\" height=\"2400\" loading=\"lazy\" src=\"https:\/\/www.europesays.com\/es\/wp-content\/uploads\/2025\/09\/W65YHUBYZFBVFGXELJVWWUR2UQ.jpg\" width=\"1920\"\/><\/p>\n<p class=\"paragraph\"><b>1. <\/b>Aitana Bonmati (Espa\u00f1a, Barcelona), 506 puntos.<\/p>\n<p class=\"paragraph\"><b>2.<\/b> Mariona Caldentey (Espa\u00f1a, Arsenal), 478 puntos. <\/p>\n<p class=\"paragraph\"><b>3.<\/b> Alessia Russo (Inglaterra, Arsenal), 420 puntos.<\/p>\n<p class=\"paragraph\"><b>4. <\/b>Alexia Putellas (Espa\u00f1a, Barcelona), 388 puntos.<\/p>\n<p class=\"paragraph\"><b>5. <\/b>Chloe Kelly (Inglaterra, Manchester City, luego Arsenal), 233 puntos.<\/p>\n<p class=\"paragraph\"><b>6. <\/b>Patricia Guijarro (Espa\u00f1a, Barcelona), 157 puntos.<\/p>\n<p class=\"paragraph\"><b>7.<\/b> Leah Williamson (Inglaterra, Arsenal), 151 puntos.<\/p>\n<p class=\"paragraph\"><b>8.<\/b> Ewa Pajor (Polonia, Barcelona), 139 puntos.<\/p>\n<p class=\"paragraph\"><b>9. <\/b>Lucy Bronze (Inglaterra, Chelsea), 135 puntos.<\/p>\n<p class=\"paragraph\"><b>10. <\/b>Hannah Hampton (Inglaterra, Chelsea), 122 puntos.<\/p>\n<p class=\"paragraph\"><b>11.<\/b> Claudia Pina (Espa\u00f1a, Barcelona), 113 puntos.<\/p>\n<p class=\"paragraph\"><b>12. <\/b>Marta (Brasil, Orlando Pride), 106 puntos.<\/p>\n<p class=\"paragraph\"><b>13. <\/b>Caroline Graham Hansen (Noruega, Barcelona), 92 puntos.<\/p>\n<p class=\"paragraph\"><b>14. <\/b>Barbra Banda (Zambia, Orlando Pride), 47 puntos.<\/p>\n<p class=\"paragraph\"><b>15. <\/b>Sandy Baltimore (Francia, Chelsea), 42 puntos.<\/p>\n<p class=\"paragraph\"><b>16. <\/b>Cristiana Girelli (Italia, Juventus), 40 puntos.<\/p>\n<p class=\"paragraph\"><b>17.<\/b> Temwa Chawinga (Malawi, Kansas City Current), 29 puntos.<\/p>\n<p class=\"paragraph\"><b>18.<\/b> Melchie Dumornay (Hait\u00ed, Olympique Lyon), 27 puntos.<\/p>\n<p class=\"paragraph\"><b>19. <\/b>Klara B\u00fchl (Alemania, Bayern M\u00fanich), 25 puntos.<\/p>\n<p class=\"paragraph\"><b>20.<\/b> Pernille Harder (Dinamarca, Bayern M\u00fanich), 20 puntos.<\/p>\n<p class=\"paragraph\"><b>21. <\/b>Amanda Gutierres (Brasil, Palmeiras), 20 puntos.<\/p>\n<p class=\"paragraph\"><b>22. <\/b>Esther Gonzalez (Espa\u00f1a, Gotham FC), 19 puntos.<\/p>\n<p class=\"paragraph\"><b>23. <\/b>Johanna Rytting Kaneryd (Suecia, Chelsea), 11 puntos.<\/p>\n<p class=\"paragraph\"><b>24. <\/b>Sofia Cantore (Italia, Juventus), 9 puntos.<\/p>\n<p class=\"paragraph\"><b>25. <\/b>Emily Fox (EE. UU., Arsenal), 7 puntos.<\/p>\n<p class=\"paragraph\"><b>26. <\/b>Lindsey Heaps (Estados Unidos, Olympique Lyon), 5 puntos.<\/p>\n<p class=\"paragraph\"><b>27<\/b>. Clara Mateo (Francia, Paris FC), 4 puntos.<\/p>\n<p class=\"paragraph\"><b>27<\/b>. Frida Leonhardsen Maanum (Noruega, Arsenal), 4 puntos.<\/p>\n<p class=\"paragraph\"><b>29<\/b>. Steph Catley (Australia, Arsenal), 1 puntos.<\/p>\n<p class=\"paragraph\"><b>30<\/b>. Caroline Weir (Escocia, Real Madrid), 0 puntos.<\/p>\n<p><img alt=\"Los detalles de la votaci\u00f3n\" class=\"global-image\" decoding=\"async\" fetchpriority=\"low\" height=\"2400\" loading=\"lazy\" src=\"https:\/\/www.europesays.com\/es\/wp-content\/uploads\/2025\/09\/XRR7HZBCIRDY7M4HZFY7YUL63Y.jpg\" width=\"1920\"\/>Los detalles de la votaci\u00f3n del Bal\u00f3n de Oro femenino<\/p>\n","protected":false},"excerpt":{"rendered":"Demb\u00e9l\u00e9 posa con el Bal\u00f3n de Oro junto con sus compa\u00f1eros del PSG Ousmane Demb\u00e9l\u00e9 se transform\u00f3 en&hellip;\n","protected":false},"author":2,"featured_media":141211,"comment_status":"","ping_status":"","sticky":false,"template":"","format":"standard","meta":{"footnotes":""},"categories":[5],"tags":[17,18,25,24,406,13,14,11,19,20,9,10,15,16,4759,281,23,3020,12,21,22],"class_list":{"0":"post-141210","1":"post","2":"type-post","3":"status-publish","4":"format-standard","5":"has-post-thumbnail","7":"category-titulares","8":"tag-breaking-news","9":"tag-breakingnews","10":"tag-es","11":"tag-espana","12":"tag-europe","13":"tag-featured-news","14":"tag-featurednews","15":"tag-headlines","16":"tag-latest-news","17":"tag-latestnews","18":"tag-news","19":"tag-noticias","20":"tag-noticias-destacadas","21":"tag-noticiasdestacadas","22":"tag-paris","23":"tag-soccer","24":"tag-spain","25":"tag-sport","26":"tag-titulares","27":"tag-ultimas-noticias","28":"tag-ultimasnoticias"},"share_on_mastodon":{"url":"","error":""},"_links":{"self":[{"href":"https:\/\/www.europesays.com\/es\/wp-json\/wp\/v2\/posts\/141210","targetHints":{"allow":["GET"]}}],"collection":[{"href":"https:\/\/www.europesays.com\/es\/wp-json\/wp\/v2\/posts"}],"about":[{"href":"https:\/\/www.europesays.com\/es\/wp-json\/wp\/v2\/types\/post"}],"author":[{"embeddable":true,"href":"https:\/\/www.europesays.com\/es\/wp-json\/wp\/v2\/users\/2"}],"replies":[{"embeddable":true,"href":"https:\/\/www.europesays.com\/es\/wp-json\/wp\/v2\/comments?post=141210"}],"version-history":[{"count":0,"href":"https:\/\/www.europesays.com\/es\/wp-json\/wp\/v2\/posts\/141210\/revisions"}],"wp:featuredmedia":[{"embeddable":true,"href":"https:\/\/www.europesays.com\/es\/wp-json\/wp\/v2\/media\/141211"}],"wp:attachment":[{"href":"https:\/\/www.europesays.com\/es\/wp-json\/wp\/v2\/media?parent=141210"}],"wp:term":[{"taxonomy":"category","embeddable":true,"href":"https:\/\/www.europesays.com\/es\/wp-json\/wp\/v2\/categories?post=141210"},{"taxonomy":"post_tag","embeddable":true,"href":"https:\/\/www.europesays.com\/es\/wp-json\/wp\/v2\/tags?post=141210"}],"curies":[{"name":"wp","href":"https:\/\/api.w.org\/{rel}","templated":true}]}}