{"id":141214,"date":"2025-09-27T00:06:15","date_gmt":"2025-09-27T00:06:15","guid":{"rendered":"https:\/\/www.europesays.com\/es\/141214\/"},"modified":"2025-09-27T00:06:15","modified_gmt":"2025-09-27T00:06:15","slug":"un-pueblo-volcado-con-sus-festejos","status":"publish","type":"post","link":"https:\/\/www.europesays.com\/es\/141214\/","title":{"rendered":"Un pueblo volcado con sus festejos"},"content":{"rendered":"<p class=\"v-mdl-ath__p v-mdl-ath__p--6\">\nViernes, 26 de septiembre 2025, 07:24<\/p>\n<p class=\"v-p\">La fisionom\u00eda de Mu\u00f1opedro ha cambiado en las \u00faltimas semanas. Las calles se han llenado de talanqueras para encauzar al ganado que correr\u00e1 durante los encierros, y que a la vez ofrecen seguridad al p\u00fablico, y de nuevo la plaza se ha convertido en un coso con sus palos.<strong> Con alegr\u00eda y ganas, los vecinos est\u00e1n muy pendientes de la llegada de estos d\u00edas para disfrutar<\/strong>, no solo de las actividades, sino tambi\u00e9n de la convivencia, pues se reciben muchos hijos del pueblo y se multiplica la poblaci\u00f3n.<\/p>\n<p class=\"v-p\">Uno de los platos fuertes de estas fiestas son los festejos taurinos y en ellos sus vecinos ponen su granito de arena, ayudan y colaboran de forma econ\u00f3mica, lo que <strong>se canaliza a trav\u00e9s de la Asociaci\u00f3n Cultural Taurina San Miguel Arc\u00e1ngel<\/strong>, que lleva el nombre del patr\u00f3n de la localidad y de esta festividad.<\/p>\n<p class=\"v-p\">Los vecinos son conscientes de que, aunque la participaci\u00f3n es pr\u00e1cticamente masiva en todas las actividades, la fiesta no ser\u00eda tan grande y numerosa si no tuviese festejos taurinos, pues son mucho<strong>s los vecinos del entorno que se acercan hasta la localidad a disfrutar de algunos de los encierros, sueltas o becerradas<\/strong> que se suceder\u00e1n estos d\u00edas por las calles del municipio. Algunas iniciativas, adem\u00e1s, se vinculan a estos festejos taurinos, y muchos de los que asisten a alguno de ellos, disfrutan despu\u00e9s de otras actividades, como las charangas o los verm\u00fas, en una fiesta que se vive mucho por el d\u00eda.<\/p>\n<p class=\"v-p\">Hasta hace unos a\u00f1os, eran los quintos los que se encargaban pr\u00e1cticamente de todo lo relacionado con los festejos taurinos, eso s\u00ed, acompa\u00f1ados por adultos y autoridades.<strong> Ellos acud\u00edan a ver los toros y escoger las vacas y becerras para las fiestas, adem\u00e1s de ser los responsables de realizar la recaudaci\u00f3n<\/strong> de la participaci\u00f3n de los vecinos, lo que ahora se realiza a trav\u00e9s de la Asociaci\u00f3n San Miguel, que este a\u00f1o ha conseguido sumar m\u00e1s de 500 socios y sigue creciendo.<\/p>\n<p class=\"v-p\">Para apoyar estas fiestas y la posibilidad de celebrar los festejos,<strong> se establecen cuotas para los socios en funci\u00f3n de la edad,<\/strong> y se pagan entre 30 y 55 euros, con lo que se consigue una pulsera que da acceso gratuito a las becerradas que se celebran en la plaza de toros, pero tambi\u00e9n para participar en la caldereta popular.<\/p>\n<p class=\"v-p\">Gracias a estas aportaciones, vecinos y visitantes disfrutar\u00e1n estos d\u00edas de multitud de festejos, que comienzan ya durante la noche del viernes al s\u00e1bado, con el primer <strong>encierro urbano, en este caso nocturno, que se celebrar\u00e1 a partir de las 3:30 horas de la madrugada,<\/strong> una hora que a algunos les puede parecer algo intempestiva, pero no hace m\u00e1s que poner el punto y seguido a la diversi\u00f3n de los vecinos, en una noche muy esperada para ellos.<\/p>\n<p class=\"v-p\">Otra de las actividades que se pone en marcha a trav\u00e9s de la Asociaci\u00f3n Taurina San Miguel es la celebraci\u00f3n de un toro de caj\u00f3n durante la tarde del s\u00e1bado. Ser\u00e1 a partir de las 20:00 horas cuando llegue<strong> el desencajonamiento del morlaco, que despu\u00e9s ser\u00e1 corrido por las calles y toreado por aficionados<\/strong>. Se trata de la cuarta edici\u00f3n de esta actividad, por lo que su historia es reciente, pero ha contado con muy buena acogida, por lo que se viene desarrollando a\u00f1o tras a\u00f1o en estas fiestas.<\/p>\n<p class=\"v-p\">Tradiciones<\/p>\n<p class=\"v-p\">Tras una larga noche de s\u00e1bado, en la que la m\u00fasica llenar\u00e1 las calles de Mu\u00f1opedro a todas horas, el domingo a las 12:00 horas tendr\u00e1 lugar <strong>un nuevo encierro urbano, eso s\u00ed, precedido de una de las tradiciones<\/strong> que se desarrollaban hace algunas d\u00e9cadas y que ha sido recuperada, con alg\u00fan cambio, de la mano de la juventud del pueblo.<\/p>\n<p class=\"v-p\">Se trata de ir a buscar los toros antes del encierro. Y es que, en los a\u00f1os 80 y 90, despu\u00e9s de la tradicional suelta de vaquillas que se celebraba diariamente,<strong> los j\u00f3venes iban hasta la zona del cordel a esperar la llegada del cami\u00f3n de los toros,<\/strong> para despu\u00e9s acompa\u00f1arlo hasta el pueblo con gran algarab\u00eda y pitidos de coche. Un d\u00eda se preparaba chocolate y otro sardinas a la brasa.<\/p>\n<p class=\"v-p\">La tradici\u00f3n dej\u00f3 de hacerse a finales del siglo pasado, y despu\u00e9s se trat\u00f3 de recuperar de forma similar, aunque ahora se ha retomado, evitando el riesgo de moverse en coche, por lo que<strong> los j\u00f3venes acuden animados hasta la zona de Pramoral, donde se re\u00fanen en torno a una hora y media antes del encierro, y all\u00ed degustan un chocolate con bizcochos.<\/strong><\/p>\n<p class=\"v-p\">Adem\u00e1s del encierro urbano del domingo, en esa jornada tambi\u00e9n habr\u00e1 una becerrada popular. Ambos festejos se repetir\u00e1n el martes 30 de septiembre, ya que <strong>el lunes la programaci\u00f3n se centra en las honras al patr\u00f3n, San Miguel,<\/strong> en el d\u00eda de su onom\u00e1stica, con dianas y pasacalles, misa y procesi\u00f3n y la ofrenda floral con los quintos.<\/p>\n<p class=\"v-p\">Programa<\/p>\n<p class=\"v-p\"><strong>Viernes 26 de septiembre<\/strong><\/p>\n<p class=\"v-p\">22:00 h. El alcalde, Jos\u00e9 Antonio Velasco, nos presenta las fiestas y a continuaci\u00f3n proclamaci\u00f3n de las damas y los mozos de las fiestas.<\/p>\n<p class=\"v-p\">22:30 h. Preg\u00f3n de fiestas por la pe\u00f1a El Kaos. XI aniversario<\/p>\n<p class=\"v-p\">23:00 h. Inauguraci\u00f3n de pe\u00f1as con la charanga C-Brass<\/p>\n<p class=\"v-p\">03:30 h. Suelta de vaquillas y encierro urbano nocturno<\/p>\n<p class=\"v-p\"><strong>S\u00e1bado 27 de septiembre<\/strong><\/p>\n<p class=\"v-p\">12:00 a 14:00 h. Parque infantil con hinchables y el trenecito<\/p>\n<p class=\"v-p\">14:00 a 17:30 h. Vermut de disfraces por los bares con la charanga Chicuelina<\/p>\n<p class=\"v-p\">17:00 a 19:00 h. Contin\u00faa el parque infantil<\/p>\n<p class=\"v-p\">19:15 a 20:00 h. Batucada Blogo Navero de Nava de la Asunci\u00f3n<\/p>\n<p class=\"v-p\">20:00 a 21:00 h. Toro del caj\u00f3n<\/p>\n<p class=\"v-p\">21:00 a 24:00 h. Discom\u00f3vil en la pe\u00f1a El Kaos.<\/p>\n<p class=\"v-p\">00:30 a 04:30 h. Orquesta Dier en la plaza Mayor<\/p>\n<p class=\"v-p\">04:30 a 07:30 h. Discom\u00f3vil con Dj Gonch<\/p>\n<p class=\"v-p\"><strong>Domingo 28 de septiembre<\/strong><\/p>\n<p class=\"v-p\">10:30 h. A buscar a los toros al Pramoral y chocolatada<\/p>\n<p class=\"v-p\">12:00 h. Encierro urbano<\/p>\n<p class=\"v-p\">14:00 h. Vermut por los bares con la charanga C-Brass<\/p>\n<p class=\"v-p\">16:00 h. Comida de pe\u00f1as. Paella en la plaza Mayor.<\/p>\n<p class=\"v-p\">17:30 h. Concentraci\u00f3n en el parque Do\u00f1a Ana con la charanga C-Brass<\/p>\n<p class=\"v-p\">18:00 h. Tradicional becerrada<\/p>\n<p class=\"v-p\">20:45 h. Actuaci\u00f3n del d\u00fao Toca2 en el parque Do\u00f1a Ana<\/p>\n<p class=\"v-p\">00:00 h. Orquesta Pikante en la plaza Mayor<\/p>\n<p class=\"v-p\"><strong>Lunes 29 de septiembre. San Miguel<\/strong><\/p>\n<p class=\"v-p\">12:30 h. Dianas y pasacalles<\/p>\n<p class=\"v-p\">13:00 h. Misa y procesi\u00f3n en honor a San Miguel Arc\u00e1ngel amenizada por los dulzaineros de Mu\u00f1opedro<\/p>\n<p class=\"v-p\">15:00 h. Refresco en el sal\u00f3n<\/p>\n<p class=\"v-p\">18:30 h. Ofrenda floral a San Miguel en la iglesia con los quintos<\/p>\n<p class=\"v-p\">00:00 h. Orquesta Nebraska en la plaza Mayor<\/p>\n<p class=\"v-p\"><strong>Martes 30 de septiembre<\/strong><\/p>\n<p class=\"v-p\">12:00 h. Encierro urbano<\/p>\n<p class=\"v-p\">14:00 h. Vermut por los bares con la charanga El Boquer\u00f3n<\/p>\n<p class=\"v-p\">15:30 h. Caldereta popular en la plaza Mayor<\/p>\n<p class=\"v-p\">17:30 h. Concentraci\u00f3n en el parque Do\u00f1a Ana con la charanga El Boquer\u00f3n<\/p>\n<p class=\"v-p\">18:00 h. Tradicional becerrada<\/p>\n<p class=\"v-p\">22:30 h. Entrega de premios en la plaza Mayor<\/p>\n<p class=\"v-p\">23:00 h. Discom\u00f3vil con Dj Diego Rodri<\/p>\n<p class=\"v-p\">01:00 &#8216;Pobre de m\u00ed&#8217; en la plaza de toros.<\/p>\n<p>Reporta un error<\/p>\n","protected":false},"excerpt":{"rendered":"Viernes, 26 de septiembre 2025, 07:24 La fisionom\u00eda de Mu\u00f1opedro ha cambiado en las \u00faltimas semanas. Las calles&hellip;\n","protected":false},"author":2,"featured_media":141215,"comment_status":"","ping_status":"","sticky":false,"template":"","format":"standard","meta":{"footnotes":""},"categories":[277],"tags":[373,168,25,24,3869,4899,23,167,374,14077],"class_list":{"0":"post-141214","1":"post","2":"type-post","3":"status-publish","4":"format-standard","5":"has-post-thumbnail","7":"category-toreo","8":"tag-bullfighting","9":"tag-deportes","10":"tag-es","11":"tag-espana","12":"tag-festejos","13":"tag-pueblo","14":"tag-spain","15":"tag-sports","16":"tag-toreo","17":"tag-volcado"},"share_on_mastodon":{"url":"","error":""},"_links":{"self":[{"href":"https:\/\/www.europesays.com\/es\/wp-json\/wp\/v2\/posts\/141214","targetHints":{"allow":["GET"]}}],"collection":[{"href":"https:\/\/www.europesays.com\/es\/wp-json\/wp\/v2\/posts"}],"about":[{"href":"https:\/\/www.europesays.com\/es\/wp-json\/wp\/v2\/types\/post"}],"author":[{"embeddable":true,"href":"https:\/\/www.europesays.com\/es\/wp-json\/wp\/v2\/users\/2"}],"replies":[{"embeddable":true,"href":"https:\/\/www.europesays.com\/es\/wp-json\/wp\/v2\/comments?post=141214"}],"version-history":[{"count":0,"href":"https:\/\/www.europesays.com\/es\/wp-json\/wp\/v2\/posts\/141214\/revisions"}],"wp:featuredmedia":[{"embeddable":true,"href":"https:\/\/www.europesays.com\/es\/wp-json\/wp\/v2\/media\/141215"}],"wp:attachment":[{"href":"https:\/\/www.europesays.com\/es\/wp-json\/wp\/v2\/media?parent=141214"}],"wp:term":[{"taxonomy":"category","embeddable":true,"href":"https:\/\/www.europesays.com\/es\/wp-json\/wp\/v2\/categories?post=141214"},{"taxonomy":"post_tag","embeddable":true,"href":"https:\/\/www.europesays.com\/es\/wp-json\/wp\/v2\/tags?post=141214"}],"curies":[{"name":"wp","href":"https:\/\/api.w.org\/{rel}","templated":true}]}}