{"id":141219,"date":"2025-09-27T00:10:05","date_gmt":"2025-09-27T00:10:05","guid":{"rendered":"https:\/\/www.europesays.com\/es\/141219\/"},"modified":"2025-09-27T00:10:05","modified_gmt":"2025-09-27T00:10:05","slug":"clasico-rcn-sebastian-castano-se-impone-en-pereira-y-diego-camargo-resiste-de-amarillo-ciclismo","status":"publish","type":"post","link":"https:\/\/www.europesays.com\/es\/141219\/","title":{"rendered":"Cl\u00e1sico RCN: Sebasti\u00e1n Casta\u00f1o se impone en Pereira y Diego Camargo resiste de amarillo &#8211; Ciclismo"},"content":{"rendered":"<ol>\n<li><a href=\"https:\/\/news.google.com\/rss\/articles\/CBMiakFVX3lxTE9pQ29WWUlCQXFBN2tNb1VwaV94YTFPZW80Q3BLN3pCZmhycS1YMm1KajQ1UmI1dzZmOEhFOXJCamkyeVdRdnlVWGNfcnhaRWtvTFJTeUFUOGI4STl6Y1RyYjd1eFlKQUl3MWc?oc=5\" target=\"_blank\" rel=\"nofollow noopener\">Cl\u00e1sico RCN: Sebasti\u00e1n Casta\u00f1o se impone en Pereira y Diego Camargo resiste de amarillo<\/a>&nbsp;&nbsp;Ciclismo<\/li>\n<li><a href=\"https:\/\/news.google.com\/rss\/articles\/CBMi7wFBVV95cUxOUFMza2o5Zm56NHZfbnN4aWJMMmg3Q3AwcUw5T2tyMk9lb00tNDR6ei1RTG1TOEM0ck9vcHkxNnhScnZpZXhXNldYZGFrUE01Skotb3FPbjlmcjIxQmJqdkxFRUlFOEJiMk04bGJEX2dHempYQ0o2dlZ5SDNobHA5NlVSZHlVcDhhWGZodVFkYTVXVkp5VnMzZ1c4QXpiMzhaT0lpY19RWGZ2M0liZmVHd3AxOFh4aVFOZ3I4aU5NQmtZNFFweDg0NFYtdTJWelhZaTZtUGVyVmRQdl9fU25mNnhfbzRmRDhzR1ZnRGppOA?oc=5\" target=\"_blank\" rel=\"nofollow noopener\">Se desarrollaron 28 allanamientos, seg\u00fan conoci\u00f3 LA PATRIA, que terminaron con al menos 24 capturas.<\/a>&nbsp;&nbsp;facebook.com<\/li>\n<li><a href=\"https:\/\/news.google.com\/rss\/articles\/CBMisAFBVV95cUxQUFQ0SW5KQ1dhQWMyVEE0akFSNXBIcktZM3ozT0dzcjBNTHhRVHpuQVcxaFVYbGV4MEJZWWpsd2hDMld2Zy1aSUYyTGxlc0x0NXJTTElVX2c0VGViUXZUcjNNeFM4MFpmZmx6elMtQklXcHVnNFpJT1Q0bGZuMlIyQVZxWDJQUUxtOXhIQ0pyM05TYjRoeWVvTnZlbGdCc3paZnhkRTdSZEJPeGpWQ284aA?oc=5\" target=\"_blank\" rel=\"nofollow noopener\">Gran duelo Camargo y Pe\u00f1a con desplome de Contreras en el Cl\u00e1sico<\/a>&nbsp;&nbsp;Ciclismo sin l\u00edmites<\/li>\n<li><a href=\"https:\/\/news.google.com\/rss\/articles\/CBMixwFBVV95cUxQb3hWNXhjaS1YSTV2NlAzWFIwLUpHRUkzQ3ZqYzEtQkZJVlVORXg0UWlJY01NRjJOcEF2TVlwS2ZPV1Q4NHNqNldYTVItYU4tTm9LNmlPLXZWX3FPdlJCU0hRM2FHNmhTVUkxdGtfY2J3VktwMGJpaGY4ajEzSXlWWHp0aThwR0J1Z2poQUNoSVR1dG1nSllYVUNiem9kSzdNMUg0TDhyTE8wX3BheTJlbkhfN1NjcDJLRmFXS055VWNBaWRQbVgw?oc=5\" target=\"_blank\" rel=\"nofollow noopener\">As\u00ed ser\u00e1 la octava etapa del Cl\u00e1sico RCN 2025: recorrido, hora y d\u00f3nde ver EN VIVO<\/a>&nbsp;&nbsp;El Espectador<\/li>\n<li><a href=\"https:\/\/news.google.com\/rss\/articles\/CBMi0AFBVV95cUxNNTdwQWZGRFBnX3lfbDRzNkVMaU9VaFJ4VW1VcHh0eW5Ra3Nyb3ROb25TYkRRMXlld3B0ZEFDUjl1Tm1kUkNFdVJUMTl3bXJWaHYtRFJtem9xY2pWNWlWeHRIZEVzVC1yejBzTl9iNHRjSjdHdTFXNnNwR0YyMFkyNG83dGlLMmVjUFJYSUFQMHNPX0Y1ZWQtN2JMZGx0UFdUdXpfUFV3dmtBYUpfQkRGMFRlc1JqeWFEZ0dETTdLemRUemYwcWR5dm04RzM2OE5Y?oc=5\" target=\"_blank\" rel=\"nofollow noopener\">DIEGO CAMARGO DEL TEAM MEDELL\u00cdN EPM FUE EL GANADOR DE LA SEXTA ETAPA DEL CL\u00c1SICO RCN SISTECR\u00c9DITO 2025<\/a>&nbsp;&nbsp;DXT CAPITAL<\/li>\n<\/ol>\n","protected":false},"excerpt":{"rendered":"Cl\u00e1sico RCN: Sebasti\u00e1n Casta\u00f1o se impone en Pereira y Diego Camargo resiste de amarillo&nbsp;&nbsp;Ciclismo Se desarrollaron 28 allanamientos,&hellip;\n","protected":false},"author":2,"featured_media":141220,"comment_status":"","ping_status":"","sticky":false,"template":"","format":"standard","meta":{"footnotes":""},"categories":[273],"tags":[8991,313,1757,10084,312,168,158,25,24,11678,23,167],"class_list":{"0":"post-141219","1":"post","2":"type-post","3":"status-publish","4":"format-standard","5":"has-post-thumbnail","7":"category-ciclismo","8":"tag-castano","9":"tag-ciclismo","10":"tag-ciclista","11":"tag-colombiano","12":"tag-cycling","13":"tag-deportes","14":"tag-el","15":"tag-es","16":"tag-espana","17":"tag-sebastian","18":"tag-spain","19":"tag-sports"},"share_on_mastodon":{"url":"","error":""},"_links":{"self":[{"href":"https:\/\/www.europesays.com\/es\/wp-json\/wp\/v2\/posts\/141219","targetHints":{"allow":["GET"]}}],"collection":[{"href":"https:\/\/www.europesays.com\/es\/wp-json\/wp\/v2\/posts"}],"about":[{"href":"https:\/\/www.europesays.com\/es\/wp-json\/wp\/v2\/types\/post"}],"author":[{"embeddable":true,"href":"https:\/\/www.europesays.com\/es\/wp-json\/wp\/v2\/users\/2"}],"replies":[{"embeddable":true,"href":"https:\/\/www.europesays.com\/es\/wp-json\/wp\/v2\/comments?post=141219"}],"version-history":[{"count":0,"href":"https:\/\/www.europesays.com\/es\/wp-json\/wp\/v2\/posts\/141219\/revisions"}],"wp:featuredmedia":[{"embeddable":true,"href":"https:\/\/www.europesays.com\/es\/wp-json\/wp\/v2\/media\/141220"}],"wp:attachment":[{"href":"https:\/\/www.europesays.com\/es\/wp-json\/wp\/v2\/media?parent=141219"}],"wp:term":[{"taxonomy":"category","embeddable":true,"href":"https:\/\/www.europesays.com\/es\/wp-json\/wp\/v2\/categories?post=141219"},{"taxonomy":"post_tag","embeddable":true,"href":"https:\/\/www.europesays.com\/es\/wp-json\/wp\/v2\/tags?post=141219"}],"curies":[{"name":"wp","href":"https:\/\/api.w.org\/{rel}","templated":true}]}}