{"id":141221,"date":"2025-09-27T00:11:16","date_gmt":"2025-09-27T00:11:16","guid":{"rendered":"https:\/\/www.europesays.com\/es\/141221\/"},"modified":"2025-09-27T00:11:16","modified_gmt":"2025-09-27T00:11:16","slug":"restricciones-que-tendra-checo-en-pruebas-con-el-ferrari-de-2023","status":"publish","type":"post","link":"https:\/\/www.europesays.com\/es\/141221\/","title":{"rendered":"Restricciones que tendr\u00e1 Checo en pruebas con el Ferrari de 2023"},"content":{"rendered":"<p>\t\t\t\t\tLo que necesitas saber:<\/p>\n<p>Checo visit\u00f3 la f\u00e1brica de Cadillac en Charlotte y Silverstone<\/p>\n<p>Despu\u00e9s de casi un a\u00f1o, <a href=\"https:\/\/www.sopitas.com\/desde-el-paddock\/checo-perez-cadillac-formula-1-ultimo-proyecto-contrato-dos-anos\/\" target=\"_blank\" rel=\"noreferrer noopener nofollow\">Checo P\u00e9rez<\/a> volver\u00e1 a subir a un F\u00f3rmula 1 como parte de su preparaci\u00f3n a su <strong><a href=\"https:\/\/www.sopitas.com\/desde-el-paddock\/checo-perez-cuando-debuta-cadillac-formula-1\/\" target=\"_blank\" rel=\"noreferrer noopener nofollow\">debut con la escuder\u00eda Cadillac<\/a> en la temporada 2026.<\/strong> El nuevo equipo estadounidense trabaja en el desarrollo de su primer auto, el cual pondr\u00e1 sobre la pista por primera vez en los test privados de Barcelona, en el pr\u00f3ximo mes de enero, pero mientras termina de fabricar su primer monoplaza, <strong>el mexicano subir\u00e1 al Ferrari de la temporada 2023<\/strong>.<\/p>\n<p><strong>Cadillac compr\u00f3 uno de los modelos SF-23 <\/strong>no s\u00f3lo para que sus pilotos puedan realizar pruebas, sino<strong> para que los mec\u00e1nicos puedan practicar paradas en pits, adem\u00e1s de montar y desmontar todo el auto,<\/strong> un proceso que llevan a cabo todos los equipos previo y despu\u00e9s de un Gran Premio.\u00a0<\/p>\n<p>Checo inici\u00f3 pruebas en el simulador\u00a0<\/p>\n<p>Checo report\u00f3 por primera vez con su nuevo equipo. <strong>Primero en la f\u00e1brica de Charlotte, en Estados Unidos, y despu\u00e9s en la sede de Silverstone<\/strong>, en Inglaterra, donde prob\u00f3 el simulador en la pista de Barcelona, pensando precisamente en la primera experiencia del auto real en los test privados de enero.\u00a0<\/p>\n<p>Por lo que se pudo ver en las publicaciones en<a href=\"https:\/\/www.instagram.com\/p\/DPCPBD1Aik1\/?img_index=3\" target=\"_blank\" rel=\"noreferrer noopener nofollow\"> las redes sociales de Cadillac<\/a>, <strong>Checo tuvo un desliz y sali\u00f3 a la grava y golpe\u00f3 el muro de contenci\u00f3n<\/strong>. Pero al final de cuentas, de esto se tratan las pruebas en el simulador y aportar todos los datos posibles para dar con la puesta a punto.\u00a0<\/p>\n<p><img loading=\"lazy\" decoding=\"async\" width=\"783\" height=\"1024\" src=\"https:\/\/www.europesays.com\/es\/wp-content\/uploads\/2025\/09\/checo-simulador-cadillac-2025-783x1024.jpg\" alt=\"Checo en su primer d\u00eda de simulador\" class=\"wp-image-1860074\"  \/>Checo en su primer d\u00eda de simulador<\/p>\n<p><img loading=\"lazy\" decoding=\"async\" width=\"814\" height=\"1024\" src=\"https:\/\/www.europesays.com\/es\/wp-content\/uploads\/2025\/09\/checo-perez-simulador-de-Cadillac-814x1024.png\" alt=\"Checo en el simulador de Cadillac\" class=\"wp-image-1860075\"  \/>Checo en el simulador de Cadillac<\/p>\n<p>Restricciones de Checo en sus primeras pruebas con Ferrari<\/p>\n<p>Checo subir\u00e1 de nuevo a un F\u00f3rmula 1 real y ser\u00e1 en el Ferrari del 2023 que pilotaron Charles Leclerc y Carlos Sainz. En ese a\u00f1o, Red Bull gan\u00f3 todas las carreras del calendario, salvo en Singapur. <strong>El \u00fanico auto que pudo vencer al RB19 de Red Bull fue precisamente el SF-23 de Ferrari,<\/strong> con Carlos Sainz.\u00a0<\/p>\n<p>Lo m\u00e1s probable es que Cadillac pinte ese auto de negro y Checo ruede con este monoplaza siguiendo ciertas reglas estipuladas por FIA y F\u00f3rmula 1.\u00a0<\/p>\n<ul class=\"wp-block-list\">\n<li>Checo y Cadillac <strong>no pueden probar modelos de temporadas 2024 o 2025<\/strong>. Estas pruebas TPC (pruebas de carros del pasado o anteriores) establecen que los modelos a utilizarse en estas sesiones deben ser m\u00ednimo de dos a\u00f1os atr\u00e1s.\u00a0<\/li>\n<\/ul>\n<ul class=\"wp-block-list\">\n<li><strong>Las pruebas se tienen que hacer en circuitos de Grado 1<\/strong>, las cuales son aptas para albergar un Gran Premio de F\u00f3rmula 1. El Grado 1 establece una longitud m\u00ednima de 3.5 kil\u00f3metros (las rectas no pueden ser mayores a dos kil\u00f3metros), instalaci\u00f3n de barreras de seguridad adecuadas para garantizar la seguridad del piloto, adem\u00e1s de instalaciones m\u00e9dicas avanzadas.<\/li>\n<\/ul>\n<p>Al final de esta nota te dejamos la lista completa de circuitos Grado 1<\/p>\n<p><img loading=\"lazy\" decoding=\"async\" width=\"850\" height=\"1024\" src=\"https:\/\/www.europesays.com\/es\/wp-content\/uploads\/2025\/09\/checo-perez-formula-1-cadillac-850x1024.png\" alt=\"Checo en las instalaciones de Cadillac\" class=\"wp-image-1860077\"  \/>Checo en las instalaciones de Cadillac<\/p>\n<ul class=\"wp-block-list\">\n<li>El circuito en el que se hagan las pruebas est\u00e1 <strong>condicionado a que no sea sede de un Gran Premio en los siguientes 60 d\u00edas<\/strong>, as\u00ed que Checo no podr\u00eda hacer pruebas en el Aut\u00f3dromo Hermanos Rodr\u00edguez, por ejemplo.<\/li>\n<\/ul>\n<ul class=\"wp-block-list\">\n<li>Cadillac, y cualquier otro equipo de F\u00f3prmula 1,  puede realizar pruebas durante un m\u00e1ximo de <strong>cuatro d\u00edas con sus pilotos titulares.<\/strong> Se cuenta con otros 16 d\u00edas para pilotos reserva.\u00a0<\/li>\n<\/ul>\n<ul class=\"wp-block-list\">\n<li>En las pruebas <strong>no se puede recorrer m\u00e1s de mil kil\u00f3metros.\u00a0<\/strong><\/li>\n<\/ul>\n<p>Se dice y se cuenta que <strong>las primeras pruebas de Checo con Cadillac ser\u00e1n en el circuito de Silverstone, <\/strong>muy cerca de la sede brit\u00e1nica de Cadillac y habr\u00e1 m\u00e1s en Italia, donde probablemente ya puedan contar con Valtteri Bottas, el otro piloto del equipo estadounidense.<\/p>\n<p><img loading=\"lazy\" decoding=\"async\" width=\"900\" height=\"506\" src=\"https:\/\/www.europesays.com\/es\/wp-content\/uploads\/2025\/09\/sf23-ferrari-2023-f1.jpg\" alt=\"El SF-23 de la escuder\u00eda Ferrari\" class=\"wp-image-1860080\"  \/>El SF-23 de la escuder\u00eda Ferrari \/ Getty<\/p>\n<p>Todos los circuitos Grado 1<\/p>\n<tr>\n<td><strong>Circuito<\/strong><\/td>\n<td><strong>Pa\u00eds<\/strong><\/td>\n<\/tr>\n<tr>\n<td>Melbourne<\/td>\n<td>Australia<\/td>\n<\/tr>\n<tr>\n<td>Estoril<\/td>\n<td>Portugal<\/td>\n<\/tr>\n<tr>\n<td>Portimao<\/td>\n<td>Portugal<\/td>\n<\/tr>\n<tr>\n<td>Hermanos Rodr\u00edguez<\/td>\n<td>M\u00e9xico<\/td>\n<\/tr>\n<tr>\n<td>Mugello<\/td>\n<td>Italia<\/td>\n<\/tr>\n<tr>\n<td>Monza<\/td>\n<td>Italia<\/td>\n<\/tr>\n<tr>\n<td>Imola<\/td>\n<td>Italia<\/td>\n<\/tr>\n<tr>\n<td>Bahr\u00e9in<\/td>\n<td>Bahr\u00e9in<\/td>\n<\/tr>\n<tr>\n<td>Bak\u00fa<\/td>\n<td>Azerbaiy\u00e1n<\/td>\n<\/tr>\n<tr>\n<td>Chang<\/td>\n<td>Tailandia<\/td>\n<\/tr>\n<tr>\n<td>Montmel\u00f3<\/td>\n<td>Espa\u00f1a<\/td>\n<\/tr>\n<tr>\n<td>Jerez<\/td>\n<td>Espa\u00f1a<\/td>\n<\/tr>\n<tr>\n<td>Alca\u00f1iz<\/td>\n<td>Espa\u00f1a<\/td>\n<\/tr>\n<tr>\n<td>Montecarlo<\/td>\n<td>M\u00f3naco<\/td>\n<\/tr>\n<tr>\n<td>Mangy-Cours<\/td>\n<td>Francia<\/td>\n<\/tr>\n<tr>\n<td>Paul Ricard<\/td>\n<td>Francia<\/td>\n<\/tr>\n<tr>\n<td>Spa-Francorchamps<\/td>\n<td>B\u00e9lgica<\/td>\n<\/tr>\n<tr>\n<td>Gilles Villeneuve<\/td>\n<td>Canad\u00e1<\/td>\n<\/tr>\n<tr>\n<td>Las Am\u00e9ricas<\/td>\n<td>Estados Unidos<\/td>\n<\/tr>\n<tr>\n<td>Indianapolis<\/td>\n<td>Estados Unidos<\/td>\n<\/tr>\n<tr>\n<td>Las Vegas<\/td>\n<td>Estados Unidos<\/td>\n<\/tr>\n<tr>\n<td>Miami<\/td>\n<td>Estados Unidos<\/td>\n<\/tr>\n<tr>\n<td>Zandvoort<\/td>\n<td>Pa\u00edses Bajos<\/td>\n<\/tr>\n<tr>\n<td>Dubai<\/td>\n<td>Emiratos \u00c1rabes Unidos<\/td>\n<\/tr>\n<tr>\n<td>Yas Marina<\/td>\n<td>Emiratos \u00c1rabes Unidos<\/td>\n<\/tr>\n<tr>\n<td>Oyama (Fuji)<\/td>\n<td>Jap\u00f3n<\/td>\n<\/tr>\n<tr>\n<td>Suzuka<\/td>\n<td>Jap\u00f3n<\/td>\n<\/tr>\n<tr>\n<td>Hockenheim<\/td>\n<td>Alemania<\/td>\n<\/tr>\n<tr>\n<td>Nurburgring<\/td>\n<td>Alemania<\/td>\n<\/tr>\n<tr>\n<td>Hungaroring<\/td>\n<td>Hungr\u00eda<\/td>\n<\/tr>\n<tr>\n<td>Novozhilovo<\/td>\n<td>Rusia<\/td>\n<\/tr>\n<tr>\n<td>Yedda<\/td>\n<td>Arabia Saudita<\/td>\n<\/tr>\n<tr>\n<td>Yeongam<\/td>\n<td>Corea del Sur<\/td>\n<\/tr>\n<tr>\n<td>Lusail<\/td>\n<td>Qatar<\/td>\n<\/tr>\n<tr>\n<td>Marina Bay<\/td>\n<td>Singapur<\/td>\n<\/tr>\n<tr>\n<td>Ahmadi<\/td>\n<td>Kuwait<\/td>\n<\/tr>\n<tr>\n<td>Sepang<\/td>\n<td>Malasia<\/td>\n<\/tr>\n<tr>\n<td>Red Bull Ring<\/td>\n<td>Austria<\/td>\n<\/tr>\n<tr>\n<td>Shanghai<\/td>\n<td>China<\/td>\n<\/tr>\n<tr>\n<td>Silverstone<\/td>\n<td>Inglaterra<\/td>\n<\/tr>\n<tr>\n<td>Estambul<\/td>\n<td>Turqu\u00eda<\/td>\n<\/tr>\n<p>\t\tTodo lo que no sab\u00edas que necesitas saber lo encuentras en Sopitas.com<\/p>\n<p>\t<script async src=\"\/\/www.instagram.com\/embed.js\"><\/script><\/p>\n","protected":false},"excerpt":{"rendered":"Lo que necesitas saber: Checo visit\u00f3 la f\u00e1brica de Cadillac en Charlotte y Silverstone Despu\u00e9s de casi un&hellip;\n","protected":false},"author":2,"featured_media":141222,"comment_status":"","ping_status":"","sticky":false,"template":"","format":"standard","meta":{"footnotes":""},"categories":[270],"tags":[168,5333,25,24,306,271,272,11007,23,167],"class_list":{"0":"post-141221","1":"post","2":"type-post","3":"status-publish","4":"format-standard","5":"has-post-thumbnail","7":"category-formula-1","8":"tag-deportes","9":"tag-desde-el-paddock","10":"tag-es","11":"tag-espana","12":"tag-f1","13":"tag-formula-1","14":"tag-formula1","15":"tag-sergio-perez","16":"tag-spain","17":"tag-sports"},"share_on_mastodon":{"url":"","error":""},"_links":{"self":[{"href":"https:\/\/www.europesays.com\/es\/wp-json\/wp\/v2\/posts\/141221","targetHints":{"allow":["GET"]}}],"collection":[{"href":"https:\/\/www.europesays.com\/es\/wp-json\/wp\/v2\/posts"}],"about":[{"href":"https:\/\/www.europesays.com\/es\/wp-json\/wp\/v2\/types\/post"}],"author":[{"embeddable":true,"href":"https:\/\/www.europesays.com\/es\/wp-json\/wp\/v2\/users\/2"}],"replies":[{"embeddable":true,"href":"https:\/\/www.europesays.com\/es\/wp-json\/wp\/v2\/comments?post=141221"}],"version-history":[{"count":0,"href":"https:\/\/www.europesays.com\/es\/wp-json\/wp\/v2\/posts\/141221\/revisions"}],"wp:featuredmedia":[{"embeddable":true,"href":"https:\/\/www.europesays.com\/es\/wp-json\/wp\/v2\/media\/141222"}],"wp:attachment":[{"href":"https:\/\/www.europesays.com\/es\/wp-json\/wp\/v2\/media?parent=141221"}],"wp:term":[{"taxonomy":"category","embeddable":true,"href":"https:\/\/www.europesays.com\/es\/wp-json\/wp\/v2\/categories?post=141221"},{"taxonomy":"post_tag","embeddable":true,"href":"https:\/\/www.europesays.com\/es\/wp-json\/wp\/v2\/tags?post=141221"}],"curies":[{"name":"wp","href":"https:\/\/api.w.org\/{rel}","templated":true}]}}