{"id":141223,"date":"2025-09-27T00:12:08","date_gmt":"2025-09-27T00:12:08","guid":{"rendered":"https:\/\/www.europesays.com\/es\/141223\/"},"modified":"2025-09-27T00:12:08","modified_gmt":"2025-09-27T00:12:08","slug":"cuando-juega-el-real-madrid-de-baloncesto-contra-la-laguna-tenerife-la-supercopa-de-espana-horario-y-donde-okdiario","status":"publish","type":"post","link":"https:\/\/www.europesays.com\/es\/141223\/","title":{"rendered":"Cu\u00e1ndo juega el Real Madrid de baloncesto contra La Laguna Tenerife la Supercopa de Espa\u00f1a: horario y d\u00f3nde&#8230; &#8211; OkDiario"},"content":{"rendered":"<ol>\n<li><a href=\"https:\/\/news.google.com\/rss\/articles\/CBMi-wFBVV95cUxNNENqd25SNTQxQkcyQkxaanRFN0owQmJRNDI4Q3VqTmxxQ2lMWkhyUF9vcFVROXpzeENvMUJsdHBWaXctUDV2SHQwaWxtZy00ZC16T2VfdXpXQUs1TXFrb003MnlqUVp3a0Izc2VfTy1YdEFIbFNlQWxUcXB6b2VqSEpOX05zLU9YWDJKQ1hPSHd6Mm9mNGJYTU1kdFotNGhhREZEeWhNQktiem9qSVlHOGJMYVZuUVIxTW8tTDd2WkIyOHJRaFN0U0thOHp4X0dyRU1JYWF2UFFaUHBXenk0aUlBc2U4STI0cW5BX0xWbE1GcjI0dTJudEF4MNIBgAJBVV95cUxPbEZHYWNDM3dyNHVxUkQ2SXBPdHlSUWMwaG15cGRfdDVyLTR6SXdadHNtZFhYU1BqX3pqQktneHRtTW11UDlpbjVTY0RPYmhna0pRSXFwa3A2N2JyampyQk0tZjJwZUVRd1F3SlFWTkZJR3VNTmUwSVZOMEFuNDVFaVV5U3NkU2d1STYxZHowWkV0SEhHcVVTWFh6c2cwMmQ1VWUwbU02VGpLa085N0duM2VyNUJ4bGt2MGMtNFktVEt2ZTQ1VmlOSXRwU1lIeFF6X1dYZHJnY3ZRRkloQXFuQ3JNNEFpY25NRmdOamQxUWQyV2lia1ZZaHpUYTdSVFJN?oc=5\" target=\"_blank\" rel=\"nofollow noopener\">Cu\u00e1ndo juega el Real Madrid de baloncesto contra La Laguna Tenerife la Supercopa de Espa\u00f1a: horario y d\u00f3nde&#8230;<\/a>&nbsp;&nbsp;OkDiario<\/li>\n<li><a href=\"https:\/\/news.google.com\/rss\/articles\/CBMivgFBVV95cUxPZVB4QXpvZWpKY0ZIQ081SFVKRVEyeEJJLWc3MGdmYzVQY1hTSWRZRGl3MXJ1a1M4c1A3cXF3bVh0YVhGdUV5TWlKWFFlejJ0bHIyVklRSE9rRXpBVy1NU2NXRGttakhSc3pHZThOWXpyODZMNTRYTTJSRGo1VmRrNVRYUUdHWTBtdExNb203czBtdnR1RVN0SWpERWd1bEJ0M3A0Y25RQmw5Rkw3V3p0MGNPOU5XT3M2ZWtyNXZB?oc=5\" target=\"_blank\" rel=\"nofollow noopener\">As\u00ed fue la llegada del Real Madrid a M\u00e1laga para jugar la Supercopa<\/a>&nbsp;&nbsp;realmadrid.com<\/li>\n<li><a href=\"https:\/\/news.google.com\/rss\/articles\/CBMilgFBVV95cUxOZVIzN0ZiMEs5MnNGeTY0dm9OaXJ5aEliNFNoVkhVNGdHZ2FUY0N6UjdvV0R4TnNqWVE4ZFFLSFBJdTREV0xEeFBIcWZ3T0Y4ZGR3N2t5VF9WTHlFRjRWakQ1TGxjeWNFMENJOGJ1bzdPaG8tOExHRjJjdlY3TXp2OEFkMkROM2cxZzdHa0xvYW5RVW1UOHc?oc=5\" target=\"_blank\" rel=\"nofollow noopener\">El Real Madrid &#8211; La Laguna Tenerife&#8230; \u00a1en 5 apuntes!<\/a>&nbsp;&nbsp;ACB.COM<\/li>\n<li><a href=\"https:\/\/news.google.com\/rss\/articles\/CBMipwFBVV95cUxPODNUbGgxSXVab040UzBFUWtmdktMQmdDQ1M3SFFCMmRlQlpSMWVjcWxFeVZheTFoSTRXenN2bndrV0FIVkJoMXdGQkZyb180clFxenlJLUNjLVJvcDV3T1NMTDFZQWdxWHFHZnh3MlhwZk1pcUhXbnVjTUpjZTRaU0xZd2hNUG82eVoxZ19TR1dfTGl3bk5BZzlNUk51d2FObmkxMEpjMA?oc=5\" target=\"_blank\" rel=\"nofollow noopener\">Txus Vidorreta: \u201cEstar en la Supercopa ya es un \u00e9xito\u201d<\/a>&nbsp;&nbsp;elDiario.es<\/li>\n<li><a href=\"https:\/\/news.google.com\/rss\/articles\/CBMivAFBVV95cUxOTU96eUZkSnlfM3hMeE5DTGJTTXBGQjM3X01FTFRERXdGMlUta1FDb3FiaElPMDAyazhLYTRoeHFqSFhoRm1Uc1VNTGE3VWRkS2FMYkxib3RUUjFJOFlsd0pLbkIwS2VYa2hyTG1zcjhna0MzRWdKSml3Y3AxQWlRRmFoNjhDUkdORFR6a1FSb2pOSG9scEtCbXRldjJSclpCVVh2NVVraTlSSElodzdsU1JqTW5HMEpGWVF2NtIB0AFBVV95cUxQdEs0MnRuMDVvRGtOZWxTOTd1dWVLM2JLQlBSb0NsMC0wT0MxenhjTUlMR21HZWpENFJCSWRQSUxpSG56TXM3SjVyV0NRZFdGamdscTNLaTl0VHRlS1JEdlV3VXpxY1BUc0xnblVkZjVDS3lkSXduMnR6bVJRNEFPNDZ6Qlk5UFBUZ0phOC1sRnpPdGtfajF3SU9jVVNkN2VnUjJLaGw1ZWQ0dk5ENHRpQlJteTl1Sk53TnVpcmZEa2o1ZmVwUHJqeXRDcURwLTR4?oc=5\" target=\"_blank\" rel=\"nofollow noopener\">Lo que m\u00e1s preocupa a Sergio Llull del La Laguna Tenerife<\/a>&nbsp;&nbsp;Cadena SER<\/li>\n<\/ol>\n","protected":false},"excerpt":{"rendered":"Cu\u00e1ndo juega el Real Madrid de baloncesto contra La Laguna Tenerife la Supercopa de Espa\u00f1a: horario y d\u00f3nde&#8230;&nbsp;&nbsp;OkDiario&hellip;\n","protected":false},"author":2,"featured_media":140378,"comment_status":"","ping_status":"","sticky":false,"template":"","format":"standard","meta":{"footnotes":""},"categories":[269],"tags":[299,298,168,25,24,23,167],"class_list":{"0":"post-141223","1":"post","2":"type-post","3":"status-publish","4":"format-standard","5":"has-post-thumbnail","7":"category-baloncesto","8":"tag-baloncesto","9":"tag-basketball","10":"tag-deportes","11":"tag-es","12":"tag-espana","13":"tag-spain","14":"tag-sports"},"share_on_mastodon":{"url":"","error":""},"_links":{"self":[{"href":"https:\/\/www.europesays.com\/es\/wp-json\/wp\/v2\/posts\/141223","targetHints":{"allow":["GET"]}}],"collection":[{"href":"https:\/\/www.europesays.com\/es\/wp-json\/wp\/v2\/posts"}],"about":[{"href":"https:\/\/www.europesays.com\/es\/wp-json\/wp\/v2\/types\/post"}],"author":[{"embeddable":true,"href":"https:\/\/www.europesays.com\/es\/wp-json\/wp\/v2\/users\/2"}],"replies":[{"embeddable":true,"href":"https:\/\/www.europesays.com\/es\/wp-json\/wp\/v2\/comments?post=141223"}],"version-history":[{"count":0,"href":"https:\/\/www.europesays.com\/es\/wp-json\/wp\/v2\/posts\/141223\/revisions"}],"wp:featuredmedia":[{"embeddable":true,"href":"https:\/\/www.europesays.com\/es\/wp-json\/wp\/v2\/media\/140378"}],"wp:attachment":[{"href":"https:\/\/www.europesays.com\/es\/wp-json\/wp\/v2\/media?parent=141223"}],"wp:term":[{"taxonomy":"category","embeddable":true,"href":"https:\/\/www.europesays.com\/es\/wp-json\/wp\/v2\/categories?post=141223"},{"taxonomy":"post_tag","embeddable":true,"href":"https:\/\/www.europesays.com\/es\/wp-json\/wp\/v2\/tags?post=141223"}],"curies":[{"name":"wp","href":"https:\/\/api.w.org\/{rel}","templated":true}]}}