{"id":141224,"date":"2025-09-27T00:13:08","date_gmt":"2025-09-27T00:13:08","guid":{"rendered":"https:\/\/www.europesays.com\/es\/141224\/"},"modified":"2025-09-27T00:13:08","modified_gmt":"2025-09-27T00:13:08","slug":"sebas-moyano-marca-el-camino","status":"publish","type":"post","link":"https:\/\/www.europesays.com\/es\/141224\/","title":{"rendered":"Sebas Moyano marca el camino"},"content":{"rendered":"<p><strong><a href=\"https:\/\/www.hoyaragon.es\/articulo\/noticias-real-zaragoza\/real+Zaragoza+primera+victoria\/20250926222938110362.html\" rel=\"nofollow noopener\" target=\"_blank\">Primera victoria para el Real Zaragoza<\/a><\/strong> y <strong>vida extra para un Gabi Fern\u00e1ndez<\/strong> que dio un giro radical a su idea. Present\u00f3 una alineaci\u00f3n sorprendente, dando entrada al debutante Andrada y a un Cuenca casi in\u00e9dito hasta la fecha. La estructura, dif\u00edcil de imaginar por lo visto hasta el momento, fue modificada hacia un <strong>4-3-3 en ataque que se transformaba en un 4-1-4-1 en defensa<\/strong>.\u00a0<\/p>\n<p>Atr\u00e1s qued\u00f3 el habitual 4-4-2, que parec\u00eda inamovible en la cabeza de Gabi. El <strong><a href=\"https:\/\/www.hoyaragon.es\/seccion\/noticias-real-zaragoza\/\" rel=\"nofollow noopener\" target=\"_blank\">Real Zaragoza<\/a><\/strong> consigui\u00f3 dominar el encuentro cuando tuvo la pelota y apenas sufri\u00f3 cuando fue el Mirand\u00e9s el que m\u00e1s apret\u00f3. <strong>El resultado podr\u00eda haber sido incluso m\u00e1s abultado<\/strong> si el conjunto aragon\u00e9s hubiera estado m\u00e1s acertado en los metros finales. Estas son las notas de los jugadores del Real Zaragoza en el d\u00eda de hoy.<\/p>\n<p>Las notas del Real Zaragoza ante el Mirand\u00e9s<\/p>\n<p><strong>Andrada (8):\u00a0<\/strong>Se mostr\u00f3 seguro en todas las acciones. Domin\u00f3 las alturas y par\u00f3 con seguridad los pocos acercamientos del Mirand\u00e9s. Demostr\u00f3 un buen juego de pies con pases arriesgados, tal y como <strong><a href=\"https:\/\/www.hoyaragon.es\/articulo\/noticias-real-zaragoza\/como-juega-esteban-andrada-nuevo-portero-real-zaragoza\/20250901104646107100.html\" rel=\"nofollow noopener\" target=\"_blank\">analizamos a su llegada en HOY ARAG\u00d3N<\/a><\/strong>.<\/p>\n<p><strong>Insua (8):\u00a0<\/strong>El 96% de acierto en el pase explica su partido. Seguro, sin arriesgar y dando estabilidad a la defensa en \u00e1rea. Fue el escudero de Tachi, con el que form\u00f3 un t\u00e1ndem perfectamente ensamblado.<\/p>\n<p><strong>Tachi (8):\u00a0<\/strong>Firm\u00f3 un partido que bien le podr\u00eda haber valido el sobresaliente. Gan\u00f3 casi todos los duelos que disput\u00f3, dio criterio a la elaboraci\u00f3n y destac\u00f3 en el pase en largo, con 10 de 14 env\u00edos acertados.<\/p>\n<p><strong>Francho (6):\u00a0<\/strong>Todav\u00eda inc\u00f3modo como lateral, fue superado en acciones de uno contra uno y le falt\u00f3 claridad al sumarse el ataque, no estando fino en los centros. De su insistencia lleg\u00f3 la mejor ocasi\u00f3n del Real Zaragoza con un pase a Guti que no pudo transformar en gol.<\/p>\n<p><strong>Pomares (6):\u00a0<\/strong>Mejor\u00f3 sus prestaciones respecto a partidos anteriores. Entendi\u00f3 el partido y se puso el mono de trabajo para neutralizar las acometidas de Pablo P\u00e9rez. En la primera mitad se sum\u00f3 un par de veces en ataque poniendo buenos centros al \u00e1rea.<\/p>\n<p><strong>Akouokou (7):\u00a0<\/strong>Fue quiz\u00e1s su partido menos brillante, lo que habla bien del resto del equipo. Rob\u00f3, corri\u00f3 y dio estabilidad, aunque esta vez no hizo el trabajo solo, ya que cont\u00f3 con dos escuderos f\u00edsicos y llenos de recorrido. Es la\u00a0base sobre la que debe construir el Real Zaragoza.<\/p>\n<p><strong>Guti (8):\u00a0<\/strong>Contar con compa\u00f1eros en el medio que le permitan descolgarse y aparecer en otras zonas saca lo mejor de Ra\u00fal Guti. 94% de acierto en el pase y tres regates completados hablan bien de su participaci\u00f3n en el juego. Pudo ser mejor si hubiera conseguido convertir su disparo desde dentro del \u00e1rea en gol.<\/p>\n<p><strong>Saidu (8):\u00a0<\/strong>Es un veterano jugando en el cuerpo de un reci\u00e9n llegado al f\u00fatbol profesional. Aguant\u00f3 con amarilla pr\u00e1cticamente todo el partido mientras robaba y ganaba duelos. Conducciones prodigiosas y seriedad abrumadora en un chaval nacido en el 2005.<\/p>\n<p><strong>Sebas Moyano (9):\u00a0<\/strong>El Mirand\u00e9s solo lo pudo parar a base de faltas. Apareci\u00f3 al pie y Gabi le dio libertad. Muy participativo y acertado en los metros finales. Su golazo le dio al Real Zaragoza los tres primeros puntos de la temporada e hizo justicia a todos los remates que llevaba en las primeras siete jornadas.<\/p>\n<p><strong>Cuenca (8):\u00a0<\/strong>Hasta donde el f\u00edsico le dio. El nuevo sistema le vino como anillo al dedo. Recibi\u00f3 pegado a banda y se jug\u00f3 el uno contra uno como buen extremo. Fue un pu\u00f1al en la primera mitad y tuvo una de las ocasiones m\u00e1s claras para poder haber aumentado la renta.<\/p>\n<p><strong>Dani G\u00f3mez (8):\u00a0<\/strong>Jug\u00f3 solo, sin acompa\u00f1ante. Pero le dio igual. Corri\u00f3 y luch\u00f3 como si no hubiera un ma\u00f1ana. Le falt\u00f3 el gol para completar otra actuaci\u00f3n notable. Se fabric\u00f3 ocasiones de la nada y fue la llave para que el Real Zaragoza pudiera contragolpear.<\/p>\n<p>Los cambios sumaron\u00a0en la segunda mitad<\/p>\n<p><strong>Paulino (7):<\/strong> Entr\u00f3 bien al partido. Entendi\u00f3 que hab\u00eda que ponerse el mono de trabajo y dar calma a las posesiones del Real Zaragoza. Fue incisivo y de sus botas nacieron las jugadas m\u00e1s peligrosas de la segunda mitad,.<\/p>\n<p><strong>Bazdar (6):<\/strong> Entr\u00f3 tarde con un rol. El de presionar para evitar que el Mirand\u00e9s se encontrara c\u00f3modo con el bal\u00f3n en los minutos finales. Y lo consigui\u00f3.<\/p>\n<p><strong>Keidi Bare (7): <\/strong>Su entrada le dio aire fresco al medio. Recuper\u00f3 y forz\u00f3 varias faltas para cortar el ritmo del encuentro.<\/p>\n<p><strong>Tasende (7): <\/strong>Entr\u00f3 para formar un doble lateral, por delante de Pomares, y con el objetivo de frenar los ataques de Pablo L\u00f3pez. As\u00ed fue. El Mirand\u00e9s dej\u00f3 de atacar por ese costado tras el cambio.<\/p>\n","protected":false},"excerpt":{"rendered":"Primera victoria para el Real Zaragoza y vida extra para un Gabi Fern\u00e1ndez que dio un giro radical&hellip;\n","protected":false},"author":2,"featured_media":141225,"comment_status":"","ping_status":"","sticky":false,"template":"","format":"standard","meta":{"footnotes":""},"categories":[268],"tags":[168,25,24,280,282,32186,28425,6922,799,281,23,167],"class_list":{"0":"post-141224","1":"post","2":"type-post","3":"status-publish","4":"format-standard","5":"has-post-thumbnail","7":"category-futbol","8":"tag-deportes","9":"tag-es","10":"tag-espana","11":"tag-football","12":"tag-futbol","13":"tag-gabi-fernandez","14":"tag-liga-hypermotion","15":"tag-mirandes","16":"tag-real-zaragoza","17":"tag-soccer","18":"tag-spain","19":"tag-sports"},"share_on_mastodon":{"url":"","error":""},"_links":{"self":[{"href":"https:\/\/www.europesays.com\/es\/wp-json\/wp\/v2\/posts\/141224","targetHints":{"allow":["GET"]}}],"collection":[{"href":"https:\/\/www.europesays.com\/es\/wp-json\/wp\/v2\/posts"}],"about":[{"href":"https:\/\/www.europesays.com\/es\/wp-json\/wp\/v2\/types\/post"}],"author":[{"embeddable":true,"href":"https:\/\/www.europesays.com\/es\/wp-json\/wp\/v2\/users\/2"}],"replies":[{"embeddable":true,"href":"https:\/\/www.europesays.com\/es\/wp-json\/wp\/v2\/comments?post=141224"}],"version-history":[{"count":0,"href":"https:\/\/www.europesays.com\/es\/wp-json\/wp\/v2\/posts\/141224\/revisions"}],"wp:featuredmedia":[{"embeddable":true,"href":"https:\/\/www.europesays.com\/es\/wp-json\/wp\/v2\/media\/141225"}],"wp:attachment":[{"href":"https:\/\/www.europesays.com\/es\/wp-json\/wp\/v2\/media?parent=141224"}],"wp:term":[{"taxonomy":"category","embeddable":true,"href":"https:\/\/www.europesays.com\/es\/wp-json\/wp\/v2\/categories?post=141224"},{"taxonomy":"post_tag","embeddable":true,"href":"https:\/\/www.europesays.com\/es\/wp-json\/wp\/v2\/tags?post=141224"}],"curies":[{"name":"wp","href":"https:\/\/api.w.org\/{rel}","templated":true}]}}