{"id":141226,"date":"2025-09-27T00:14:07","date_gmt":"2025-09-27T00:14:07","guid":{"rendered":"https:\/\/www.europesays.com\/es\/141226\/"},"modified":"2025-09-27T00:14:07","modified_gmt":"2025-09-27T00:14:07","slug":"he-tenido-que-pedir-a-amigos-que-me-paguen-el-gas","status":"publish","type":"post","link":"https:\/\/www.europesays.com\/es\/141226\/","title":{"rendered":"He tenido que pedir a amigos que me paguen el gas"},"content":{"rendered":"<p><b>Luisa Mart\u00edn<\/b> salt\u00f3 al estrellato con su papel como <b>&#8216;La Juani&#8217; en M\u00e9dico de Familia.<\/b> Desde entonces, no ha dejado de regalarnos su arte en escenarios, algo con lo que so\u00f1\u00f3 desde peque\u00f1a.<\/p>\n<p>Su padre siempre supo que su hija iba a ser actriz, algo en lo que la apoyaron incondicionalmente, pese a la incertidumbre de la profesi\u00f3n. <b>\u00abMi abuela se le\u00eda los guiones antes que yo\u00bb<\/b>, nos cuenta.<\/p>\n<p>A sus 4 a\u00f1os, su padre escribi\u00f3: <b>\u00abTienes madera de actriz, pero, \u00bfser\u00e1 bueno para ti?\u00bb<\/b>. Desde entonces, apostaron por ello en una \u00e9poca en la que ser actriz era muy complicado.<\/p>\n<p>En la carrera de la interpretaci\u00f3n, la inestabilidad era algo muy habitual y Luisa no ha escapado de ella. Esta confiesa que hubo momentos en los que la falta de trabajo le hizo no poder pagar el alquiler: \u00ab<b>Yo he tenido que pedir a amigos que me paguen el gas\u00bb.<\/b><\/p>\n<p>Pese a las dificultades, hoy Luisa nos cuenta los aprendizajes que ha sacado de toda una vida frente a la c\u00e1maras que asegura que ha sido un aut\u00e9ntico sue\u00f1o. \u00a1No te pierdas su entrevista en el v\u00eddeo de arriba!<\/p>\n","protected":false},"excerpt":{"rendered":"Luisa Mart\u00edn salt\u00f3 al estrellato con su papel como &#8216;La Juani&#8217; en M\u00e9dico de Familia. Desde entonces, no&hellip;\n","protected":false},"author":2,"featured_media":141227,"comment_status":"","ping_status":"","sticky":false,"template":"","format":"standard","meta":{"footnotes":""},"categories":[174],"tags":[255,146,147,25,24,256,23],"class_list":{"0":"post-141226","1":"post","2":"type-post","3":"status-publish","4":"format-standard","5":"has-post-thumbnail","7":"category-famosos","8":"tag-celebrities","9":"tag-entertainment","10":"tag-entretenimiento","11":"tag-es","12":"tag-espana","13":"tag-famosos","14":"tag-spain"},"share_on_mastodon":{"url":"","error":""},"_links":{"self":[{"href":"https:\/\/www.europesays.com\/es\/wp-json\/wp\/v2\/posts\/141226","targetHints":{"allow":["GET"]}}],"collection":[{"href":"https:\/\/www.europesays.com\/es\/wp-json\/wp\/v2\/posts"}],"about":[{"href":"https:\/\/www.europesays.com\/es\/wp-json\/wp\/v2\/types\/post"}],"author":[{"embeddable":true,"href":"https:\/\/www.europesays.com\/es\/wp-json\/wp\/v2\/users\/2"}],"replies":[{"embeddable":true,"href":"https:\/\/www.europesays.com\/es\/wp-json\/wp\/v2\/comments?post=141226"}],"version-history":[{"count":0,"href":"https:\/\/www.europesays.com\/es\/wp-json\/wp\/v2\/posts\/141226\/revisions"}],"wp:featuredmedia":[{"embeddable":true,"href":"https:\/\/www.europesays.com\/es\/wp-json\/wp\/v2\/media\/141227"}],"wp:attachment":[{"href":"https:\/\/www.europesays.com\/es\/wp-json\/wp\/v2\/media?parent=141226"}],"wp:term":[{"taxonomy":"category","embeddable":true,"href":"https:\/\/www.europesays.com\/es\/wp-json\/wp\/v2\/categories?post=141226"},{"taxonomy":"post_tag","embeddable":true,"href":"https:\/\/www.europesays.com\/es\/wp-json\/wp\/v2\/tags?post=141226"}],"curies":[{"name":"wp","href":"https:\/\/api.w.org\/{rel}","templated":true}]}}