{"id":141228,"date":"2025-09-27T00:16:09","date_gmt":"2025-09-27T00:16:09","guid":{"rendered":"https:\/\/www.europesays.com\/es\/141228\/"},"modified":"2025-09-27T00:16:09","modified_gmt":"2025-09-27T00:16:09","slug":"una-epopeya-francoargelina-de-desarraigo-e-identidad","status":"publish","type":"post","link":"https:\/\/www.europesays.com\/es\/141228\/","title":{"rendered":"una epopeya francoargelina de desarraigo e identidad"},"content":{"rendered":"<p id=\"paragraph_1\">Resulta esclarecedor que Esta extra\u00f1a y azarosa historia, la ficci\u00f3n de <a href=\"https:\/\/www.elespanol.com\/el-cultural\/letras\/20181114\/claire-messud-adolescentes-manejan-lenguaje-no-experiencia\/353216474_0.html?utm_cmp_rs=linksinline\" rel=\"nofollow noopener\" target=\"_blank\">Claire Messud<\/a> (Greenwich, Connecticut, 1966), est\u00e9 basada en <strong>la memoria familiar de la propia escritora.<\/strong><\/p>\n<p><img loading=\"lazy\" decoding=\"async\" alt=\"\" height=\"2522\" src=\"https:\/\/www.europesays.com\/es\/wp-content\/uploads\/2025\/09\/1003743940457_258982818_1706x2522.jpg\" width=\"1706\" data-lazy-status=\"processed\" data-lazy-info=\"remove loading item 1\"\/><\/p>\n<p>Esta extra\u00f1a y azarosa historia<\/p>\n<p><strong>Claire Messud<\/strong><\/p>\n<p>Traducci\u00f3n de Patricia Ant\u00f3n de Vez. Galaxia Gutenberg, 2025. 506 p\u00e1ginas. 24,50 \u20ac<\/p>\n<p class=\"paragraph\" id=\"paragraph_2\">Esta <strong>novela de quinientas p\u00e1ginas<\/strong> es un trabajo tit\u00e1nico de reconstrucci\u00f3n, tanto hist\u00f3rica como emocional.<\/p>\n<p class=\"paragraph\" id=\"paragraph_3\">Con un padre pied-noir de la Argelia francesa y una madre canadiense, Claire Messud creci\u00f3 entre Australia, Estados Unidos y Canad\u00e1, consciente de la<strong> epopeya familiar de una estirpe siempre desarraigada.<\/strong><\/p>\n<p><img decoding=\"async\" alt=\"Retrato de Mercerdes Deambrosis. Foto: Tangi Bert\u00edn.\" height=\"180\" loading=\"lazy\" width=\"320\" data-lazy-status=\"processed\" id=\"e493f39cdc\" src=\"https:\/\/www.elespanol.com\/el-cultural\/letras\/novela\/20250926\/extrana-azarosa-historia-claire-messud-epopeya-francoargelina-desarraigo-identidad\/[\" https:=\"\" data-lazy-info=\"changed src\"\/><\/p>\n<p class=\"paragraph\" id=\"paragraph_4\">Su abuelo franc\u00e9s recordaba un para\u00edso perdido en el Mediterr\u00e1neo. El libro respira la atm\u00f3sfera de verosimilitud de unos escritos reales de ese abuelo francoargelino.<\/p>\n<p>No es la primera vez que Messud, profesora de Escritura Creativa en Harvard, aborda el tema de la identidad de una estirpe francoargelina, con el \u00e9xodo del patriarca de la familia. <\/p>\n<p>Lo hizo en su segunda novela, The last life (1999), mejor libro del a\u00f1o para Publishers Weekly. Su primera obra When the world was steady, ya hab\u00eda sido finalista del Premio Pen\/Faulkner, iniciando una carrera literaria de considerable inter\u00e9s.<\/p>\n<p><img decoding=\"async\" alt=\"Sara Jaramillo Klinkert. Foto: Ricardo Quesada.\" height=\"180\" loading=\"lazy\" width=\"320\" data-lazy-status=\"processed\" id=\"d203fb2f6e\" src=\"https:\/\/www.elespanol.com\/el-cultural\/letras\/novela\/20250926\/extrana-azarosa-historia-claire-messud-epopeya-francoargelina-desarraigo-identidad\/[\" https:=\"\" data-lazy-info=\"changed src\"\/><\/p>\n<p class=\"paragraph\" id=\"paragraph_5\">Claire Messud aborda esta saga familiar multigeneracional como la gran epopeya de la familia Cassar, y la divide en siete partes, con un ep\u00edlogo sorpresa. El primer tramo se inicia en 1940, en Larba\u00e2 , Argelia, y la \u00faltima parte se cerrar\u00e1 en 2010, en Nueva York, Tol\u00f3n y Connecticut.<\/p>\n<p>Los caminos de Gaston Cassar, su esposa Lucienne y sus dos hijos, Fran\u00e7ois y Denise, se cruzar\u00e1n con grandes acontecimientos hist\u00f3ricos: la II Guerra Mundial; los alemanes entrando en Par\u00eds; la guerra de Independencia de Argelia, con el \u00e9xodo de los argelinos de origen europeo en 1962; la transformaci\u00f3n de la empresa de aluminio francesa, P\u00e9chiney, con expansi\u00f3n internacional, en la que trabaja con \u00e9xito Fran\u00e7ois Cassar; los avances modernos en Estados Unidos, Australia y Canad\u00e1.<\/p>\n<p>El hijo de la saga, Fran\u00e7ois, un brillante estudiante en universidades norteamericanas, casado con B\u00e1rbara, hija de canadienses, contemplar\u00e1 c\u00f3mo sus dos hijas, Loulou y Chloe, no acaban tampoco de asumir una identidad clara.<\/p>\n<blockquote class=\"content__blockquote\">\n<p class=\"blockquote__quote\">La virtud m\u00e1s poderosa de Messud es la profundidad psicol\u00f3gica con que retrata <br \/>a sus personajes<\/p>\n<\/blockquote>\n<p class=\"paragraph\" id=\"paragraph_6\">El p\u00fablico lector recorrer\u00e1 con los Cassar ubicaciones casi siempre temporales en Argelia, Canad\u00e1, Argentina, Australia, Estados Unidos y Francia, y cada secuencia narrativa estar\u00e1 imbricada con el recorrido de cada uno de los personajes. <\/p>\n<p>Se entrevera la escritura cl\u00e1sica de los cap\u00edtulos en tercera persona, y la m\u00e1s \u00edntima y subjetiva, en la voz de la nieta m\u00e1s joven, Chloe. <\/p>\n<p>Pese a los saltos temporales, cada parte de la novela est\u00e1 se\u00f1alada con la \u00e9poca correspondiente y el lugar exacto, por ejemplo: Noviembre de 1998. La Napoule y Cannes, Francia, lo que hace m\u00e1s f\u00e1cil la comprensi\u00f3n de las situaciones. <\/p>\n<p>No obstante, la prolijidad de cada periodo y el hecho de que algunos personajes recuerden la misma historia desde sus puntos de vista, da lugar a <strong>un texto muy poli\u00e9drico, a veces reiterativo<\/strong> y tal vez pretendidamente obsesivo.<\/p>\n<p><img decoding=\"async\" alt=\"'B\u00e1rbara Gunz', de Rafael Maldonado: una inmensa y valiente novela sobre una guerra civil llena de ausencias\" height=\"180\" loading=\"lazy\" width=\"320\" data-lazy-status=\"processed\" id=\"91f7272dde\" src=\"https:\/\/www.elespanol.com\/el-cultural\/letras\/novela\/20250926\/extrana-azarosa-historia-claire-messud-epopeya-francoargelina-desarraigo-identidad\/[\" https:=\"\" data-lazy-info=\"changed src\"\/><\/p>\n<p class=\"paragraph\" id=\"paragraph_7\">La virtud m\u00e1s poderosa de Messud es <strong>la profundidad psicol\u00f3gica<\/strong> con que retrata a sus personajes. El patriarca Gaston Cassar y su esposa, fervientes cat\u00f3licos, representan una historia de amor duradera y una resiliencia a prueba de cat\u00e1strofes. <\/p>\n<p>De sus dos hijos, la desubicaci\u00f3n real de Fran\u00e7ois se convertir\u00e1 en una impresionante representaci\u00f3n de un esp\u00edritu roto; Denise, la hija soltera, vivir\u00e1 entre la fantas\u00eda de ser otra y el patetismo de una vida a medio vivir. <\/p>\n<p>La autora puede parecer cruel en algunos retratos, pero en el rastreo de la evoluci\u00f3n de los personajes hay una piedad soterrada, una comprensi\u00f3n del desarraigo inicial y su estigma en los herederos, quiz\u00e1 la esperanza de la saga.<\/p>\n","protected":false},"excerpt":{"rendered":"Resulta esclarecedor que Esta extra\u00f1a y azarosa historia, la ficci\u00f3n de Claire Messud (Greenwich, Connecticut, 1966), est\u00e9 basada&hellip;\n","protected":false},"author":2,"featured_media":141229,"comment_status":"","ping_status":"","sticky":false,"template":"","format":"standard","meta":{"footnotes":""},"categories":[172],"tags":[224,146,147,25,24,225,1645,23],"class_list":{"0":"post-141228","1":"post","2":"type-post","3":"status-publish","4":"format-standard","5":"has-post-thumbnail","7":"category-libros","8":"tag-books","9":"tag-entertainment","10":"tag-entretenimiento","11":"tag-es","12":"tag-espana","13":"tag-libros","14":"tag-novela","15":"tag-spain"},"share_on_mastodon":{"url":"","error":""},"_links":{"self":[{"href":"https:\/\/www.europesays.com\/es\/wp-json\/wp\/v2\/posts\/141228","targetHints":{"allow":["GET"]}}],"collection":[{"href":"https:\/\/www.europesays.com\/es\/wp-json\/wp\/v2\/posts"}],"about":[{"href":"https:\/\/www.europesays.com\/es\/wp-json\/wp\/v2\/types\/post"}],"author":[{"embeddable":true,"href":"https:\/\/www.europesays.com\/es\/wp-json\/wp\/v2\/users\/2"}],"replies":[{"embeddable":true,"href":"https:\/\/www.europesays.com\/es\/wp-json\/wp\/v2\/comments?post=141228"}],"version-history":[{"count":0,"href":"https:\/\/www.europesays.com\/es\/wp-json\/wp\/v2\/posts\/141228\/revisions"}],"wp:featuredmedia":[{"embeddable":true,"href":"https:\/\/www.europesays.com\/es\/wp-json\/wp\/v2\/media\/141229"}],"wp:attachment":[{"href":"https:\/\/www.europesays.com\/es\/wp-json\/wp\/v2\/media?parent=141228"}],"wp:term":[{"taxonomy":"category","embeddable":true,"href":"https:\/\/www.europesays.com\/es\/wp-json\/wp\/v2\/categories?post=141228"},{"taxonomy":"post_tag","embeddable":true,"href":"https:\/\/www.europesays.com\/es\/wp-json\/wp\/v2\/tags?post=141228"}],"curies":[{"name":"wp","href":"https:\/\/api.w.org\/{rel}","templated":true}]}}