{"id":141230,"date":"2025-09-27T00:17:08","date_gmt":"2025-09-27T00:17:08","guid":{"rendered":"https:\/\/www.europesays.com\/es\/141230\/"},"modified":"2025-09-27T00:17:08","modified_gmt":"2025-09-27T00:17:08","slug":"ningun-coach-pulsa-el-boton-durante-su-actuacion","status":"publish","type":"post","link":"https:\/\/www.europesays.com\/es\/141230\/","title":{"rendered":"ning\u00fan coach pulsa el bot\u00f3n durante su actuaci\u00f3n"},"content":{"rendered":"<p>La noche de<b> Audiciones a ciegas<\/b> en La Voz vivi\u00f3 un momento lleno de emoci\u00f3n con la actuaci\u00f3n de <b>Audrey<\/b>, una joven que lleg\u00f3 al escenario con ilusi\u00f3n y mucha sensibilidad. Eligi\u00f3 defenderse con <b>\u2018Never Enough\u2019<\/b> de Loren Allred, un tema de <b>gran exigencia vocal <\/b>con el que buscaba conmover a los coaches.<\/p>\n<p>Durante su actuaci\u00f3n, su voz delicada y fr\u00e1gil mantuvo al jurado expectante. <b>Mika<\/b>, visiblemente sorprendido, preguntaba en voz alta:<b> \u201c\u00bfPor qu\u00e9 est\u00e1 cambiando la melod\u00eda?\u201d<\/b>. A pesar de la atenci\u00f3n con la que segu\u00edan cada nota, <b>ninguno de los cuatro coaches puls\u00f3 el bot\u00f3n<\/b>.<\/p>\n<p>Al finalizar la actuaci\u00f3n y girarse las sillas,<b> sus caras lo dec\u00edan todo<\/b>: emoci\u00f3n, arrepentimiento y cierta frustraci\u00f3n por no haber pulsado ninguno.<b> \u00a1Revive la actuaci\u00f3n de Audrey! <\/b><\/p>\n<p>   <img decoding=\"async\" title=\"Javier, talent de La Voz\" alt=\"Javier, talent de La Voz\" width=\"480\" height=\"270\" src=\"https:\/\/www.europesays.com\/es\/wp-content\/uploads\/2025\/09\/1758932228_729_javier-talent-voz_70.jpg\" loading=\"lazy\" class=\"lazy\"\/><\/p>\n","protected":false},"excerpt":{"rendered":"La noche de Audiciones a ciegas en La Voz vivi\u00f3 un momento lleno de emoci\u00f3n con la actuaci\u00f3n&hellip;\n","protected":false},"author":2,"featured_media":141231,"comment_status":"","ping_status":"","sticky":false,"template":"","format":"standard","meta":{"footnotes":""},"categories":[171],"tags":[146,147,25,24,23,214],"class_list":{"0":"post-141230","1":"post","2":"type-post","3":"status-publish","4":"format-standard","5":"has-post-thumbnail","7":"category-tv","8":"tag-entertainment","9":"tag-entretenimiento","10":"tag-es","11":"tag-espana","12":"tag-spain","13":"tag-tv"},"share_on_mastodon":{"url":"","error":""},"_links":{"self":[{"href":"https:\/\/www.europesays.com\/es\/wp-json\/wp\/v2\/posts\/141230","targetHints":{"allow":["GET"]}}],"collection":[{"href":"https:\/\/www.europesays.com\/es\/wp-json\/wp\/v2\/posts"}],"about":[{"href":"https:\/\/www.europesays.com\/es\/wp-json\/wp\/v2\/types\/post"}],"author":[{"embeddable":true,"href":"https:\/\/www.europesays.com\/es\/wp-json\/wp\/v2\/users\/2"}],"replies":[{"embeddable":true,"href":"https:\/\/www.europesays.com\/es\/wp-json\/wp\/v2\/comments?post=141230"}],"version-history":[{"count":0,"href":"https:\/\/www.europesays.com\/es\/wp-json\/wp\/v2\/posts\/141230\/revisions"}],"wp:featuredmedia":[{"embeddable":true,"href":"https:\/\/www.europesays.com\/es\/wp-json\/wp\/v2\/media\/141231"}],"wp:attachment":[{"href":"https:\/\/www.europesays.com\/es\/wp-json\/wp\/v2\/media?parent=141230"}],"wp:term":[{"taxonomy":"category","embeddable":true,"href":"https:\/\/www.europesays.com\/es\/wp-json\/wp\/v2\/categories?post=141230"},{"taxonomy":"post_tag","embeddable":true,"href":"https:\/\/www.europesays.com\/es\/wp-json\/wp\/v2\/tags?post=141230"}],"curies":[{"name":"wp","href":"https:\/\/api.w.org\/{rel}","templated":true}]}}