{"id":141232,"date":"2025-09-27T00:18:10","date_gmt":"2025-09-27T00:18:10","guid":{"rendered":"https:\/\/www.europesays.com\/es\/141232\/"},"modified":"2025-09-27T00:18:10","modified_gmt":"2025-09-27T00:18:10","slug":"eres-como-mi-nieta-profesional","status":"publish","type":"post","link":"https:\/\/www.europesays.com\/es\/141232\/","title":{"rendered":"Eres como mi nieta profesional"},"content":{"rendered":"<p><strong>Carole King<\/strong> es una de las artistas m\u00e1s grandes de la m\u00fasica estadounidense. Cantante, compositora y pianista, ha construido una carrera de m\u00e1s de 50 a\u00f1os repleta de canciones ic\u00f3nicas como \u00abYou&#8217;ve Got a Friend\u00bb y \u00abTapestry\u00bb, adem\u00e1s de vender m\u00e1s de 75 millones de discos en todo el mundo.<\/p>\n<p>En reconocimiento a su asombrosa e influyente trayectoria, fue incluida en el Sal\u00f3n de la Fama del Rock and Roll en 2021 y recibi\u00f3 un gran homenaje a cargo de <strong><a href=\"https:\/\/indiehoy.com\/historias\/las-10-mejores-canciones-de-taylor-swift-segun-indie-hoy\/\" target=\"_blank\" rel=\"noreferrer noopener nofollow\">Taylor Swift<\/a><\/strong>, quien interpret\u00f3 a su estilo el cl\u00e1sico \u00abWill You Still Love Me Tomorrow\u00bb y luego fue la encargada de presentarla.<\/p>\n<p><img loading=\"lazy\" decoding=\"async\" width=\"1200\" height=\"800\" src=\"https:\/\/www.europesays.com\/es\/wp-content\/uploads\/2025\/09\/taylor-swift.jpg\" alt=\"Taylor Swift\" class=\"wp-image-752458\"  \/>Taylor Swift.<\/p>\n<p>Swift, la heredera<\/p>\n<p>En ese momento, la homenajeada aprovech\u00f3 para destacar tambi\u00e9n el trabajo de Swift, una de las compositoras m\u00e1s activas y exitosas de su generaci\u00f3n, a quien le dedic\u00f3 un agradecimiento muy especial: <strong>\u00abGracias por cargar la antorcha\u00bb, dijo, en referencia a que es una de las encargadas de continuar su legado en la m\u00fasica<\/strong>.<\/p>\n<p>\u00ab<strong>Eres como mi nieta profesional<\/strong>\u00ab, agreg\u00f3 King mirando a Swift, a quien tambi\u00e9n felicit\u00f3 por su actuaci\u00f3n. Lo cierto es que, m\u00e1s all\u00e1 de contar con un gran n\u00famero de detractores, la cantante de \u00abLover\u00bb es admirada y respetada por decenas de artistas de generaciones anteriores que valoran su oficio y talento.<\/p>\n<p>Por su parte, Swift habl\u00f3 de su profunda admiraci\u00f3n por King, <a href=\"https:\/\/indiehoy.com\/historias\/mejor-compositora-de-todos-los-tiempos-segun-taylor-swift\/\" target=\"_blank\" rel=\"noreferrer noopener nofollow\">a quien describi\u00f3 como \u00abla mejor compositora de todos los tiempos\u00bb<\/a> en su discurso de presentaci\u00f3n. Y a\u00f1adi\u00f3: \u00abLa pureza de su m\u00fasica se encuentra entre dos mundos: la misteriosa inspiraci\u00f3n m\u00e1gica y d\u00e9cadas de artesan\u00eda, ganada y aprendida con esfuerzo. Que Carole King haga que sus logros parezcan tan f\u00e1ciles no significa que lo hayan sido\u00bb.<\/p>\n<p><strong>El m\u00fasico que critic\u00f3 a Taylor Swift<\/strong><\/p>\n<p>A diferencia de King, John Lydon <a href=\"https:\/\/indiehoy.com\/noticias\/john-lydon-contra-taylor-swift-es-increiblemente-aburrida\/\" target=\"_blank\" rel=\"noreferrer noopener nofollow\">no tuvo reparos en calificar a Taylor como \u00abincre\u00edblemente aburrida\u00bb<\/a>. \u00abHay toda una historia de ese tipo de cantante en Estados Unidos:\u00a0el fen\u00f3meno pop adolescente trivial.\u00a0En lo que se ha convertido ahora es demasiado elaborado, y est\u00e1 atrapada en no querer molestar a su base de fans\u2026 \u00a1Que se joda!\u201d, exclam\u00f3.<\/p>\n<p>Lydon continu\u00f3 su cr\u00edtica al se\u00f1alar que la carrera de Swift fue evolucionando hacia una est\u00e9tica grandilocuente que la encasillar\u00e1 inevitablemente en un destino sin futuro: Las Vegas. \u00abNo tiene a d\u00f3nde ir, as\u00ed que ha derivado en esa vibra de vestido de gala pomposo. Va a ser otra de esas que terminan en Las Vegas, porque es el \u00fanico lugar que le queda, y eso no es ning\u00fan futuro, \u00bfverdad?\u201d. <\/p>\n","protected":false},"excerpt":{"rendered":"Carole King es una de las artistas m\u00e1s grandes de la m\u00fasica estadounidense. Cantante, compositora y pianista, ha&hellip;\n","protected":false},"author":2,"featured_media":141233,"comment_status":"","ping_status":"","sticky":false,"template":"","format":"standard","meta":{"footnotes":""},"categories":[170],"tags":[43949,146,147,25,24,184,185,23],"class_list":{"0":"post-141232","1":"post","2":"type-post","3":"status-publish","4":"format-standard","5":"has-post-thumbnail","7":"category-musica","8":"tag-carole-king","9":"tag-entertainment","10":"tag-entretenimiento","11":"tag-es","12":"tag-espana","13":"tag-music","14":"tag-musica","15":"tag-spain"},"share_on_mastodon":{"url":"","error":""},"_links":{"self":[{"href":"https:\/\/www.europesays.com\/es\/wp-json\/wp\/v2\/posts\/141232","targetHints":{"allow":["GET"]}}],"collection":[{"href":"https:\/\/www.europesays.com\/es\/wp-json\/wp\/v2\/posts"}],"about":[{"href":"https:\/\/www.europesays.com\/es\/wp-json\/wp\/v2\/types\/post"}],"author":[{"embeddable":true,"href":"https:\/\/www.europesays.com\/es\/wp-json\/wp\/v2\/users\/2"}],"replies":[{"embeddable":true,"href":"https:\/\/www.europesays.com\/es\/wp-json\/wp\/v2\/comments?post=141232"}],"version-history":[{"count":0,"href":"https:\/\/www.europesays.com\/es\/wp-json\/wp\/v2\/posts\/141232\/revisions"}],"wp:featuredmedia":[{"embeddable":true,"href":"https:\/\/www.europesays.com\/es\/wp-json\/wp\/v2\/media\/141233"}],"wp:attachment":[{"href":"https:\/\/www.europesays.com\/es\/wp-json\/wp\/v2\/media?parent=141232"}],"wp:term":[{"taxonomy":"category","embeddable":true,"href":"https:\/\/www.europesays.com\/es\/wp-json\/wp\/v2\/categories?post=141232"},{"taxonomy":"post_tag","embeddable":true,"href":"https:\/\/www.europesays.com\/es\/wp-json\/wp\/v2\/tags?post=141232"}],"curies":[{"name":"wp","href":"https:\/\/api.w.org\/{rel}","templated":true}]}}