{"id":141234,"date":"2025-09-27T00:19:10","date_gmt":"2025-09-27T00:19:10","guid":{"rendered":"https:\/\/www.europesays.com\/es\/141234\/"},"modified":"2025-09-27T00:19:10","modified_gmt":"2025-09-27T00:19:10","slug":"se-habla-de-perdidas-de-15-millones-de-dolares-al-dia","status":"publish","type":"post","link":"https:\/\/www.europesays.com\/es\/141234\/","title":{"rendered":"Se habla de p\u00e9rdidas de 1,5 millones de d\u00f3lares al d\u00eda"},"content":{"rendered":"<p class=\"L6-news-detail__text\">El actor <b><a title=\"Tom Holland\" href=\"https:\/\/www.lasexta.com\/noticias\/cultura\/actor-tom-holland-hospitalizado-sufrir-caida-rodaje-nueva-entrega-spiderman_2025092268d0f6a031b8a3479b737b66.html\" target=\"_blank\" rel=\"nofollow noopener\">Tom Holland<\/a><\/b>, protagonista de la pr\u00f3xima entrega de Spider-Man, <b>Spider-Man: Brand New Day<\/b>, que ser\u00e1 la cuarta de la saga y cuyo estreno est\u00e1 previsto en 2026, tuvo que ser trasladado de urgencia al hospital tras sufrir una ca\u00edda en el rodaje. El actor alarga su baja tras la ca\u00edda, que afortunadamente no fue grave, y <b>el equipo teme ya las consecuencias econ\u00f3micas<\/b> de este par\u00f3n.<\/p>\n<p class=\"L6-news-detail__text\">\u00ab<b>Se habla de p\u00e9rdidas de 1,5 millones de d\u00f3lares al d\u00eda<\/b>\u00ab, asegura el <b>periodista y cr\u00edtico de cine <\/b><b><a title=\"Alberto Rey\" href=\"https:\/\/www.lasexta.com\/temas\/alberto_rey-1\" target=\"_blank\" rel=\"nofollow noopener\">Alberto Rey<\/a><\/b>. \u00abSi lo multiplicamos por dos semanas, estar\u00edamos hablando de m\u00e1s de 20 millones por el golpe\u00bb, a\u00f1ade. Ante esto, Quique Peinado bromea: \u00ab\u00bfSab\u00e9is que la baja de Holland equivale al presupuesto de Zapeando en 11 a\u00f1os?\u00bb. \u00ab\u00a1No te vengas arriba!\u00bb, le corta Mar\u00eda G\u00f3mez entre risas. Y Rey remata: \u00abEso es, m\u00e1s o menos, lo que Zendaya [pareja de Holland] paga de alquiler en una semana\u00bb.<\/p>\n<p class=\"L6-news-detail__text\">Por otro lado, y seg\u00fan explica Rey, \u00ab<b>por este tipo de accidentes es por lo que se inventaron los dobles de acci\u00f3n, especialistas y los seguros<\/b>. No es que solo se detenga el rodaje porque la estrella de la pel\u00edcula no pueda seguir, sino que se retrasa tambi\u00e9n el estreno porque ahora las pel\u00edculas tienen la fecha de estreno marcada con a\u00f1os de antelaci\u00f3n\u00bb.<\/p>\n<p class=\"L6-news-detail__text\">En el <b>v\u00eddeo <\/b>podemos ver al completo su explicaci\u00f3n, donde recuerda otros accidentes de este tipo, como, por ejemplo, el de Tom Cruise, que se parti\u00f3 el tobillo en el rodaje de la sexta entrega de Misi\u00f3n Imposible y la producci\u00f3n se par\u00f3 durante meses.<\/p>\n<p class=\"L6-news-detail__text\"><b><a href=\"https:\/\/profile.google.com\/cp\/CgkvbS8wZG5xejA?|||EXTERNO\" rel=\"nofollow noopener\" target=\"_blank\">*Sigue a laSexta en Google. Toda la actualidad y el mejor contenido aqu\u00ed.<\/a><\/b><\/p>\n<p class=\"L6-support-news-video__title\">Consejos de etiqueta<\/p>\n<p>            <a href=\"https:\/\/www.lasexta.com\/programas\/zapeando\/maria-jose-gomez-verdu-explica-como-debe-comer-fuente-chocolate-solo-puede-mojar-vez_2025092568d56c4716355c411d9c7424.html\" class=\"L6-news__link\" rel=\"nofollow noopener\" target=\"_blank\"><br \/>\n                Mar\u00eda Jos\u00e9 G\u00f3mez y Verd\u00fa explica c\u00f3mo se debe comer de una fuente de chocolate: \u00abSolo se puede mojar una vez\u00bb<\/p>\n<p class=\"recirculation-video-desc\">En muchos eventos, el elemento estrella de las mesas dulces son las fuentes de chocolate, una m\u00e1quina que funde el chocolate y crea una cascada en la que se pueden mojar otros alimentos.<\/p>\n<p>            <\/a><\/p>\n","protected":false},"excerpt":{"rendered":"El actor Tom Holland, protagonista de la pr\u00f3xima entrega de Spider-Man, Spider-Man: Brand New Day, que ser\u00e1 la&hellip;\n","protected":false},"author":2,"featured_media":141235,"comment_status":"","ping_status":"","sticky":false,"template":"","format":"standard","meta":{"footnotes":""},"categories":[169],"tags":[177,146,147,25,24,176,175,23],"class_list":{"0":"post-141234","1":"post","2":"type-post","3":"status-publish","4":"format-standard","5":"has-post-thumbnail","7":"category-cine","8":"tag-cine","9":"tag-entertainment","10":"tag-entretenimiento","11":"tag-es","12":"tag-espana","13":"tag-film","14":"tag-movies","15":"tag-spain"},"share_on_mastodon":{"url":"","error":""},"_links":{"self":[{"href":"https:\/\/www.europesays.com\/es\/wp-json\/wp\/v2\/posts\/141234","targetHints":{"allow":["GET"]}}],"collection":[{"href":"https:\/\/www.europesays.com\/es\/wp-json\/wp\/v2\/posts"}],"about":[{"href":"https:\/\/www.europesays.com\/es\/wp-json\/wp\/v2\/types\/post"}],"author":[{"embeddable":true,"href":"https:\/\/www.europesays.com\/es\/wp-json\/wp\/v2\/users\/2"}],"replies":[{"embeddable":true,"href":"https:\/\/www.europesays.com\/es\/wp-json\/wp\/v2\/comments?post=141234"}],"version-history":[{"count":0,"href":"https:\/\/www.europesays.com\/es\/wp-json\/wp\/v2\/posts\/141234\/revisions"}],"wp:featuredmedia":[{"embeddable":true,"href":"https:\/\/www.europesays.com\/es\/wp-json\/wp\/v2\/media\/141235"}],"wp:attachment":[{"href":"https:\/\/www.europesays.com\/es\/wp-json\/wp\/v2\/media?parent=141234"}],"wp:term":[{"taxonomy":"category","embeddable":true,"href":"https:\/\/www.europesays.com\/es\/wp-json\/wp\/v2\/categories?post=141234"},{"taxonomy":"post_tag","embeddable":true,"href":"https:\/\/www.europesays.com\/es\/wp-json\/wp\/v2\/tags?post=141234"}],"curies":[{"name":"wp","href":"https:\/\/api.w.org\/{rel}","templated":true}]}}