{"id":141244,"date":"2025-09-27T00:25:08","date_gmt":"2025-09-27T00:25:08","guid":{"rendered":"https:\/\/www.europesays.com\/es\/141244\/"},"modified":"2025-09-27T00:25:08","modified_gmt":"2025-09-27T00:25:08","slug":"corte-suprema-de-eeuu-avala-congelamiento-de-ayuda-exterior-por-usd-4-000-millones","status":"publish","type":"post","link":"https:\/\/www.europesays.com\/es\/141244\/","title":{"rendered":"Corte Suprema de EEUU avala congelamiento de ayuda exterior por USD 4.000 millones"},"content":{"rendered":"<p>    <img src=\"https:\/\/www.europesays.com\/es\/wp-content\/uploads\/2025\/09\/2025-09-26T233A033A18Z-90075443.jpg\" width=\"1024\" height=\"682\" alt=\"\" loading=\"eager\" decoding=\"sync\" fetchpriority=\"high\"\/><\/p>\n<p>            afp_tickers        <\/p>\n<p>        Este contenido fue publicado en    <\/p>\n<p>        27 septiembre 2025 &#8211; 01:03\n<\/p>\n<p>La Corte Suprema de Justicia de Estados Unidos autoriz\u00f3 este viernes al gobierno de Donald Trump a congelar temporalmente m\u00e1s de 4.000 millones de d\u00f3lares en ayuda exterior aprobada por el Congreso.\u00a0<\/p>\n<p>El tribunal, de mayor\u00eda conservadora, argument\u00f3 que salvaguardar la autoridad del presidente en materia de pol\u00edtica exterior parece \u00absuperar el posible da\u00f1o\u00bb que sufrir\u00edan los destinatarios de dicha ayuda.<\/p>\n<p>Aclar\u00f3 que su dictamen no constituye una decisi\u00f3n definitiva sobre el fondo del caso, sino que permite la suspensi\u00f3n temporal del desembolso de los fondos mientras el asunto se tramita en instancias inferiores.\u00a0<\/p>\n<p>Los tres jueces liberales votaron en contra, y la magistrada Elena Kagan afirm\u00f3 que el caso tiene una gran trascendencia.\u00a0<\/p>\n<p>Estaba en entredicho \u00abla distribuci\u00f3n de poderes entre el Ejecutivo y el Congreso en lo que respecta al gasto p\u00fablico\u00bb, declar\u00f3 Kagan, considerando que el fallo se dict\u00f3 \u00absin un an\u00e1lisis previo, sin debate oral ni posibilidad de deliberaci\u00f3n\u00bb.\u00a0<\/p>\n<p>Seg\u00fan Kagan, la decisi\u00f3n \u00abpermite al Ejecutivo suspender el desembolso de 4.000 millones de d\u00f3lares en ayuda exterior aprobados por el Congreso, fondos que ahora nunca llegar\u00e1n a sus destinatarios\u00bb.\u00a0<\/p>\n<p>\u00abDado que este resultado vulnera la separaci\u00f3n de poderes, voto en contra\u00bb, concluy\u00f3.<\/p>\n<p>Desde su toma de posesi\u00f3n, en enero, el presidente Trump ha buscado un mayor control sobre el gasto federal y encarg\u00f3 a Elon Musk, el hombre m\u00e1s rico del mundo, la reducci\u00f3n del tama\u00f1o del Estado.\u00a0<\/p>\n<p>Uno de los principales objetivos fue la USAID, la principal agencia estadounidense de distribuci\u00f3n de ayuda humanitaria en todo el mundo, con programas de salud y emergencia en unos 120 pa\u00edses.<\/p>\n<p>cl\/dw\/dg\/cjc<\/p>\n","protected":false},"excerpt":{"rendered":"afp_tickers Este contenido fue publicado en 27 septiembre 2025 &#8211; 01:03 La Corte Suprema de Justicia de Estados&hellip;\n","protected":false},"author":2,"featured_media":141245,"comment_status":"","ping_status":"","sticky":false,"template":"","format":"standard","meta":{"footnotes":""},"categories":[42],"tags":[17,18,13,14,11,61,62,63,64,19,20,7657,9,10,15,16,88,90,12,21,22,65,66,67],"class_list":{"0":"post-141244","1":"post","2":"type-post","3":"status-publish","4":"format-standard","5":"has-post-thumbnail","7":"category-internacional","8":"tag-breaking-news","9":"tag-breakingnews","10":"tag-featured-news","11":"tag-featurednews","12":"tag-headlines","13":"tag-internacional","14":"tag-international","15":"tag-international-news","16":"tag-internationalnews","17":"tag-latest-news","18":"tag-latestnews","19":"tag-law-and-order","20":"tag-news","21":"tag-noticias","22":"tag-noticias-destacadas","23":"tag-noticiasdestacadas","24":"tag-politics","25":"tag-ticker","26":"tag-titulares","27":"tag-ultimas-noticias","28":"tag-ultimasnoticias","29":"tag-world","30":"tag-world-news","31":"tag-worldnews"},"share_on_mastodon":{"url":"","error":""},"_links":{"self":[{"href":"https:\/\/www.europesays.com\/es\/wp-json\/wp\/v2\/posts\/141244","targetHints":{"allow":["GET"]}}],"collection":[{"href":"https:\/\/www.europesays.com\/es\/wp-json\/wp\/v2\/posts"}],"about":[{"href":"https:\/\/www.europesays.com\/es\/wp-json\/wp\/v2\/types\/post"}],"author":[{"embeddable":true,"href":"https:\/\/www.europesays.com\/es\/wp-json\/wp\/v2\/users\/2"}],"replies":[{"embeddable":true,"href":"https:\/\/www.europesays.com\/es\/wp-json\/wp\/v2\/comments?post=141244"}],"version-history":[{"count":0,"href":"https:\/\/www.europesays.com\/es\/wp-json\/wp\/v2\/posts\/141244\/revisions"}],"wp:featuredmedia":[{"embeddable":true,"href":"https:\/\/www.europesays.com\/es\/wp-json\/wp\/v2\/media\/141245"}],"wp:attachment":[{"href":"https:\/\/www.europesays.com\/es\/wp-json\/wp\/v2\/media?parent=141244"}],"wp:term":[{"taxonomy":"category","embeddable":true,"href":"https:\/\/www.europesays.com\/es\/wp-json\/wp\/v2\/categories?post=141244"},{"taxonomy":"post_tag","embeddable":true,"href":"https:\/\/www.europesays.com\/es\/wp-json\/wp\/v2\/tags?post=141244"}],"curies":[{"name":"wp","href":"https:\/\/api.w.org\/{rel}","templated":true}]}}