{"id":141246,"date":"2025-09-27T00:26:10","date_gmt":"2025-09-27T00:26:10","guid":{"rendered":"https:\/\/www.europesays.com\/es\/141246\/"},"modified":"2025-09-27T00:26:10","modified_gmt":"2025-09-27T00:26:10","slug":"la-carrera-nocturna-de-sevilla-exhibio-su-inigualable-poder-de-convocatoria","status":"publish","type":"post","link":"https:\/\/www.europesays.com\/es\/141246\/","title":{"rendered":"La Carrera Nocturna de Sevilla exhibi\u00f3 su inigualable poder de convocatoria"},"content":{"rendered":"<p><img decoding=\"async\" class=\"voc-author__img\" src=\"https:\/\/www.europesays.com\/es\/wp-content\/uploads\/2025\/07\/1753740850_231_autor-3704-foto-1.jpeg\" alt=\"Sergio A. \u00c1vila\"\/><\/p>\n<p>26\/09\/2025<br \/>\n<br \/><strong><br \/>\nActualizado 27\/09\/2025 a las 01:43h.<br \/>\n<\/strong><\/p>\n<p class=\"voc-p\" style=\"\">El poder de convocatoria de la <strong>Carrera Nocturna del Guadalquivir KH7<\/strong> sigue al alza. Este viernes ha roto su propio r\u00e9cord agotando todos los dorsales y ha reunido en la l\u00ednea de salida del <strong>Paseo de las Delicias<\/strong>, en la Glorieta de Buenos Aires concretamente, a nada menos que 25.000 participantes deseosos de disfrutar de la gran noche del deporte popular sevillano. Su acreditada fama no tiene trucos ni efectos especiales. Su &#8216;vieja&#8217; receta es bien conocida, sencilla, y sigue funcionando. El <strong>efecto llamada<\/strong> hace el resto: el que la prueba, repite. Que no sea una carrera exigente f\u00edsicamente es clave para que tanta gente se anime. Y cada vez son m\u00e1s. No se le adivina techo. Por todas sus caracter\u00edsticas, por ser diferente y genuina, la <strong>Nocturna<\/strong>, de la que ABC de Sevilla es patrocinador oficial, tiene im\u00e1n de atracci\u00f3n para el corredor popular, un indiscutible magnetismo. <\/p>\n<p class=\"voc-p\" style=\"\"><strong>No hay prueba como \u00e9sta en Europa<\/strong>, se enorgullecen desde la organizaci\u00f3n, que le pone cari\u00f1o y mimo y se examina el \u00faltimo viernes de cada mes de septiembre. La Nocturna, y esto resulta patente sobre todo en su salida, es color y ruido, bulla sevillana reinterpretada, una mezcla heterog\u00e9nea de ingredientes unidos por el cord\u00f3n umbilical que sustancia su esencia: <strong>el deseo de pasarlo bien en compa\u00f1\u00eda de los amigos y la familia. Tan simple como eso<\/strong>. Y no hay mejor ni m\u00e1s saludable excusa para ello que el deporte como generador de buenos h\u00e1bitos de vida y comunidad. La del running, por ejemplo, moda que no pasa, tendencia permanente en Sevilla reflejada en esa densa &#8216;marea naranja&#8217; que regala las fotograf\u00edas m\u00e1s potentes cada a\u00f1o desde la azotea del <strong>Costurero de la Reina<\/strong> y se va diseminando, hasta atomizarse progresivamente, en esa recta interminable que une el Paseo de las Delicias, el Paseo Col\u00f3n, Arjona y Torneo.<\/p>\n<p class=\"voc-p\" style=\"\"> La <strong>llamarada naranja ilumina la noche sevillana<\/strong> avanzando metros en una fiesta de 8,5 kil\u00f3metros que se prolonga hasta las dos horas de duraci\u00f3n, el tiempo que la meta permanece abierta. En su largo pre\u00e1mbulo, cont\u00f3 con la presencia del alcalde, Jos\u00e9 Luis Sanz, que apost\u00f3 por el crecimiento de la prueba: \u00abSon 37 ediciones y 25.000 personas que la convierten en la m\u00e1s importante de Europa. Se ha ido consolidando en una ciudad que es \u00fanica en el mundo. <strong>El a\u00f1o que viene hay que dar un saltito m\u00e1s. Se cumplen 38 ediciones y hay que batir de nuevo el r\u00e9cord de la Nocturna<\/strong>\u00bb. <\/p>\n<p class=\"voc-p\" style=\"\">Antes de la cuenta atr\u00e1s para la salida con el arco iluminado, todo es expectaci\u00f3n e ilusi\u00f3n, risas y m\u00fasica de muchos decibelios. Son\u00f3, por supuesto, &#8216;Mi gran noche&#8217;, que le viene al pelo a la prueba. Hay quienes calientan hasta \u00faltima hora, quiz\u00e1 para soltar los nervios, y hay quienes prefieren ubicarse cuanto antes en esa salida obligatoriamente masificada. Luego viene la acci\u00f3n, las miles de historias y razones, muchas de ellas solidarias, para ser parte de una carrera que no tiene clasificaciones oficiales ni es cronometrada por el esp\u00edritu que la distingue, pero s\u00ed cajones por tiempos y hasta corredores de \u00e9lite (muchos) que le imprimen emoci\u00f3n, mucho ritmo y competitividad. <strong>Aunque en la Nocturna lo m\u00e1s importante es participar y nadie pierde en realidad, tambi\u00e9n hay ganadores<\/strong>. Y si el espect\u00e1culo visual est\u00e1 en la &#8216;marea naranja&#8217;, el espect\u00e1culo competitivo se concentra en la cabeza de carrera. <\/p>\n<p>\nLa \u00e9lite s\u00f3lo necesita 30 minutos\n<\/p>\n<p class=\"voc-p\" style=\"\">Lejos del ruido, tomando distancia con la gran masa de participantes, tres corredores se destacaron, entre ellos estaba el ochocentista ecijano <strong>David Palacio<\/strong>, que ha ganado varias veces la Nocturna y defend\u00eda el t\u00edtulo del a\u00f1o pasado. En un segundo grupo m\u00e1s nutrido, la hispalense <strong>Carmen Guti\u00e9rrez<\/strong> lideraba a las mujeres y quer\u00eda el triunfo que se le resisti\u00f3 en 2024. En s\u00f3lo siete minutos, los l\u00edderes se plantaron en Torneo superando el t\u00fanel de Arjona y en cuesti\u00f3n de tres m\u00e1s estaban enfilando <strong>Resolana<\/strong> buscando la <strong>Ronda Hist\u00f3rica<\/strong>. Carmen se destacaba tambi\u00e9n entre las f\u00e9minas y parec\u00eda no tener rival para hacerse con la victoria. A las 22.15 pasaba junto al Arco de la Macarena&#8230; justo cuando David Palacio, ya en plena Ronda, por la <strong>Trinidad<\/strong>, cambiaba de marcha y se escapaba en solitario hacia la meta del Paseo de las Delicias, implacable, corriendo ya contra s\u00ed mismo y el reloj. <\/p>\n<p class=\"voc-p\" style=\"\">El primero en alcanzar la meta fue<strong> Javier Reja<\/strong>, ganador en handbikes. Apenas 21 minutos necesit\u00f3 el incombustible paral\u00edmpico sevillano para llevarse la victoria. David Palacio se plant\u00f3 en la <strong>Avenida Mar\u00eda Luisa<\/strong> en 23 minutos y, dos despu\u00e9s, cruzaba la meta. Pedro Garrido, segundo, y Pablo Fern\u00e1ndez, tercero, cerraban el podio. Entre v\u00edtores y alientos de \u00e1nimo complet\u00f3 el recorrido la competitiva Carmen Guti\u00e9rrez, en 30 minutos exactos. Inmaculada D\u00edaz y Yolanda L\u00f3pez fueron segunda y tercera. En la categor\u00eda de <strong>silla de ruedas<\/strong> se impuso Joaqu\u00edn Garc\u00eda, con Jos\u00e9 Vicente Aguilar y Juan Jos\u00e9 de Rueda en segunda y tercera posici\u00f3n. En categor\u00eda femenina de handbike, la victoria se la adjudic\u00f3 Eva L\u00f3pez y el segundo puesto, Susana Mar\u00edn. <\/p>\n<p class=\"voc-p\" style=\"\">A\u00fan quedaba entonces mucha noche por delante, una hora y media en concreto, para que hasta el \u00faltimo de los <strong>25.000 participantes<\/strong> de la inigualable Nocturna completase el anillo del recorrido. Ya era la meta una fiesta mientras absorb\u00eda, de vuelta, a un reguero de corredores con cuerda para rato. Para seguir disfrutando de la noche por antonomasia del deporte popular seg\u00fan Sevilla. <\/p>\n<p>Reportar un error<\/p>\n","protected":false},"excerpt":{"rendered":"26\/09\/2025 Actualizado 27\/09\/2025 a las 01:43h. El poder de convocatoria de la Carrera Nocturna del Guadalquivir KH7 sigue&hellip;\n","protected":false},"author":2,"featured_media":141247,"comment_status":"","ping_status":"","sticky":false,"template":"","format":"standard","meta":{"footnotes":""},"categories":[8],"tags":[17,18,4860,25,24,700,13,14,11,908,19,20,9,11028,10,15,16,43950,1171,23,12,21,22],"class_list":{"0":"post-141246","1":"post","2":"type-post","3":"status-publish","4":"format-standard","5":"has-post-thumbnail","7":"category-espana","8":"tag-breaking-news","9":"tag-breakingnews","10":"tag-carrera","11":"tag-es","12":"tag-espana","13":"tag-europa","14":"tag-featured-news","15":"tag-featurednews","16":"tag-headlines","17":"tag-importante","18":"tag-latest-news","19":"tag-latestnews","20":"tag-news","21":"tag-nocturna","22":"tag-noticias","23":"tag-noticias-destacadas","24":"tag-noticiasdestacadas","25":"tag-reivindico","26":"tag-sevilla","27":"tag-spain","28":"tag-titulares","29":"tag-ultimas-noticias","30":"tag-ultimasnoticias"},"share_on_mastodon":{"url":"","error":""},"_links":{"self":[{"href":"https:\/\/www.europesays.com\/es\/wp-json\/wp\/v2\/posts\/141246","targetHints":{"allow":["GET"]}}],"collection":[{"href":"https:\/\/www.europesays.com\/es\/wp-json\/wp\/v2\/posts"}],"about":[{"href":"https:\/\/www.europesays.com\/es\/wp-json\/wp\/v2\/types\/post"}],"author":[{"embeddable":true,"href":"https:\/\/www.europesays.com\/es\/wp-json\/wp\/v2\/users\/2"}],"replies":[{"embeddable":true,"href":"https:\/\/www.europesays.com\/es\/wp-json\/wp\/v2\/comments?post=141246"}],"version-history":[{"count":0,"href":"https:\/\/www.europesays.com\/es\/wp-json\/wp\/v2\/posts\/141246\/revisions"}],"wp:featuredmedia":[{"embeddable":true,"href":"https:\/\/www.europesays.com\/es\/wp-json\/wp\/v2\/media\/141247"}],"wp:attachment":[{"href":"https:\/\/www.europesays.com\/es\/wp-json\/wp\/v2\/media?parent=141246"}],"wp:term":[{"taxonomy":"category","embeddable":true,"href":"https:\/\/www.europesays.com\/es\/wp-json\/wp\/v2\/categories?post=141246"},{"taxonomy":"post_tag","embeddable":true,"href":"https:\/\/www.europesays.com\/es\/wp-json\/wp\/v2\/tags?post=141246"}],"curies":[{"name":"wp","href":"https:\/\/api.w.org\/{rel}","templated":true}]}}