{"id":141248,"date":"2025-09-27T00:27:16","date_gmt":"2025-09-27T00:27:16","guid":{"rendered":"https:\/\/www.europesays.com\/es\/141248\/"},"modified":"2025-09-27T00:27:16","modified_gmt":"2025-09-27T00:27:16","slug":"asi-sera-el-despliegue-de-seguridad-para-el-derbi","status":"publish","type":"post","link":"https:\/\/www.europesays.com\/es\/141248\/","title":{"rendered":"as\u00ed ser\u00e1 el despliegue de seguridad para el derbi"},"content":{"rendered":"<p data-mrf-recirculation=\"Links P\u00e1rrafos\" class=\"ue-c-article__paragraph paragraph ue-c-article--first-letter-highlighted\">El derbi de la capital siembre es un partido caliente.\u00a0<strong>Casi un millar de efectivos integrar\u00e1n el dispositivo de seguridad<\/strong> organizado por la Delegaci\u00f3n del Gobierno en Madrid para vigilar y evitar incidentes en el derbi entre el <strong>Atl\u00e9tico de Madrid y el Real Madrid<\/strong> que se disputar\u00e1 este s\u00e1bado en el <strong>Estadio Riyadh Air Metropolitano.<\/strong><\/p>\n<p data-mrf-recirculation=\"Links P\u00e1rrafos\" class=\"ue-c-article__paragraph paragraph\">El partido, que ha sido <strong>catalogado de alto riesgo por la Comisi\u00f3n Antiviolencia<\/strong>, contar\u00e1 con un operativo de vigilancia formado por agentes de la <strong>Polic\u00eda Nacional, de la Guardia Civil de Tr\u00e1fico y de la Polic\u00eda Municipal de Madrid<\/strong>, ha informado en un comunicado la Delegaci\u00f3n.<\/p>\n<p><img decoding=\"async\" width=\"680\" height=\"383\" class=\"ue-c-article__image lazyload\" alt=\"El autob\u00fas del Atletico de Madrid.\" loading=\"lazy\" src=\"https:\/\/www.europesays.com\/es\/wp-content\/uploads\/2025\/09\/68d6ad8f6140c.jpeg\"\/><\/p>\n<p>El autob\u00fas del Atletico de Madrid.<\/p>\n<p data-mrf-recirculation=\"Links P\u00e1rrafos\" class=\"ue-c-article__paragraph paragraph\">Adem\u00e1s, se sumar\u00e1n componentes de <strong>SAMUR-Protecci\u00f3n Civil, del Cuerpo de Bomberos, miembros de Cruz Roja y vigilantes y auxiliares de seguridad del propio club de f\u00fatbol.\u00a0<\/strong>Tambi\u00e9n se reforzar\u00e1 la presencia de vigilantes en el servicio de Metro.<\/p>\n<p data-mrf-recirculation=\"Links P\u00e1rrafos\" class=\"ue-c-article__paragraph paragraph\">El dispositivo tiene como <strong>objetivo garantizar que el derbi madrile\u00f1o se desarrolle en unas condiciones optimas<\/strong> para la seguridad de todos los aficionados tanto dentro como fuera del estadio y que el f\u00fatbol sea el espect\u00e1culo central.<\/p>\n<p data-mrf-recirculation=\"Links P\u00e1rrafos\" class=\"ue-c-article__paragraph paragraph\">El Atl\u00e9tico de Madrid ha colado el cartel de\u00a0sold out.\u00a0Se espera que el estadio registre aforo completo con unos<strong> 550 aficionados del Real Madrid situados en la grada visitante.<\/strong>\u00a0Las autoridades recomiendan a todos aquellos aficionados merengues que vayan a ir al estadio que accedan con suficiente antelaci\u00f3n y colaborar con los controles de seguridad.<\/p>\n","protected":false},"excerpt":{"rendered":"El derbi de la capital siembre es un partido caliente.\u00a0Casi un millar de efectivos integrar\u00e1n el dispositivo de&hellip;\n","protected":false},"author":2,"featured_media":141249,"comment_status":"","ping_status":"","sticky":false,"template":"","format":"standard","meta":{"footnotes":""},"categories":[5],"tags":[17,18,25,24,13,14,11,19,20,9,10,15,16,23,12,21,22],"class_list":{"0":"post-141248","1":"post","2":"type-post","3":"status-publish","4":"format-standard","5":"has-post-thumbnail","7":"category-titulares","8":"tag-breaking-news","9":"tag-breakingnews","10":"tag-es","11":"tag-espana","12":"tag-featured-news","13":"tag-featurednews","14":"tag-headlines","15":"tag-latest-news","16":"tag-latestnews","17":"tag-news","18":"tag-noticias","19":"tag-noticias-destacadas","20":"tag-noticiasdestacadas","21":"tag-spain","22":"tag-titulares","23":"tag-ultimas-noticias","24":"tag-ultimasnoticias"},"share_on_mastodon":{"url":"","error":""},"_links":{"self":[{"href":"https:\/\/www.europesays.com\/es\/wp-json\/wp\/v2\/posts\/141248","targetHints":{"allow":["GET"]}}],"collection":[{"href":"https:\/\/www.europesays.com\/es\/wp-json\/wp\/v2\/posts"}],"about":[{"href":"https:\/\/www.europesays.com\/es\/wp-json\/wp\/v2\/types\/post"}],"author":[{"embeddable":true,"href":"https:\/\/www.europesays.com\/es\/wp-json\/wp\/v2\/users\/2"}],"replies":[{"embeddable":true,"href":"https:\/\/www.europesays.com\/es\/wp-json\/wp\/v2\/comments?post=141248"}],"version-history":[{"count":0,"href":"https:\/\/www.europesays.com\/es\/wp-json\/wp\/v2\/posts\/141248\/revisions"}],"wp:featuredmedia":[{"embeddable":true,"href":"https:\/\/www.europesays.com\/es\/wp-json\/wp\/v2\/media\/141249"}],"wp:attachment":[{"href":"https:\/\/www.europesays.com\/es\/wp-json\/wp\/v2\/media?parent=141248"}],"wp:term":[{"taxonomy":"category","embeddable":true,"href":"https:\/\/www.europesays.com\/es\/wp-json\/wp\/v2\/categories?post=141248"},{"taxonomy":"post_tag","embeddable":true,"href":"https:\/\/www.europesays.com\/es\/wp-json\/wp\/v2\/tags?post=141248"}],"curies":[{"name":"wp","href":"https:\/\/api.w.org\/{rel}","templated":true}]}}