{"id":14125,"date":"2025-07-30T14:26:07","date_gmt":"2025-07-30T14:26:07","guid":{"rendered":"https:\/\/www.europesays.com\/es\/14125\/"},"modified":"2025-07-30T14:26:07","modified_gmt":"2025-07-30T14:26:07","slug":"marchand-pulveriza-el-record-de-lochte-de-200-metros-estilos-deportes","status":"publish","type":"post","link":"https:\/\/www.europesays.com\/es\/14125\/","title":{"rendered":"Marchand pulveriza el r\u00e9cord de Lochte de 200 metros estilos | Deportes"},"content":{"rendered":"<p class=\"\"><a href=\"https:\/\/elpais.com\/deportes\/juegos-olimpicos\/2024-08-02\/marchand-gana-los-200m-estilos-y-brilla-con-cuatro-oros-como-gran-estrella-de-los-juegos.html\" target=\"_self\" rel=\"nofollow noopener\" title=\"https:\/\/elpais.com\/deportes\/juegos-olimpicos\/2024-08-02\/marchand-gana-los-200m-estilos-y-brilla-con-cuatro-oros-como-gran-estrella-de-los-juegos.html\">L\u00e9on Marchand<\/a> se demostr\u00f3 a s\u00ed mismo y al mundo que se nada m\u00e1s r\u00e1pido en una piscina de tres metros de profundidad que en una de dos y medio. En una semifinal explosiva en la cuarta jornada del Mundial de nataci\u00f3n, lanzado por el estadounidense Shaine Casas en el primer 50, el franc\u00e9s pulveriz\u00f3 en m\u00e1s de un segundo el r\u00e9cord mundial de 200 metros estilos que ostentaba <a href=\"https:\/\/elpais.com\/diario\/2011\/07\/29\/deportes\/1311890401_850215.html\" target=\"_self\" rel=\"nofollow noopener\" title=\"https:\/\/elpais.com\/diario\/2011\/07\/29\/deportes\/1311890401_850215.html\">Ryan Lochte desde los Mundiales de 2011.<\/a> Fue la demolici\u00f3n anunciada de uno de los registros m\u00e1s antiguos del deporte acu\u00e1tico: el que consagra la polivalencia y la velocidad. Donde el estadounidense hizo 1 minuto 54,00 segundos, Marchand hizo 1 minuto 52,69s. <\/p>\n<p class=\"\">El muchacho de Toulouse, de 22 a\u00f1os, se qued\u00f3 mirando el marcador incr\u00e9dulo, al girarse tras tocar la \u00faltima placa. Sumergido hasta el cuello, se quit\u00f3 las gafas y gesticul\u00f3 como si no se esperase un tajo semejante. No era para menos: hab\u00eda llegado a Singapur peor preparado que a los Juegos de Par\u00eds, despu\u00e9s de un a\u00f1o con varios intervalos de descanso y retiro tras el esfuerzo ol\u00edmpico. Las largas vacaciones del oto\u00f1o y el invierno no le impidieron realizar su prop\u00f3sito.<\/p>\n<p class=\"\">Ganador de cuatro oros ol\u00edmpicos en los Juegos de Par\u00eds el a\u00f1o pasado, el franc\u00e9s despidi\u00f3 la olimpiada convertido en el \u00eddolo nacional por excelencia, pero con la frustraci\u00f3n de no haber podido batir ninguna plusmarca en <a href=\"https:\/\/elpais.com\/deportes\/juegos-olimpicos\/2024-07-27\/la-piscina-de-la-defense-enfria-la-fiebre-de-records.html\" target=\"_self\" rel=\"nofollow noopener\" title=\"https:\/\/elpais.com\/deportes\/juegos-olimpicos\/2024-07-27\/la-piscina-de-la-defense-enfria-la-fiebre-de-records.html\">la piscina de La D\u00e9fense,<\/a> ante su p\u00fabico. Lo consigui\u00f3 este martes en Singapur, un a\u00f1o m\u00e1s tarde, en un vaso m\u00e1s profundo, m\u00e1s propicio para nadar sin las turbulencias que produc\u00eda la piscina de La D\u00e9fense, forzosamente adaptada a la estructura de un pabell\u00f3n multiusos que en su origen no fue pensado para acoger pruebas de nataci\u00f3n. Antes de instalar la piscina de acero inoxidable, los ingenieros advirtieron de que los cimientos del edificio solo pod\u00edan soportar un peso limitado antes de hundirse sobre el p\u00e1rking subterr\u00e1neo. Para evitar un accidente, los organizadores de los Juegos resolvieron disminuir la profundidad de la piscina y as\u00ed aligerar el peso ahorr\u00e1ndose varias toneladas de agua adicionales. <\/p>\n<p>Agua limpia<\/p>\n<p class=\"\">Lo pag\u00f3 Marchand, que so\u00f1aba con batir los r\u00e9cords de 400 y 200 estilos en Par\u00eds, y tuvo que nadar en una cuenca batida por el oleaje que produc\u00edan las ondas submarinas que proyectaban los nadadores hacia un fondo demasiado pr\u00f3ximo como para absorber la energ\u00eda. Las ondas rebotaban hacia la superficie y afloraban en forma de olas, aumentando la resistencia del agua al deslizamiento de los nadadores. <\/p>\n<p class=\"\">En Singapur, la federaci\u00f3n internacional cuid\u00f3 que el vaso tuviera la profundidad media acostumbrada en los grandes campeonatos. As\u00ed, el agua se limpi\u00f3 de tantas perturbaciones. Se advierte en los resultados de la semifinal de 200m estilos: Marchand 1m 52,69s; Shaine Casas 1m 55,13s; y Duncan Scott (Gran Breta\u00f1a) 1m 55,51s. En Par\u00eds Marchand gan\u00f3 el oro con 1m 54,06s; Duncan Scott la plata con 1m 55,31s y el chinco Wang Shun el bronce con 1m 56,00s. \u00a0<\/p>\n","protected":false},"excerpt":{"rendered":"L\u00e9on Marchand se demostr\u00f3 a s\u00ed mismo y al mundo que se nada m\u00e1s r\u00e1pido en una piscina&hellip;\n","protected":false},"author":2,"featured_media":14126,"comment_status":"","ping_status":"","sticky":false,"template":"","format":"standard","meta":{"footnotes":""},"categories":[93],"tags":[168,25,24,9532,8668,633,9533,23,167],"class_list":{"0":"post-14125","1":"post","2":"type-post","3":"status-publish","4":"format-standard","5":"has-post-thumbnail","7":"category-deportes","8":"tag-deportes","9":"tag-es","10":"tag-espana","11":"tag-leon-marchand","12":"tag-michael-phelps","13":"tag-natacion","14":"tag-ryan-lochte","15":"tag-spain","16":"tag-sports"},"share_on_mastodon":{"url":"","error":""},"_links":{"self":[{"href":"https:\/\/www.europesays.com\/es\/wp-json\/wp\/v2\/posts\/14125","targetHints":{"allow":["GET"]}}],"collection":[{"href":"https:\/\/www.europesays.com\/es\/wp-json\/wp\/v2\/posts"}],"about":[{"href":"https:\/\/www.europesays.com\/es\/wp-json\/wp\/v2\/types\/post"}],"author":[{"embeddable":true,"href":"https:\/\/www.europesays.com\/es\/wp-json\/wp\/v2\/users\/2"}],"replies":[{"embeddable":true,"href":"https:\/\/www.europesays.com\/es\/wp-json\/wp\/v2\/comments?post=14125"}],"version-history":[{"count":0,"href":"https:\/\/www.europesays.com\/es\/wp-json\/wp\/v2\/posts\/14125\/revisions"}],"wp:featuredmedia":[{"embeddable":true,"href":"https:\/\/www.europesays.com\/es\/wp-json\/wp\/v2\/media\/14126"}],"wp:attachment":[{"href":"https:\/\/www.europesays.com\/es\/wp-json\/wp\/v2\/media?parent=14125"}],"wp:term":[{"taxonomy":"category","embeddable":true,"href":"https:\/\/www.europesays.com\/es\/wp-json\/wp\/v2\/categories?post=14125"},{"taxonomy":"post_tag","embeddable":true,"href":"https:\/\/www.europesays.com\/es\/wp-json\/wp\/v2\/tags?post=14125"}],"curies":[{"name":"wp","href":"https:\/\/api.w.org\/{rel}","templated":true}]}}