{"id":141250,"date":"2025-09-27T00:28:20","date_gmt":"2025-09-27T00:28:20","guid":{"rendered":"https:\/\/www.europesays.com\/es\/141250\/"},"modified":"2025-09-27T00:28:20","modified_gmt":"2025-09-27T00:28:20","slug":"asia-a-los-pies-de-los-balonmanos-iranies","status":"publish","type":"post","link":"https:\/\/www.europesays.com\/es\/141250\/","title":{"rendered":"Asia, a los pies de los balonmanos iran\u00edes"},"content":{"rendered":"<p class=\"introtext\">Pars Today &#8211; La selecci\u00f3n nacional de balonmano sub-17 de Ir\u00e1n grab\u00f3 su nombre en la copa del campeonato de la primera ronda de estas competiciones con una victoria sobre Corea del Sur, una de las principales potencias del balonmano en Asia. <\/p>\n<p>Los balonmanos iran\u00edes, que se clasificaron para el campeonato mundial tras llegar a la final, subieron al primer podio de Asia con autoridad en esta copa al derrotar a todos los aspirantes al t\u00edtulo y obtener ocho victorias sin ninguna derrota, creando una noche gloriosa para el pueblo iran\u00ed y siendo considerados la generaci\u00f3n dorada, cuyos honores sin duda volveremos a escuchar.\u00a0\u00a0<\/p>\n<p>La selecci\u00f3n iran\u00ed de balonmano gan\u00f3 la primera mitad del partido contra la selecci\u00f3n surcoreana con una ventaja de 11-13. En la segunda mitad, en un partido muy emocionante y re\u00f1ido, finalmente logr\u00f3 derrotarla por 25-28, lo que le permiti\u00f3 subir al primer podio del Viejo Continente.\u00a0\u00a0<\/p>\n<p>Este poderoso e hist\u00f3rico campeonato lleg\u00f3 justo cuando la \u00faltima vez que el balonmano iran\u00ed gan\u00f3 la Copa Asi\u00e1tica en la categor\u00eda masculina fue hace 19 a\u00f1os, y ahora esta racha se ha roto con resultados extraordinarios. Ahora, con este campeonato, los chicos iran\u00edes de balonmano deben prepararse para participar en el Campeonato Mundial en esta categor\u00eda. En la clasificaci\u00f3n, Catar tambi\u00e9n gan\u00f3 su tercer t\u00edtulo al derrotar a Bar\u00e9in por 26-33.\u00a0<\/p>\n","protected":false},"excerpt":{"rendered":"Pars Today &#8211; La selecci\u00f3n nacional de balonmano sub-17 de Ir\u00e1n grab\u00f3 su nombre en la copa del&hellip;\n","protected":false},"author":2,"featured_media":141251,"comment_status":"","ping_status":"","sticky":false,"template":"","format":"standard","meta":{"footnotes":""},"categories":[278],"tags":[376,634,168,420,25,24,375,3137,23,167],"class_list":{"0":"post-141250","1":"post","2":"type-post","3":"status-publish","4":"format-standard","5":"has-post-thumbnail","7":"category-balonmano","8":"tag-balonmano","9":"tag-deporte","10":"tag-deportes","11":"tag-en","12":"tag-es","13":"tag-espana","14":"tag-handball","15":"tag-iran","16":"tag-spain","17":"tag-sports"},"share_on_mastodon":{"url":"","error":""},"_links":{"self":[{"href":"https:\/\/www.europesays.com\/es\/wp-json\/wp\/v2\/posts\/141250","targetHints":{"allow":["GET"]}}],"collection":[{"href":"https:\/\/www.europesays.com\/es\/wp-json\/wp\/v2\/posts"}],"about":[{"href":"https:\/\/www.europesays.com\/es\/wp-json\/wp\/v2\/types\/post"}],"author":[{"embeddable":true,"href":"https:\/\/www.europesays.com\/es\/wp-json\/wp\/v2\/users\/2"}],"replies":[{"embeddable":true,"href":"https:\/\/www.europesays.com\/es\/wp-json\/wp\/v2\/comments?post=141250"}],"version-history":[{"count":0,"href":"https:\/\/www.europesays.com\/es\/wp-json\/wp\/v2\/posts\/141250\/revisions"}],"wp:featuredmedia":[{"embeddable":true,"href":"https:\/\/www.europesays.com\/es\/wp-json\/wp\/v2\/media\/141251"}],"wp:attachment":[{"href":"https:\/\/www.europesays.com\/es\/wp-json\/wp\/v2\/media?parent=141250"}],"wp:term":[{"taxonomy":"category","embeddable":true,"href":"https:\/\/www.europesays.com\/es\/wp-json\/wp\/v2\/categories?post=141250"},{"taxonomy":"post_tag","embeddable":true,"href":"https:\/\/www.europesays.com\/es\/wp-json\/wp\/v2\/tags?post=141250"}],"curies":[{"name":"wp","href":"https:\/\/api.w.org\/{rel}","templated":true}]}}