{"id":141258,"date":"2025-09-27T00:35:09","date_gmt":"2025-09-27T00:35:09","guid":{"rendered":"https:\/\/www.europesays.com\/es\/141258\/"},"modified":"2025-09-27T00:35:09","modified_gmt":"2025-09-27T00:35:09","slug":"el-hla-alicante-se-estrena-en-casa-contra-el-ourense","status":"publish","type":"post","link":"https:\/\/www.europesays.com\/es\/141258\/","title":{"rendered":"El HLA Alicante se estrena en casa contra el Ourense"},"content":{"rendered":"<p class=\"ft-text ft-helper-closenews\">El <a class=\"ft-link ft-link--decoration\" href=\"https:\/\/www.informacion.es\/tags\/hla-alicante\/\" target=\"_blank\" rel=\"nofollow noopener\">HLA Alicante<\/a><strong> arranca la temporada<\/strong> recibiendo al <strong>Ourense Baloncesto <\/strong>este s\u00e1bado a las 19:00 horas. El conjunto, comandado desde el banquillo por el art\u00edfice de la salvaci\u00f3n en la temporada pasada, Rub\u00e9n Perell\u00f3, <strong>aspira este a\u00f1o a \u00abestar compitiendo arriba\u00bb<\/strong>, aunque el entrenador ha evitado durante todo el verano marcarse el objetivo del ascenso.<\/p>\n<p class=\"ft-text\">Desde luego, no se espera que el <a class=\"ft-link ft-link--decoration\" href=\"https:\/\/www.informacion.es\/opinion\/2025\/09\/26\/hard-day-s-night-121999799.html\" target=\"_blank\" rel=\"nofollow noopener\">Lucentum <\/a>atraviese los apuros de la pasada temporada. Adem\u00e1s, este partido abre tambi\u00e9n <strong>una nueva etapa en la entidad<\/strong>, que crear\u00e1 una Sociedad An\u00f3nima Deportiva para el primer equipo a lo largo del a\u00f1o tras la llegada de un grupo de <a class=\"ft-link ft-link--decoration\" href=\"https:\/\/www.informacion.es\/deportes\/2025\/09\/20\/origen-asturiano-gente-baloncesto-fortuna-121758898.html\" target=\"_blank\" rel=\"nofollow noopener\">empresarios mexicanos<\/a> a asumir el 50 % de la fundaci\u00f3n.<\/p>\n<p>Plantilla renovada<\/p>\n<p class=\"ft-text\">El club ha conseguido mantener en plantilla a <strong>su gran estrella, Kevin Larsen<\/strong>, quien fue MVP de la pasada campa\u00f1a, al igual que Sebastian Aris y Jean Marc Mwema. De los fichajes, destaca el regreso a Alicante del alero estadounidense <strong>Brad Davison<\/strong>, uno de los jugadores que, con su<strong> letal punter\u00eda y gran capacidad anotadora<\/strong>, dej\u00f3 un gran recuerdo en las gradas del Pedro Ferr\u00e1ndiz.<\/p>\n<p class=\"ft-text\">Completan la n\u00f3mina de refuerzos el base hispano dominicano <strong>Mike Torres, Jordan Walker<\/strong>, los aleros <strong>\u00c1lex Jord\u00e1<\/strong> y <strong>Unai Mendikote<\/strong>, el ala-p\u00edvot <strong>Deng Geu<\/strong>, ugand\u00e9s, e<strong> Ismael Tamba<\/strong> y el p\u00edvot estadounidense de origen mal\u00ed <strong>Boubacar Coulibaly<\/strong>. En total son once hombres que tendr\u00e1n la tarea de dejar atr\u00e1s los malos recuerdos de la pasada temporada y escribir este a\u00f1o una nueva historia en el Lucentum.<\/p>\n<p>Un Ourense que empieza fuerte<\/p>\n<p class=\"ft-text\">Enfrente, vendr\u00e1 un s\u00f3lido oponente al Pedro Ferr\u00e1ndiz. El <strong>Ourense de Moncho L\u00f3pez<\/strong> tuvo un convincente inicio el a\u00f1o pasado, con cuatro victorias enlazadas. El conjunto gallego, con una plantilla con varios j\u00f3venes y los nombres estelares de <strong>Rafa Lisboa<\/strong>, el exlucentino<strong> Sean McDonell<\/strong> y <strong>Romaro Gill<\/strong>, buscar\u00e1 pisar fuerte en el arranque y hacer valer el <strong>ritmo competitivo que han ganado en pretemporada.<\/strong><\/p>\n<p class=\"ft-text\">Durante su preparaci\u00f3n, el conjunto de Moncho L\u00f3pez se midi\u00f3, entre otros equipos, contra el Bilbao Basket, de la ACB, y contra Leyma Coru\u00f1a, descendido desde la primera categor\u00eda y uno de los favoritos de este a\u00f1o para el ascenso. Adem\u00e1s, <a class=\"ft-link ft-link--decoration\" href=\"https:\/\/www.informacion.es\/deportes\/2025\/09\/26\/ruben-perello-queremos-empezar-liga-121988729.html\" target=\"_blank\" rel=\"nofollow noopener\">Rub\u00e9n Perell\u00f3<\/a> ha puesto la alerta en que el Ourense es, a su juicio, el equipo \u00abcon mejor rebote ofensivo de la liga\u00bb.<\/p>\n<p>Jornada 1 <\/p>\n<p class=\"ft-text\"><strong>HLA Alicante &#8211; Club Ourense Baloncesto<\/strong><\/p>\n<ul class=\"ft-list ft-list--primary\">\n<li class=\"ft-list__item\">19:00 horas<\/li>\n<li class=\"ft-list__item\">Pabell\u00f3n Pedro Ferr\u00e1ndiz<\/li>\n<\/ul>\n<p class=\"ft-text\"><strong>\u00c1rbitros<\/strong>: Leandro Lezcano, Pol V\u00e1zquez y Jose Mar\u00eda Arresa<\/p>\n<p data-close=\"closedContent\" class=\"subscribeHideForDisplay\">Suscr\u00edbete para seguir leyendo<\/p>\n","protected":false},"excerpt":{"rendered":"El HLA Alicante arranca la temporada recibiendo al Ourense Baloncesto este s\u00e1bado a las 19:00 horas. El conjunto,&hellip;\n","protected":false},"author":2,"featured_media":141259,"comment_status":"","ping_status":"","sticky":false,"template":"","format":"standard","meta":{"footnotes":""},"categories":[269],"tags":[2206,299,298,385,168,25,24,1719,11906,4992,4994,19704,43952,23,167,1152],"class_list":{"0":"post-141258","1":"post","2":"type-post","3":"status-publish","4":"format-standard","5":"has-post-thumbnail","7":"category-baloncesto","8":"tag-alicante","9":"tag-baloncesto","10":"tag-basketball","11":"tag-casa","12":"tag-deportes","13":"tag-es","14":"tag-espana","15":"tag-estrena","16":"tag-hla","17":"tag-hla-alicante","18":"tag-lucentum","19":"tag-ourense","20":"tag-pedro-ferrandiz","21":"tag-spain","22":"tag-sports","23":"tag-temporada"},"share_on_mastodon":{"url":"","error":""},"_links":{"self":[{"href":"https:\/\/www.europesays.com\/es\/wp-json\/wp\/v2\/posts\/141258","targetHints":{"allow":["GET"]}}],"collection":[{"href":"https:\/\/www.europesays.com\/es\/wp-json\/wp\/v2\/posts"}],"about":[{"href":"https:\/\/www.europesays.com\/es\/wp-json\/wp\/v2\/types\/post"}],"author":[{"embeddable":true,"href":"https:\/\/www.europesays.com\/es\/wp-json\/wp\/v2\/users\/2"}],"replies":[{"embeddable":true,"href":"https:\/\/www.europesays.com\/es\/wp-json\/wp\/v2\/comments?post=141258"}],"version-history":[{"count":0,"href":"https:\/\/www.europesays.com\/es\/wp-json\/wp\/v2\/posts\/141258\/revisions"}],"wp:featuredmedia":[{"embeddable":true,"href":"https:\/\/www.europesays.com\/es\/wp-json\/wp\/v2\/media\/141259"}],"wp:attachment":[{"href":"https:\/\/www.europesays.com\/es\/wp-json\/wp\/v2\/media?parent=141258"}],"wp:term":[{"taxonomy":"category","embeddable":true,"href":"https:\/\/www.europesays.com\/es\/wp-json\/wp\/v2\/categories?post=141258"},{"taxonomy":"post_tag","embeddable":true,"href":"https:\/\/www.europesays.com\/es\/wp-json\/wp\/v2\/tags?post=141258"}],"curies":[{"name":"wp","href":"https:\/\/api.w.org\/{rel}","templated":true}]}}