{"id":141262,"date":"2025-09-27T00:37:07","date_gmt":"2025-09-27T00:37:07","guid":{"rendered":"https:\/\/www.europesays.com\/es\/141262\/"},"modified":"2025-09-27T00:37:07","modified_gmt":"2025-09-27T00:37:07","slug":"he-descubierto-la-maravilla-de-estar-solo","status":"publish","type":"post","link":"https:\/\/www.europesays.com\/es\/141262\/","title":{"rendered":"He descubierto la maravilla de estar solo"},"content":{"rendered":"<p><b>Bert\u00edn Osborne<\/b> disfruta de la solter\u00eda tras a\u00f1os de pol\u00e9micas relaciones. Ahora, asegura que se ha descubierto a s\u00ed mismo y que disfruta de estar solo.<\/p>\n<p>Tras su controvertida paternidad junto a <b>Gabriela Guill\u00e9n<\/b>, Bert\u00edn decidi\u00f3 hacerse la vasectom\u00eda como punto y final a sus andaduras con las mujeres. Ahora, asegura que ha descubierto<b> \u00abla maravilla de estar solo\u00bb. <\/b><\/p>\n<p>\u00abNietzsche dec\u00eda que la val\u00eda de las personas se med\u00eda por su capacidad de estar en soledad\u00bb, advierte, \u00abten\u00eda raz\u00f3n\u00bb.<\/p>\n<p>La boda de Cayetano Mart\u00ednez de Irujo<\/p>\n<p>Bert\u00edn Osborne confiesa que ha recibido la invitaci\u00f3n a la boda de <b>Cayetano Mart\u00ednez de Irujo<\/b>, aunque ha habido algo que le ha sorprendido. La invitaci\u00f3n iba dirigida al conde de Donadio de Casasola, t\u00edtulo que ostenta desde que falleci\u00f3 su padre.<\/p>\n<p>\u00abMe choc\u00f3, lo primero que pens\u00e9 es en mi padre\u00bb, nos cuenta Bert\u00edn, <b>\u00abal principio pens\u00e9 que no era para m\u00ed\u00bb. <\/b><\/p>\n<p>El artista atraviesa una de sus etapas m\u00e1s dulces, preparando su gira de despedida de los escenarios. \u00a1No te pierdas su entrevista en el v\u00eddeo de arriba!<\/p>\n","protected":false},"excerpt":{"rendered":"Bert\u00edn Osborne disfruta de la solter\u00eda tras a\u00f1os de pol\u00e9micas relaciones. Ahora, asegura que se ha descubierto a&hellip;\n","protected":false},"author":2,"featured_media":141263,"comment_status":"","ping_status":"","sticky":false,"template":"","format":"standard","meta":{"footnotes":""},"categories":[174],"tags":[255,146,147,25,24,256,23],"class_list":{"0":"post-141262","1":"post","2":"type-post","3":"status-publish","4":"format-standard","5":"has-post-thumbnail","7":"category-famosos","8":"tag-celebrities","9":"tag-entertainment","10":"tag-entretenimiento","11":"tag-es","12":"tag-espana","13":"tag-famosos","14":"tag-spain"},"share_on_mastodon":{"url":"","error":""},"_links":{"self":[{"href":"https:\/\/www.europesays.com\/es\/wp-json\/wp\/v2\/posts\/141262","targetHints":{"allow":["GET"]}}],"collection":[{"href":"https:\/\/www.europesays.com\/es\/wp-json\/wp\/v2\/posts"}],"about":[{"href":"https:\/\/www.europesays.com\/es\/wp-json\/wp\/v2\/types\/post"}],"author":[{"embeddable":true,"href":"https:\/\/www.europesays.com\/es\/wp-json\/wp\/v2\/users\/2"}],"replies":[{"embeddable":true,"href":"https:\/\/www.europesays.com\/es\/wp-json\/wp\/v2\/comments?post=141262"}],"version-history":[{"count":0,"href":"https:\/\/www.europesays.com\/es\/wp-json\/wp\/v2\/posts\/141262\/revisions"}],"wp:featuredmedia":[{"embeddable":true,"href":"https:\/\/www.europesays.com\/es\/wp-json\/wp\/v2\/media\/141263"}],"wp:attachment":[{"href":"https:\/\/www.europesays.com\/es\/wp-json\/wp\/v2\/media?parent=141262"}],"wp:term":[{"taxonomy":"category","embeddable":true,"href":"https:\/\/www.europesays.com\/es\/wp-json\/wp\/v2\/categories?post=141262"},{"taxonomy":"post_tag","embeddable":true,"href":"https:\/\/www.europesays.com\/es\/wp-json\/wp\/v2\/tags?post=141262"}],"curies":[{"name":"wp","href":"https:\/\/api.w.org\/{rel}","templated":true}]}}