{"id":141264,"date":"2025-09-27T00:38:08","date_gmt":"2025-09-27T00:38:08","guid":{"rendered":"https:\/\/www.europesays.com\/es\/141264\/"},"modified":"2025-09-27T00:38:08","modified_gmt":"2025-09-27T00:38:08","slug":"un-arquitecto-malagueno-firma-una-tesis-pionera-sobre-como-disenar-la-vivienda-y-la-ciudad-para-ayudar-a-los-enfermos","status":"publish","type":"post","link":"https:\/\/www.europesays.com\/es\/141264\/","title":{"rendered":"Un arquitecto malague\u00f1o firma una tesis pionera sobre c\u00f3mo dise\u00f1ar la vivienda y la ciudad para ayudar a los enfermos"},"content":{"rendered":"<p>Pablo Valero Flores es doctor arquitecto y miembro activo del grupo de investigaci\u00f3n Salud, Arquitectura y Ciudad (HAC, por sus siglas en ingl\u00e9s) perteneciente a  &#8230; las universidades de M\u00e1laga y Sevilla. As\u00ed, este es el \u00fanico nodo de investigadores que trabaja sobre el dise\u00f1o arquitect\u00f3nico y la sanidad. El fin es desarrollar soluciones arquitect\u00f3nicas que permitan \u00abconstruir entornos m\u00e1s saludables e inteligentes en edificios y ciudades\u00bb. De esta forma, Valero ha desarrollado una pionera tesis doctoral, dentro del programa de Doctorado en Biomedicina, Investigaci\u00f3n Traslacional y Nuevas Tecnolog\u00edas en Salud de la Facultad de Medicina, que se titula: \u00abInfluencia del entorno espacial en usuarios con alzh\u00e9imer. Par\u00e1metros, criterios generales y pautas de dise\u00f1o arquitect\u00f3nico\u00bb. Se trata de \u00abproyectar para la memoria\u00bb o dise\u00f1ar viviendas, edificios p\u00fablicos y enclaves urbanos amables para estos enfermos, de forma que mediante esta disciplina se pueda potenciar su calidad de vida.<\/p>\n<p class=\"v-p\">\u00abEs la primera vez que una tem\u00e1tica arquitect\u00f3nica se ha desarrollado en forma de tesis doctoral en un programa doctoral de la Facultad de Medicina al focalizarse en las necesidades espaciales espec\u00edficas de un colectivo con una enfermedad cognitiva concreta\u00bb, explica Valero a SUR, adem\u00e1s de recordar que se estima que m\u00e1s de 800.000 personas sufren alg\u00fan tipo de demencia en Espa\u00f1a, 180.000 en Andaluc\u00eda, mientras que en M\u00e1laga las cifras de los enfermos de alzh\u00e9imer oscila entre los 15.000 y 20.000.<\/p>\n<p>\nLa tesis ha sido premiada con el premio a la excelencia en la investigaci\u00f3n que conceden la Fundaci\u00f3n Centro de Estudios Andaluces y la Junta\n<\/p>\n<p class=\"v-p\">Su trabajo ha levantado tal expectaci\u00f3n que ha sido galardonado, en la categor\u00eda de Realidad Social, con el XX Premio Tesis Doctoral que otorgan la Fundaci\u00f3n Centro de Estudios Andaluces y la Junta, por su excelencia en la investigaci\u00f3n sobre esta realidad.<\/p>\n<p>G\u00e9nesis de la idea<\/p>\n<p class=\"v-p\">La g\u00e9nesis de la tesis tiene una d\u00e9cada y est\u00e1 relacionada con la actividad del grupo. Dice Valero: \u00ab\u00bfC\u00f3mo podemos los arquitectos aportar soluciones para ver qu\u00e9 repercutir en la calidad de vida de estas personas?\u00bb. El campo de estudio fueron 146 personas con alzh\u00e9imer leve, cuyas familias, m\u00e9dicos, terapeutas y cuidadores colaboraron con Valero. Hicieron tres ensayos. \u00abHemos trabajado con personas para obtener resultados contrastados\u00bb, indica.<\/p>\n<p><img decoding=\"async\" loading=\"lazy\" src=\"https:\/\/www.europesays.com\/es\/wp-content\/uploads\/2025\/09\/alzheimer-U82010270731Kdq-748x524@Diario Sur.jpg\" class=\"v-a-img\" width=\"748\" height=\"524\" alt=\"Un enfermo de Alzh\u00e9imer.\" data-voc-vtm-id=\"in-text-traffic\"\/><\/p>\n<p>Un enfermo de Alzh\u00e9imer.<\/p>\n<p>SUR<\/p>\n<p><img loading=\"lazy\" decoding=\"async\" src=\"https:\/\/www.europesays.com\/es\/wp-content\/uploads\/2025\/09\/alzheimer-U82010270731Kdq-748x524@Diario Sur.jpg\" class=\"v-mdl__img-z\" width=\"748\" height=\"524\" alt=\"\"\/><\/p>\n<p class=\"v-p\">En primer lugar, realizaron encuestas a los pacientes y a sus familiares, cuidadores y m\u00e9dicos. \u00abBusc\u00e1bamos que ellos valorasen su vivienda\u00bb, dice, y a\u00f1ade: \u00abQuer\u00edamos saber si ellos se sent\u00edan seguros, aut\u00f3nomos, si entend\u00edan la casa como accesible. Eran preguntas f\u00e1ciles, a veces reiterativas, para que la encuesta tuviera un valor cient\u00edfico\u00bb. En segundo lugar, les pidieron que dibujasen su casa \u00abpara ver qu\u00e9 han retenido en la memoria\u00bb. \u00abValor\u00e1bamos las proporciones, los recorridos, a qu\u00e9 estancia le daban m\u00e1s prioridad. Les ped\u00edamos que dibujasen su dormitorio y la casa. Hemos conseguido resultados asombrosos, que nos han permitido parametrizar ciertos elementos que no son perceptibles para nosotros, pero para ellos tienen una gran importancia\u00bb, agrega. Se refiere, por ejemplo, a la relaci\u00f3n visual del enfermo con el exterior. \u00abAunque ya no vivan en esa vivienda, ellos recuerdan perfectamente que ten\u00edan una vista al mar, una relaci\u00f3n con el vecino, ah\u00ed viene la relaci\u00f3n con el entorno. Algunos dibujaban un recorrido sin levantar la mano, porque recordaban perfectamente c\u00f3mo entraban, c\u00f3mo se mov\u00edan, y ya no viven all\u00ed: recuerdan aspectos cruciales que despu\u00e9s nos sirven para poder proyectar\u00bb, declara.<\/p>\n<p>\nUn museo caus\u00f3 agitaci\u00f3n a los enfermos al tener la necesidad de salir, mientras que el colegio, que a priori encerraba una sobreestimulaci\u00f3n del ruido que pod\u00eda afectarles, les record\u00f3 a su infancia\n<\/p>\n<p class=\"v-p\">El tercer ensayo ha consistido en realizar recorridos en edificios de arquitectura contrastada en la ciudad: el CAC, la iglesia Stella Maris, el colegio de las Teresianas y la Universidad Laboral. \u00abMed\u00edamos par\u00e1metros medioambientales y ve\u00edamos c\u00f3mo reaccionaban\u00bb, subraya, para explicar al instante: \u00abLa temperatura, por ejemplo, era uno de los par\u00e1metros. No es lo mismo la temperatura controlada que puede existir en un museo o en los jardines de la Universidad Laboral. La iluminaci\u00f3n, la estimulaci\u00f3n sensorial y el ruido\u00bb. \u00bfC\u00f3mo reaccionaron a estas situaciones en los diferentes enclaves?: \u00abPensamos, por ejemplo, que el colegio les iba a producir rechazo pero la sobreestimulaci\u00f3n del ruido les recordaba a su infancia. Sin embargo, en un lugar como puede ser un museo, m\u00e1s limpio, sin ventanas ni nada, ten\u00edan necesidad de salir, se encontraban como &#8216;prisioneros&#8217;, les generaba una agitaci\u00f3n y estr\u00e9s\u00bb, precisa.<\/p>\n<p>Conclusiones<\/p>\n<p class=\"v-p\">\u00abLa conclusi\u00f3n principal es que el espacio en el que habitan las personas con demencia influye directamente en su calidad de vida\u00bb, se\u00f1ala. \u00bfY qu\u00e9 influye en esa calidad existencial? La influencia de la luz, la relaci\u00f3n con el espacio, la estimulaci\u00f3n sensorial, la adaptaci\u00f3n clim\u00e1tica del lugar\u00bb, recalca. La luz influye, se\u00f1ala, pero \u00abhemos llegado a saber qu\u00e9 tipo de luz, en qu\u00e9 grado, con qu\u00e9 caracter\u00edsticas influye en estas personas\u00bb. O la temperatura, las personas sanas reaccionan de una forma a determinados tramos de grados y los pacientes de demencia, lo hacen de una manera distinta en otros tramos. \u00abA nosotros, una determinada luz nos genera un confort, una luz c\u00e1lida con una determinada intensidad lum\u00ednica, pero estas personas tienen otros rangos en donde s\u00ed sienten mayor confort\u00bb.<\/p>\n<p class=\"v-p\">Valero da m\u00e1s claves. Indica que las personas con alzh\u00e9imer tienen alterados los ritmos circadianos. \u00abCuando va a anochecer, ellos creen que el cambio del sol es el amanecer. \u00bfC\u00f3mo adaptamos la vivienda a estas circunstancias\u00bb.<\/p>\n<p>\nLas nuevas tecnolog\u00edas son aliadas de los pacientes. Las casas, adem\u00e1s, han de estar adaptadas a las fases inicial, intermedia y avanzada de la patolog\u00eda\n<\/p>\n<p class=\"v-p\">Para adaptar una casa a estos pacientes hay que conocer qu\u00e9 necesita, porque la sintomatolog\u00eda es amplia. Asimismo, ha de ser adaptada a cada una de las etapas de la enfermedad: fase inicial, intermedia y grave o avanzada. En la primera, hay que impulsar la autonom\u00eda de la persona. Ah\u00ed se le puede ayudar impulsando \u00abespacios recorridos que sean visuales directas. Por ejemplo, que desde el dormitorio se identifique d\u00f3nde est\u00e1 el ba\u00f1o\u00bb. Aqu\u00ed tienen mucho que decir las nuevas tecnolog\u00edas, avisando de un fuego que se queda encendido, o el televisor o el aire acondicionado. Y, en una fase m\u00e1s avanzada, hay que recurrir a elementos como gr\u00faas y otros de movilidad.<\/p>\n<p>Medidas de seguridad<\/p>\n<p class=\"v-p\">Asegura que hay mucho desconocimiento sobre c\u00f3mo adaptar una casa. \u00abTenemos asumido que las primeras medidas han de ser de seguridad y hacemos cambiar el plato de ducha. Pero a lo mejor los enfermos quieren que se adapte el sal\u00f3n\u00bb, precisa, por lo que reclama una normativa espec\u00edfica que se\u00f1ale a la poblaci\u00f3n y a los t\u00e9cnicos qu\u00e9 hacer. Lo ideal es que la vivienda est\u00e9 preparada para esa adaptaci\u00f3n que viene y que no tiene por qu\u00e9 ser tan costosa. Por ello hay que actuar sobre los planes urban\u00edsticos y los de demencia. \u00abPor ejemplo, una persona que se sienta al lado de una ventana y le empieza a incidir el sol a lo mejor desconoce que hay que activar el mecanismo de la persiana\u00bb, reflexiona. Ah\u00ed podr\u00edan realizarse mejoras tecnol\u00f3gicas. O con las puertas abatibles, \u00abse pillan los dedos\u00bb, por lo que podr\u00edan ponerse correderas. O si se mira a un espejo, \u00abno se reconoce y entra en estr\u00e9s: estamos trabajando en hacer que esa superficie deje de ser reflectante\u00bb, lo que tambi\u00e9n puede ocurrir con un suelo en el que se refleje la sombra.<\/p>\n<p class=\"v-p\">Ha estudiado las escalas urban\u00edsticas, residenciales y dom\u00e9sticas, de forma que lo que se haga en la vivienda se puede aplicar al resto. En su opini\u00f3n, \u00ablos planes urban\u00edsticos deben contemplar que haya reserva de vivienda para esta poblaci\u00f3n, igual que ocurre con los discapacitados f\u00edsicos\u00bb, y todas estas mejoras han de utilizarse en residencias y en los edificios de la ciudad, sobre todo los p\u00fablicos. Propone que haya normas, manuales y reglamentos. En la ciudad, la aplicaci\u00f3n se da en lo materiales de los bancos (hechos de elementos c\u00e1lidos o ergon\u00f3micos), las superficies o la se\u00f1al\u00e9tica. Pone el ejemplo de una persona que est\u00e9 en la plaza de la Marina y no puede reconocer calle Larios si est\u00e1 continuamente llena de obst\u00e1culos y montajes de diferente signo. \u00abEl tema es que el 80% de los enfermos de alzh\u00e9imer quieren vivir en su casa y hay que adaptar su entorno\u00bb, concluye.<\/p>\n","protected":false},"excerpt":{"rendered":"Pablo Valero Flores es doctor arquitecto y miembro activo del grupo de investigaci\u00f3n Salud, Arquitectura y Ciudad (HAC,&hellip;\n","protected":false},"author":2,"featured_media":141265,"comment_status":"","ping_status":"","sticky":false,"template":"","format":"standard","meta":{"footnotes":""},"categories":[173],"tags":[839,229,233,231,230,7447,777,232,8765,234,25074,146,147,25,24,3822,5013,19303,57,23,43953,3633],"class_list":{"0":"post-141264","1":"post","2":"type-post","3":"status-publish","4":"format-standard","5":"has-post-thumbnail","7":"category-arte-y-diseno","8":"tag-arquitecto","9":"tag-arte","10":"tag-arte-y-diseno","11":"tag-arts","12":"tag-arts-and-design","13":"tag-ayudar","14":"tag-ciudad","15":"tag-design","16":"tag-disenar","17":"tag-diseno","18":"tag-enfermos","19":"tag-entertainment","20":"tag-entretenimiento","21":"tag-es","22":"tag-espana","23":"tag-firma","24":"tag-malagueno","25":"tag-pionera","26":"tag-sobre","27":"tag-spain","28":"tag-tesis","29":"tag-vivienda"},"share_on_mastodon":{"url":"","error":""},"_links":{"self":[{"href":"https:\/\/www.europesays.com\/es\/wp-json\/wp\/v2\/posts\/141264","targetHints":{"allow":["GET"]}}],"collection":[{"href":"https:\/\/www.europesays.com\/es\/wp-json\/wp\/v2\/posts"}],"about":[{"href":"https:\/\/www.europesays.com\/es\/wp-json\/wp\/v2\/types\/post"}],"author":[{"embeddable":true,"href":"https:\/\/www.europesays.com\/es\/wp-json\/wp\/v2\/users\/2"}],"replies":[{"embeddable":true,"href":"https:\/\/www.europesays.com\/es\/wp-json\/wp\/v2\/comments?post=141264"}],"version-history":[{"count":0,"href":"https:\/\/www.europesays.com\/es\/wp-json\/wp\/v2\/posts\/141264\/revisions"}],"wp:featuredmedia":[{"embeddable":true,"href":"https:\/\/www.europesays.com\/es\/wp-json\/wp\/v2\/media\/141265"}],"wp:attachment":[{"href":"https:\/\/www.europesays.com\/es\/wp-json\/wp\/v2\/media?parent=141264"}],"wp:term":[{"taxonomy":"category","embeddable":true,"href":"https:\/\/www.europesays.com\/es\/wp-json\/wp\/v2\/categories?post=141264"},{"taxonomy":"post_tag","embeddable":true,"href":"https:\/\/www.europesays.com\/es\/wp-json\/wp\/v2\/tags?post=141264"}],"curies":[{"name":"wp","href":"https:\/\/api.w.org\/{rel}","templated":true}]}}