{"id":141268,"date":"2025-09-27T00:41:07","date_gmt":"2025-09-27T00:41:07","guid":{"rendered":"https:\/\/www.europesays.com\/es\/141268\/"},"modified":"2025-09-27T00:41:07","modified_gmt":"2025-09-27T00:41:07","slug":"cuatro-leyendas-del-rock-se-unen-en-un-supergrupo-de-estrellas-que-promete-revolucionar-la-escena-internacional","status":"publish","type":"post","link":"https:\/\/www.europesays.com\/es\/141268\/","title":{"rendered":"Cuatro leyendas del rock se unen en un supergrupo de estrellas que promete revolucionar la escena internacional"},"content":{"rendered":"<p><img alt=\"La posible alianza entre miembros\" class=\"global-image\" decoding=\"async\" fetchpriority=\"high\" height=\"3425\" loading=\"eager\" src=\"https:\/\/www.europesays.com\/es\/wp-content\/uploads\/2025\/09\/DZJ74DJ4YVEOBJZ46FEUAGOAPY.JPG\" width=\"5279\"\/>La posible alianza entre miembros de Van Halen, Nickelback, M\u00f6tley Cr\u00fce, Anthrax y Pantera genera expectativa en la comunidad musical<br \/>\nREUTERS\/Steve Marcus<\/p>\n<p class=\"paragraph\">La escena internacional del <a href=\"https:\/\/www.infobae.com\/tag\/rock\/\" target=\"_blank\" rel=\"noreferrer nofollow noopener\" title=\"https:\/\/www.infobae.com\/tag\/rock\/\">rock<\/a> se vio sacudida el 22 de septiembre, cuando <a href=\"https:\/\/www.infobae.com\/tag\/sammy-hagar\/\" target=\"_blank\" rel=\"noreferrer nofollow noopener\" title=\"https:\/\/www.infobae.com\/tag\/sammy-hagar\/\"><b>Sammy Hagar<\/b><\/a>, ex vocalista de <b>Van Halen<\/b>, insinu\u00f3 la posible formaci\u00f3n de un <b>supergrupo<\/b> junto a <b>Chad Kroeger<\/b>, l\u00edder de <b>Nickelback<\/b>, <a href=\"https:\/\/www.infobae.com\/tag\/tommy-lee\/\" target=\"_blank\" rel=\"noreferrer nofollow noopener\" title=\"https:\/\/www.infobae.com\/tag\/tommy-lee\/\"><b>Tommy Lee<\/b><\/a>, baterista de <b>M\u00f6tley Cr\u00fce<\/b>, y <b>Charlie Benante<\/b>, destacado por su trabajo en <b>Anthrax<\/b> y <b>Pantera<\/b>. <\/p>\n<p class=\"paragraph\">El anuncio, realizado a trav\u00e9s de publicaciones en <b>Instagram<\/b> y recogido por People, encendi\u00f3 el inter\u00e9s entre los seguidores y gener\u00f3 una ola de especulaciones sobre el futuro de esta inesperada alianza.<\/p>\n<p class=\"paragraph\">En un video difundido en <a href=\"https:\/\/www.infobae.com\/tag\/instagram\/\" target=\"_blank\" rel=\"noreferrer nofollow noopener\" title=\"https:\/\/www.infobae.com\/tag\/instagram\/\"><b>Instagram<\/b><\/a>, <b>Sammy Hagar<\/b>, de setenta y siete a\u00f1os, aparece junto a <b>Chad Kroeger<\/b> y <b>Tommy Lee<\/b>. Durante la grabaci\u00f3n, Hagar brome\u00f3: \u201cBueno, aqu\u00ed estamos. <b>Los tres mejores cantantes del rock and roll<\/b>\u201d, comentario que provoc\u00f3 risas entre los presentes, especialmente Kroeger. Acto seguido, Hagar sugiri\u00f3 que la reuni\u00f3n apenas comenzaba, cerrando con un misterioso: \u201cYa lo averiguaremos\u201d. <\/p>\n<p><img alt=\"El anuncio, realizado en Instagram,\" class=\"global-image\" decoding=\"async\" fetchpriority=\"low\" height=\"3165\" loading=\"lazy\" src=\"https:\/\/www.europesays.com\/es\/wp-content\/uploads\/2025\/09\/WT6VJ6TRENHHPOGQAF43PKHV5E.jpg\" width=\"1920\"\/>El anuncio, realizado en Instagram, desata especulaciones sobre el futuro del proyecto y la participaci\u00f3n de figuras legendarias<br \/>\n(Instagram\/Sammyhagar)<\/p>\n<p class=\"paragraph\">Las etiquetas y menciones en la publicaci\u00f3n, como <b>#WTF<\/b> y las referencias directas a los m\u00fasicos involucrados, alimentaron las especulaciones en torno a un posible proyecto conjunto, aunque los detalles permanecen en reserva.<\/p>\n<p class=\"paragraph\">La atm\u00f3sfera relajada del encuentro qued\u00f3 reflejada tambi\u00e9n en la actitud de <b>Tommy Lee<\/b>, quien apareci\u00f3 en el video portando flores, pero evit\u00f3 hacer comentarios en sus canales oficiales. <\/p>\n<p class=\"paragraph\">Tanto Lee como <b>Hagar<\/b> se encuentran en <b>Las Vegas<\/b> por compromisos profesionales, lo que facilit\u00f3 la reuni\u00f3n y gener\u00f3 a\u00fan m\u00e1s expectativas.<\/p>\n<p><img alt=\"La comunidad internacional del rock\" class=\"global-image\" decoding=\"async\" fetchpriority=\"low\" height=\"1225\" loading=\"lazy\" src=\"https:\/\/www.europesays.com\/es\/wp-content\/uploads\/2025\/09\/SE7NSVH7ENAOJJ4HBSY2DYFMLI.jpg\" width=\"1833\"\/>La comunidad internacional del rock reacciona con entusiasmo y teor\u00edas ante la posible formaci\u00f3n del supergrupo<br \/>\nREUTERS\/Mario Anzuoni<\/p>\n<p class=\"paragraph\">La noticia provoc\u00f3 reacciones instant\u00e1neas en <b>redes sociales<\/b>. Uno de los mensajes m\u00e1s destacados provino de <a href=\"https:\/\/www.infobae.com\/tag\/billie-joe-armstrong\/\" target=\"_blank\" rel=\"noreferrer nofollow noopener\" title=\"https:\/\/www.infobae.com\/tag\/billie-joe-armstrong\/\"><b>Billie Joe Armstrong<\/b><\/a>, l\u00edder de <b>Green Day<\/b>, quien coment\u00f3 \u201c<b>Leyendas<\/b>\u201d en la publicaci\u00f3n de Hagar, sintetizando el sentir de numerosos seguidores del g\u00e9nero. <\/p>\n<p class=\"paragraph\">Esta \u00fanica palabra bast\u00f3 para subrayar la magnitud del encuentro y el respeto que despiertan los involucrados en la comunidad musical.<\/p>\n<p class=\"paragraph\">Mientras tanto, la <b>comunidad rockera<\/b> no tard\u00f3 en volcarse con comentarios y teor\u00edas sobre lo que podr\u00eda dar origen a uno de los <b>proyectos m\u00e1s comentados del a\u00f1o<\/b>. <\/p>\n<p class=\"paragraph\">La participaci\u00f3n de figuras como <b>Kroeger<\/b> y <b>Lee<\/b>, ambos con agendas repletas, gener\u00f3 asombro y entusiasmo en igual medida.<\/p>\n<p><img alt=\"Charlie Benante confirma su incorporaci\u00f3n\" class=\"global-image\" decoding=\"async\" fetchpriority=\"low\" height=\"1080\" loading=\"lazy\" src=\"https:\/\/www.europesays.com\/es\/wp-content\/uploads\/2025\/09\/4RBTK3NITZHSBCQGN634Y4PUBI.jpg\" width=\"1920\"\/>Charlie Benante confirma su incorporaci\u00f3n al supergrupo y anticipa el lanzamiento de un sencillo<br \/>\n(Instagram\/charbenante)<\/p>\n<p class=\"paragraph\">El 22 de septiembre, <b>Charlie Benante<\/b> confirm\u00f3 su participaci\u00f3n en el proyecto mediante una publicaci\u00f3n en <b>Instagram<\/b>. <\/p>\n<p class=\"paragraph\">El baterista de <b>Anthrax<\/b> y <b>Pantera<\/b> comparti\u00f3 una fotograf\u00eda junto a <b>Hagar<\/b> y <b>Kroeger<\/b>, insinuando que el primer paso del <b>supergrupo<\/b> ser\u00eda lanzar un sencillo. En su mensaje, Benante manifest\u00f3 su entusiasmo por la iniciativa, destacando la <b>naturaleza espont\u00e1nea<\/b> y l\u00fadica de la colaboraci\u00f3n.<\/p>\n<p class=\"paragraph\"><b>La rapidez con que Benante acept\u00f3 formar parte del proyecto pone de manifiesto el atractivo que representa esta alianza<\/b>. Para \u00e9l, la posibilidad de compartir escenario y estudio con leyendas de la talla de Hagar, Kroeger y Lee resulta un incentivo inigualable, a\u00f1adiendo mayor m\u00edstica a la propuesta.<\/p>\n<p><img alt=\"La trayectoria de Sammy Hagar\" class=\"global-image\" decoding=\"async\" fetchpriority=\"low\" height=\"3794\" loading=\"lazy\" src=\"https:\/\/www.europesays.com\/es\/wp-content\/uploads\/2025\/09\/VKNG6LTAN5AHXKLHSODCOGQ5JE.JPG\" width=\"6000\"\/>La trayectoria de Sammy Hagar en supergrupos refuerza la relevancia de la noticia y la expectativa por el nuevo proyecto<br \/>\nREUTERS\/Steve Marcus<\/p>\n<p class=\"paragraph\">La trayectoria de <b>Sammy Hagar<\/b> en la formaci\u00f3n de <b>supergrupos<\/b> otorga peso a esta noticia. En la d\u00e9cada de 1980, lider\u00f3 el proyecto <b>Hagar Schon Aaronson Shrieve (HSAS)<\/b> junto a <b>Neal Schon<\/b>, <b>Kenny Aaronson<\/b> y <b>Michael Shrieve<\/b>, con quienes public\u00f3 el \u00e1lbum \u201cThrough the Fire\u201d. <\/p>\n<p class=\"paragraph\">D\u00e9cadas despu\u00e9s, Hagar impuls\u00f3 <b>Sammy Hagar and the Circle<\/b>, en el que lo acompa\u00f1an <b>Michael Anthony<\/b>, <b>Vic Johnson<\/b> y <b>Jason Bonham<\/b>. Este conjunto ha editado tres discos de estudio, siendo el \u00faltimo \u201c<b>Crazy Times<\/b>\u201d en 2022.<\/p>\n<p class=\"paragraph\"><b>Hagar se ha consolidado como un referente en la creaci\u00f3n de alianzas musicales de alto nivel<\/b>, aportando experiencia en la gesti\u00f3n de grupos integrados por talentos consolidados. Esta nueva posibilidad confirma su <b>vigencia<\/b> y capacidad para innovar en la industria musical.<\/p>\n<p><img alt=\"El hermetismo de los m\u00fasicos\" class=\"global-image\" decoding=\"async\" fetchpriority=\"low\" height=\"816\" loading=\"lazy\" src=\"https:\/\/www.europesays.com\/es\/wp-content\/uploads\/2025\/09\/O3XPR7ESMZGNFHID7ANX3HL5YM.jpg\" width=\"1456\"\/>El hermetismo de los m\u00fasicos sobre los detalles del supergrupo aumenta la expectativa entre los seguidores del rock<br \/>\n(Imagen Ilustrativa Infobae)<\/p>\n<p class=\"paragraph\">A pesar del entusiasmo, los integrantes han mantenido el <b>hermetismo<\/b> sobre el rumbo que seguir\u00e1 el supergrupo. Ni <b>Hagar<\/b> ni sus nuevos colegas han revelado objetivos concretos ni fechas tentativas para la aparici\u00f3n del esperado sencillo. <\/p>\n<p class=\"paragraph\">Esta deliberada falta de informaci\u00f3n contribuye a aumentar la <b>expectativa<\/b> y mantiene a la audiencia pendiente de cada movimiento de los protagonistas.<\/p>\n<p class=\"paragraph\"><b>La comunidad musical internacional observa con atenci\u00f3n mientras los rumores crecen y las redes sociales amplifican cada gesto o mensaje<\/b>, en espera de nuevos anuncios que arrojen luz sobre el destino de este singular colectivo de estrellas.<\/p>\n<p><img alt=\"De izquierda a derecha: Charlie\" class=\"global-image\" decoding=\"async\" fetchpriority=\"low\" height=\"1080\" loading=\"lazy\" src=\"https:\/\/www.europesays.com\/es\/wp-content\/uploads\/2025\/09\/UREGJL6CIZCZTDVZ52OAOLM2OM.jpg\" width=\"1920\"\/>De izquierda a derecha: Charlie Benante (baterista de Anthrax y Pantera), Sammy Hagar (ex Van Halen), Tommy Lee (baterista de M\u00f6tley Cr\u00fce) y Chad Kroeger (vocalista de Nickelback), seg\u00fan la \u00faltima colaboraci\u00f3n anunciada por los m\u00fasicos en redes sociales.<\/p>\n<p class=\"paragraph\">A la fecha, se desconoce si el <b>supergrupo<\/b> formar\u00e1 parte de un tour, grabar\u00e1 un \u00e1lbum completo o se limitar\u00e1 a colaboraciones puntuales. <\/p>\n<p class=\"paragraph\">Lo cierto es que la disposici\u00f3n de todos los involucrados, en especial la actitud positiva de <b>Benante<\/b> y la experiencia de <b>Hagar<\/b> en proyectos similares, <b>reflejan el entusiasmo por explorar nuevas f\u00f3rmulas dentro del rock<\/b>. <\/p>\n<p class=\"paragraph\">El surgimiento de esta agrupaci\u00f3n subraya la vitalidad del g\u00e9nero y el deseo de sus exponentes por reinventarse, incluso cuando muchos cuentan con <b>trayectorias consagradas<\/b>.<\/p>\n<p class=\"paragraph\">El universo <b>musical<\/b> aguarda novedades sobre la confirmaci\u00f3n oficial del supergrupo y el posible lanzamiento de nueva m\u00fasica, mientras la noticia contin\u00faa acumulando reacciones y mantiene en vilo a <b>fan\u00e1ticos<\/b> y especialistas.<\/p>\n","protected":false},"excerpt":{"rendered":"La posible alianza entre miembros de Van Halen, Nickelback, M\u00f6tley Cr\u00fce, Anthrax y Pantera genera expectativa en la&hellip;\n","protected":false},"author":2,"featured_media":141269,"comment_status":"","ping_status":"","sticky":false,"template":"","format":"standard","meta":{"footnotes":""},"categories":[170],"tags":[3118,146,147,25,24,4560,184,185,3119,23],"class_list":{"0":"post-141268","1":"post","2":"type-post","3":"status-publish","4":"format-standard","5":"has-post-thumbnail","7":"category-musica","8":"tag-arts-culture-entertainment","9":"tag-entertainment","10":"tag-entretenimiento","11":"tag-es","12":"tag-espana","13":"tag-las-vegas","14":"tag-music","15":"tag-musica","16":"tag-north-america","17":"tag-spain"},"share_on_mastodon":{"url":"","error":""},"_links":{"self":[{"href":"https:\/\/www.europesays.com\/es\/wp-json\/wp\/v2\/posts\/141268","targetHints":{"allow":["GET"]}}],"collection":[{"href":"https:\/\/www.europesays.com\/es\/wp-json\/wp\/v2\/posts"}],"about":[{"href":"https:\/\/www.europesays.com\/es\/wp-json\/wp\/v2\/types\/post"}],"author":[{"embeddable":true,"href":"https:\/\/www.europesays.com\/es\/wp-json\/wp\/v2\/users\/2"}],"replies":[{"embeddable":true,"href":"https:\/\/www.europesays.com\/es\/wp-json\/wp\/v2\/comments?post=141268"}],"version-history":[{"count":0,"href":"https:\/\/www.europesays.com\/es\/wp-json\/wp\/v2\/posts\/141268\/revisions"}],"wp:featuredmedia":[{"embeddable":true,"href":"https:\/\/www.europesays.com\/es\/wp-json\/wp\/v2\/media\/141269"}],"wp:attachment":[{"href":"https:\/\/www.europesays.com\/es\/wp-json\/wp\/v2\/media?parent=141268"}],"wp:term":[{"taxonomy":"category","embeddable":true,"href":"https:\/\/www.europesays.com\/es\/wp-json\/wp\/v2\/categories?post=141268"},{"taxonomy":"post_tag","embeddable":true,"href":"https:\/\/www.europesays.com\/es\/wp-json\/wp\/v2\/tags?post=141268"}],"curies":[{"name":"wp","href":"https:\/\/api.w.org\/{rel}","templated":true}]}}