{"id":141274,"date":"2025-09-27T00:45:07","date_gmt":"2025-09-27T00:45:07","guid":{"rendered":"https:\/\/www.europesays.com\/es\/141274\/"},"modified":"2025-09-27T00:45:07","modified_gmt":"2025-09-27T00:45:07","slug":"24-horas-dentro-de-la-comic-con-de-malaga-carnaval-de-cosplayers-badulaques-de-peluches-y-una-ciudad-xataka","status":"publish","type":"post","link":"https:\/\/www.europesays.com\/es\/141274\/","title":{"rendered":"24 horas dentro de la Comic-Con de M\u00e1laga: carnaval de cosplayers, badulaques de peluches y una ciudad&#8230; &#8211; Xataka"},"content":{"rendered":"<ol>\n<li><a href=\"https:\/\/news.google.com\/rss\/articles\/CBMi0gFBVV95cUxPT1NzT2F1ZDA2dDBfeGVWb1RBQklKcXQwbmRwQm10WjFOUy1xUE1kOFB3cXBGSnhrXzVPTjBFT3lXVnFZeTNjX0dyNER5cklrRVk1T3FsZTBEclpTZ09tMWl5Y0NVTi1JM0t3cV9oUjlyOUFSZXloaUNMQnlva29iYThWaFUwUFp4RmNsM1BneXRQMW43clZhcUNFeHNUSkJkQnFvTldCSlg2TkdLSlVDQkNmOHc4cUVVUUpkdWJ4TG0xRkJLanQzWE1TTTZraWdRWUHSAdcBQVVfeXFMTzBWZ3pYQzFQLUJIRUVGMU9fRmk0emJ4dXBOSzl1ekNuZHZqNDlrVkhXS29uV2hzVi1XWi1pNXQ0Y2pZU1lzeEZhUkU3R3dXRnUyNmZOdmVlRk9yb28wNXV2NkY1YmdKb0ViR2htTjhIb0ROY2FzTnAyZEV2NDVUVHNhc0FvUUdWbVU1eDMyVWU5bjNuQ2tVNzBTR3dmX3pRclhHdTZUNmNRajZYaFFiRmp4VjVkN1FSUllZYWMxOWcwZE5RandFVW9OSXZJaXB4TUc1N21uTTA?oc=5\" target=\"_blank\" rel=\"nofollow noopener\">24 horas dentro de la Comic-Con de M\u00e1laga: carnaval de cosplayers, badulaques de peluches y una ciudad&#8230;<\/a>&nbsp;&nbsp;Xataka<\/li>\n<li><a href=\"https:\/\/news.google.com\/rss\/articles\/CBMipgFBVV95cUxPVUpYNnl5eEpvbUdRODFVWTF0TnVyZnRkb0l4S2dVU25XRkxIVEgtMkpVVE5JX1VIelFMX1Flc1F6Z29ya1BQYW9DdW9sazd5a2hrT2MwUzh2UzFDUTdPb3VqcEp2LTc4NWF4WnNQQ0g5dUpGanN3MWIzTDhiS0pocjdyOWVlcWNxek1Ba0IwcUJlaW5yY19ybkFUV1JhZzJVeGdlTUlR?oc=5\" target=\"_blank\" rel=\"nofollow noopener\">\u00bfCu\u00e1nto se gasta un fan de la San Diego Comic-Con M\u00e1laga?<\/a>&nbsp;&nbsp;Diario Sur<\/li>\n<li><a href=\"https:\/\/news.google.com\/rss\/articles\/CBMiwAFBVV95cUxOZm81bmpYRDBzZFllREJNS05Ba3ZxcEpVU3B4a2FMbHdfMzRaOXhlelhyWlhIYnZVZ1pxdkJobUsxMGVyeHdmMFA3cVZocXUtMy1paVBxNXA5aWUzMm9YTVlFWkJ2ZVM2QWtQM0FqOGcxc0VGdk9hMk9hcVNMeGI2ZWlMM20wN1o2c0JQN0NaS2RYTUhhOGl2eG1OeEpxZ213N3phaWZVOERqeS1Xd0NsTHUwTm9McXhBQW1MRUdNaU_SAcYBQVVfeXFMUE1mVkpTeTdxSWV6by1oYnJJTkNiTkNFNFN3a2xaYmFDaEdGbHpzRm1aRERwLVA0M3ZGVDh1NTlYTkFGNkd5eUc0NmV2U3RvNDI1NGVHLU1SbXJ5ZW1vdVAwWjhVNDBsZUpYQ21wRFU1dVV0R1ozMG1WajRHcFFFeVFVS3pzdS1EYUNBZWt1MV9MalhQeTlWUkx0alZLQ2FiWWw2VlBfRzRLOU1PTlpQVE1tT2RKbVo1NndDeHZjRW9PbmRsaVd3?oc=5\" target=\"_blank\" rel=\"nofollow noopener\">Yaya Han, pionera en cosplay: \u201cAntes \u00e9ramos los frikis y ahora somos un arte reconocido\u201d<\/a>&nbsp;&nbsp;La Vanguardia<\/li>\n<li><a href=\"https:\/\/news.google.com\/rss\/articles\/CBMiuAFBVV95cUxNUFlvRmhTN0twVGFRd2dzSE5xNm1VdU5SaWYwM1I5c0pocEZjbkJhVk5JelhWbjhhYXFydGUtZ1UtM0JDUWI1dnpCY0Eybk1mZmJVaWV3ZnczR3lKaHNyc0hpVVE4WWppZTdzMHpkWldRY0lKZndmdU1QckZ0WFVkUXBvbG95UWlNN1VuckxtMmYwb29MSkhSU01ONkFkTU5BX2hEUkp3OFR0Q3pPYlJlZEx5cS0wMC1N?oc=5\" target=\"_blank\" rel=\"nofollow noopener\">El Festival de Cine de M\u00e1laga tendr\u00e1 presencia en la Comic-Con: dos series locales se emitir\u00e1n cada a\u00f1o en el evento<\/a>&nbsp;&nbsp;ABC<\/li>\n<li><a href=\"https:\/\/news.google.com\/rss\/articles\/CBMijgFBVV95cUxOSWFFcUhnVWIxSXJDdDNtemxFZkMwNkpCQldjeE9hc2Vuamc1WWp4cVJqb1ZaYXBxMFM1dHN5RGVtVFVtUlU0aUNCdGo1RzFFZFNxanZIeUFkUWFEZWptcm9CT0tYR0JKTTRMNnFOcVJtMldiOVVFNTVPQ0pHSlJTSDAyZVRYd2VwWVlCd0tB?oc=5\" target=\"_blank\" rel=\"nofollow noopener\">La Comic-Con llena M\u00e1laga de cultura, cine y videojuegos<\/a>&nbsp;&nbsp;RTVE.es<\/li>\n<\/ol>\n","protected":false},"excerpt":{"rendered":"24 horas dentro de la Comic-Con de M\u00e1laga: carnaval de cosplayers, badulaques de peluches y una ciudad&#8230;&nbsp;&nbsp;Xataka \u00bfCu\u00e1nto&hellip;\n","protected":false},"author":2,"featured_media":140378,"comment_status":"","ping_status":"","sticky":false,"template":"","format":"standard","meta":{"footnotes":""},"categories":[91],"tags":[146,147,25,24,23],"class_list":{"0":"post-141274","1":"post","2":"type-post","3":"status-publish","4":"format-standard","5":"has-post-thumbnail","7":"category-entretenimiento","8":"tag-entertainment","9":"tag-entretenimiento","10":"tag-es","11":"tag-espana","12":"tag-spain"},"share_on_mastodon":{"url":"","error":""},"_links":{"self":[{"href":"https:\/\/www.europesays.com\/es\/wp-json\/wp\/v2\/posts\/141274","targetHints":{"allow":["GET"]}}],"collection":[{"href":"https:\/\/www.europesays.com\/es\/wp-json\/wp\/v2\/posts"}],"about":[{"href":"https:\/\/www.europesays.com\/es\/wp-json\/wp\/v2\/types\/post"}],"author":[{"embeddable":true,"href":"https:\/\/www.europesays.com\/es\/wp-json\/wp\/v2\/users\/2"}],"replies":[{"embeddable":true,"href":"https:\/\/www.europesays.com\/es\/wp-json\/wp\/v2\/comments?post=141274"}],"version-history":[{"count":0,"href":"https:\/\/www.europesays.com\/es\/wp-json\/wp\/v2\/posts\/141274\/revisions"}],"wp:featuredmedia":[{"embeddable":true,"href":"https:\/\/www.europesays.com\/es\/wp-json\/wp\/v2\/media\/140378"}],"wp:attachment":[{"href":"https:\/\/www.europesays.com\/es\/wp-json\/wp\/v2\/media?parent=141274"}],"wp:term":[{"taxonomy":"category","embeddable":true,"href":"https:\/\/www.europesays.com\/es\/wp-json\/wp\/v2\/categories?post=141274"},{"taxonomy":"post_tag","embeddable":true,"href":"https:\/\/www.europesays.com\/es\/wp-json\/wp\/v2\/tags?post=141274"}],"curies":[{"name":"wp","href":"https:\/\/api.w.org\/{rel}","templated":true}]}}