{"id":141277,"date":"2025-09-27T00:48:06","date_gmt":"2025-09-27T00:48:06","guid":{"rendered":"https:\/\/www.europesays.com\/es\/141277\/"},"modified":"2025-09-27T00:48:06","modified_gmt":"2025-09-27T00:48:06","slug":"asi-es-la-coalicion-internacional-que-impulsa-espana-y-otros-once-paises-para-financiar-la-autorid-la-razon","status":"publish","type":"post","link":"https:\/\/www.europesays.com\/es\/141277\/","title":{"rendered":"As\u00ed es la &quot;coalici\u00f3n internacional&quot; que impulsa Espa\u00f1a y otros once pa\u00edses para financiar la Autorid &#8211; La Raz\u00f3n"},"content":{"rendered":"<ol>\n<li><a href=\"https:\/\/news.google.com\/rss\/articles\/CBMi_gFBVV95cUxQT05paXNXcktQT3ZVSzZWX1g0V0pQdThKWTR6eGY2eWo1akU0UEx3OGdTcGZNOE5Mbk5SRk1fU1I2R1dBb21mR1RwaGVtLXJLQTFKaDdzcXJIa29OdGFPRG02RmkzWTdkdmYwTDZsazNzX203TFVFalpiTEg0VkFIMklZUFd3X3FRUmswTzk3RTZhTEdjNFhPelBMcmZreXZ6cnpBRXQ0MnBHNTltTi1ERnpsdWtKNkxUM2I2MDd1NzJiYmMwdGhmRU1nNVZaZzB3NTd2N2E0RHFZejIyajdLVmViVjZxaUVEVnVZa1FZak1GX2tEVU1BMm0yVTdRUdIBkgJBVV95cUxNS3FVY013Z1N3clpZaGQ4V3h0MzliREZOSTRvRDA5QlZiYnRrMUpQSUZwalg0a1ZiSHlYRUJQWF9vd0NCYi1ubUJyTFU2M2dIMjBPbVlfMWphVERHcXM5TkFVTTE3QWh6TEtZQ05lZkRSMjZHcHlndWFzcXd6MkxnSVBSc2NVTFduY1hlN3ZHSFNHaV9ab1ZBYVhEZnFGVEdXNU1mY3F1ZGNXaGpRLWNKNFlsczB5YXRSQ2lmNW80d3d5bEhUQkVfc3RLZEJyaWtueks0a19TQXk0Yk1fTVRWTzZMSEZzcWtGTkhER2x2V1NhN3d5WmI5M1lSS2dBSFBjcmd4Mko5WU5JLTdCOFRnVHdR?oc=5\" target=\"_blank\" rel=\"nofollow noopener\">As\u00ed es la \u00abcoalici\u00f3n internacional\u00bb que impulsa Espa\u00f1a y otros once pa\u00edses para financiar la Autorid<\/a>&nbsp;&nbsp;La Raz\u00f3n<\/li>\n<li><a href=\"https:\/\/news.google.com\/rss\/articles\/CBMipAFBVV95cUxNV3l4LVBHbWVPQmxXaEpGWFF4SHdjQzYxWC16bkNlS28tREhORW93MF9ZS1hUSFprczItaU55X0RIZl82WTdWSnJmMDRnWWxlY3ZPazVfRW5OTlp6eTFPMWd6VFQ5MTBlUldtcmRaNFF3WHJHMUczLVpyLVAyOVdtNzg4OWZ1LWFfSTVmek50aGtkX0E2YUtnWWQwZFo2c1BEY00tbdIBqgFBVV95cUxQU3BkdTF6YUJiclRuVnoxcTdEZHpDRjZoLThGVWx2VEpHcmdCeUYwVTlRSUtkSWhRZVVNZEt6Mm1WM2QyODZpalRMWG5hNnNrWEdsc3d2ZTE3VURqR3VPc2RMNUh6UkU2cnlBajBZSGFDemdRRGtpUGdVaEZKTl9TTGRObTA3YzhacXJKZmpHN3JpSzRrQWo3QWR3N0tUWXVzS1NsXzdfOXNhZw?oc=5\" target=\"_blank\" rel=\"nofollow noopener\">Doce pa\u00edses, entre ellos Espa\u00f1a, acuerdan financiar a la Autoridad Palestina<\/a>&nbsp;&nbsp;El Confidencial<\/li>\n<li><a href=\"https:\/\/news.google.com\/rss\/articles\/CBMi-gFBVV95cUxNOEl5dE9lTWFCMDIyQ2tKUHozZnV2ei1oRURUS2dlNm1ESFloaDZNV2gyWTZ6Tmw1OXdPdTFheUEyVE5YTC1qZGV6SDlTNkJsWDAyRzdxaElxR01GdHF2M3ZvR2p2MTQzQ2hZUEFTb2tlM3ZiNlA2N1h6UmJmbFJES2dGOGw4eGczcVg3NXlPb0MxV1J0Z2VWTlo5MlVMYm5TZGgwRmFQQXFQYkY4eTZDdGltSW5pVGxCSkhoWWVzX2pBaXZrcnpPSl80dlAtUUdHV2RoekdIZWJvME9fOWZrZGlFT2hMZ1RMRzUwUklKRWVJaUs4QWgyNTVB?oc=5\" target=\"_blank\" rel=\"nofollow noopener\">Espa\u00f1a y otros once pa\u00edses se unen en una coalici\u00f3n para contribuir a la financiaci\u00f3n de la Autoridad Palestina<\/a>&nbsp;&nbsp;La Vanguardia<\/li>\n<li><a href=\"https:\/\/news.google.com\/rss\/articles\/CBMiogJBVV95cUxNVF8xU1ZzWVR5eGdCWUhWVjZXQnN5bjdrNEdQejlCNXZsTS1QMGMyMlltanBiVWFxWmVaN2tWdHV5QlVJNWdOME9fX2NCOGJHMnh3amJ3bWZZdERyWE52UWZCMXZueVVMZUZlU2htYkpPS2pOWGFrWVViVHotM05EVENEZWxreE4yVk5wNXVXVmF4RUFnNjZFc094TDdSclFyUWpSeU1ubzNXM1FjbnExSGhwUHdubklXNk1sU2M4RXpwVjhPb0ctdzZ1UUJnRzhGdS1xUGN6YWEzSmVWbEtFZDk4UEE4dERyMmhydktUOVQ0dVBxZGlfakdlZXRTYmVZQUZSamJoaVphT3NlTEpPTExYY1JzcF9BREFhd2hJUS1Sd9IBogJBVV95cUxPSk9GTktRM3ZZNUVaM08tcGFJdVpCS2I2VDB3enVmbFdmaUk1azJsano4OEdteWVBbk9aMXpnYTlCZVUtcHNTS1BjTXdsWTQwVm92YWd5YnpCcE5NcktBVkZGTk5BZmlGd2JhV0tfYUpfZlZMcWpDZHB1VGNSVllpZ3ZwaFdUbGVreTBTNjl2ck1GalJxcGt6NWEtQUJ6MGFDbkJ3NmpiMy1SaDZLV05ZejFZXzJHbXZwWjR1WllCMXZ0SGZQMTJXMmxGN2EyaTRRT2FpZUg2OHJKTXFfeTM1bFhpQUtkd1NPd3pFMXFxRkFZb19QSVhlYnUtZkVXV3UtSWQ5dVRiQ19zUVA4WDNfUXBweThoNk9MZEdJZmdIenFDQQ?oc=5\" target=\"_blank\" rel=\"nofollow noopener\">Albares descarta que el embargo de armas a Israel debilite la seguridad de Espa\u00f1a: \u00abEsta situaci\u00f3n va a p<\/a>&nbsp;&nbsp;LaSexta<\/li>\n<li><a href=\"https:\/\/news.google.com\/rss\/articles\/CBMiwwFBVV95cUxOa3BpVDA4ZmljbEw3LWpBT21pM05zeVdqOW02YklNdWRmXzNmRFM5NU1NaV8xRnlMdmV0SGRnMHlaVy13VGZtTExwV1FwVnp6NDZhMkQtRHYwTEZ5N3ZZazRIUDZRbWtZcXA2ckdXUHNPSURsR3p1b3RrclZFeG5rVVJzb2tjeG5XWEx5VGh3eXc2QllFOF9YX3VZNmdiYXR1R3luN0JYNDk4NUdxMXRhSXMyQVFSMm9sR2N0OUg4U2V5VHM?oc=5\" target=\"_blank\" rel=\"nofollow noopener\">Espa\u00f1a impulsa una coalici\u00f3n internacional para financiar a la Autoridad Nacional Palestina<\/a>&nbsp;&nbsp;Euronews.com<\/li>\n<\/ol>\n","protected":false},"excerpt":{"rendered":"As\u00ed es la \u00abcoalici\u00f3n internacional\u00bb que impulsa Espa\u00f1a y otros once pa\u00edses para financiar la Autorid&nbsp;&nbsp;La Raz\u00f3n Doce&hellip;\n","protected":false},"author":2,"featured_media":140378,"comment_status":"","ping_status":"","sticky":false,"template":"","format":"standard","meta":{"footnotes":""},"categories":[42],"tags":[17,18,13,14,11,61,62,63,64,19,20,9,10,15,16,12,21,22,65,66,67],"class_list":{"0":"post-141277","1":"post","2":"type-post","3":"status-publish","4":"format-standard","5":"has-post-thumbnail","7":"category-internacional","8":"tag-breaking-news","9":"tag-breakingnews","10":"tag-featured-news","11":"tag-featurednews","12":"tag-headlines","13":"tag-internacional","14":"tag-international","15":"tag-international-news","16":"tag-internationalnews","17":"tag-latest-news","18":"tag-latestnews","19":"tag-news","20":"tag-noticias","21":"tag-noticias-destacadas","22":"tag-noticiasdestacadas","23":"tag-titulares","24":"tag-ultimas-noticias","25":"tag-ultimasnoticias","26":"tag-world","27":"tag-world-news","28":"tag-worldnews"},"share_on_mastodon":{"url":"","error":""},"_links":{"self":[{"href":"https:\/\/www.europesays.com\/es\/wp-json\/wp\/v2\/posts\/141277","targetHints":{"allow":["GET"]}}],"collection":[{"href":"https:\/\/www.europesays.com\/es\/wp-json\/wp\/v2\/posts"}],"about":[{"href":"https:\/\/www.europesays.com\/es\/wp-json\/wp\/v2\/types\/post"}],"author":[{"embeddable":true,"href":"https:\/\/www.europesays.com\/es\/wp-json\/wp\/v2\/users\/2"}],"replies":[{"embeddable":true,"href":"https:\/\/www.europesays.com\/es\/wp-json\/wp\/v2\/comments?post=141277"}],"version-history":[{"count":0,"href":"https:\/\/www.europesays.com\/es\/wp-json\/wp\/v2\/posts\/141277\/revisions"}],"wp:featuredmedia":[{"embeddable":true,"href":"https:\/\/www.europesays.com\/es\/wp-json\/wp\/v2\/media\/140378"}],"wp:attachment":[{"href":"https:\/\/www.europesays.com\/es\/wp-json\/wp\/v2\/media?parent=141277"}],"wp:term":[{"taxonomy":"category","embeddable":true,"href":"https:\/\/www.europesays.com\/es\/wp-json\/wp\/v2\/categories?post=141277"},{"taxonomy":"post_tag","embeddable":true,"href":"https:\/\/www.europesays.com\/es\/wp-json\/wp\/v2\/tags?post=141277"}],"curies":[{"name":"wp","href":"https:\/\/api.w.org\/{rel}","templated":true}]}}