{"id":141278,"date":"2025-09-27T00:49:10","date_gmt":"2025-09-27T00:49:10","guid":{"rendered":"https:\/\/www.europesays.com\/es\/141278\/"},"modified":"2025-09-27T00:49:10","modified_gmt":"2025-09-27T00:49:10","slug":"la-princesa-leonor-homenajea-en-leyre-a-los-reyes-de-navarra","status":"publish","type":"post","link":"https:\/\/www.europesays.com\/es\/141278\/","title":{"rendered":"La princesa Leonor homenajea en Leyre a los Reyes de Navarra"},"content":{"rendered":"<p>Los monjes han regalado a los Reyes y la princesa un libro sobre el monasterio as\u00ed como licor y ginebra elaborados en el templo<\/p>\n<p>   LEYRE, 26 Sep. (EUROPA PRESS) &#8211; <\/p>\n<p>   La Princesa Leonor, acompa\u00f1ada de los Reyes Felipe y Letizia, ha culminado este viernes la primera jornada de la visita a Navarra en el Monasterio de Leyre, donde ha realizado una ofrenda floral en homenaje a los Reyes de Navarra.<\/p>\n<p>   Acompa\u00f1ados por la presidenta del Gobierno foral, Mar\u00eda Chivite; la ministra de Inclusi\u00f3n, Seguridad Social y Migraciones, Elma Saiz, y la delegada del Gobierno en Navarra, Alicia Echeverr\u00eda; han recibido el saludo de los alcaldes de Yesa, Roberto Mart\u00ednez, Sang\u00fcesa, Javier Soloz\u00e1bal; C\u00e1seda, Jes\u00fas Antonio Esparza; Li\u00e9dena, Ricardo Murillo; Lumbier, Roc\u00edo Murillo; Petilla de Arag\u00f3n, Florentino Aguas; y Rocaforte, Mar\u00eda Eugenia P\u00e9rez.<\/p>\n<p>   En el atrio de la bas\u00edlica, han recibido la bienvenida del abad mitrado del Monasterio, Juan Manuel Apestegu\u00eda y el prior del monasterio Eduardo Oliver. Los Reyes y la Princesa se han dirigido hacia el Pante\u00f3n Real de los primeros Reyes de Navarra, con los acordes del himno nacional interpretado al \u00f3rgano. Los restos de los Reyes de Navarra se guardan en una arqueta de roble y herrajes neog\u00f3ticos, en uno de los laterales de la iglesia. Florencio Ansoleaga fue el autor de este pante\u00f3n.<\/p>\n<p>   Los Reyes y la Princesa han entrado en el monasterio al son del himno de Espa\u00f1a tocado al \u00f3rgano. El abad ha abierto la verja del pante\u00f3n real y, a continuaci\u00f3n, Leonor ha realizado la ofrenda floral en homenaje a los reyes y el Reino de Navarra.<\/p>\n<p>   El himno de la Comunidad foral, interpretado tambi\u00e9n al \u00f3rgano, ha dado paso a un canto de los monjes que ha cerrado el acto. Antes de pasar a la cripta, acompa\u00f1ando a la comunidad cisterciense que vive en el monasterio, los Reyes y la princesa han intercambiado unas palabras con el abad del monasterio, la presidenta Chivite, la ministra Saiz, la delegada del Gobierno y el alcalde de Yesa.<\/p>\n<p>   Los monjes del monasterio han despedido a sus majestades y la princesa en el exterior de la hospeder\u00eda, donde tambi\u00e9n esperaban un grupo de personas que les han recibido con aplausos y con quienes han intercambiado saludos y algunas palabras.<\/p>\n<p>   Los Reyes y la Princesa continuar\u00e1n su vista a la Comunidad foral este s\u00e1bado viajando al Castillo de Olite y a Tudela, donde visitar\u00e1n el Ayuntamiento y mantendr\u00e1n un encuentro con j\u00f3venes en el Palacio del Marqu\u00e9s de San Adri\u00e1n.<\/p>\n<p>\u00abUN HOMENAJE AL PASADO, PRESENTE Y FUTURO\u00bb DE LEYRE<\/p>\n<p>   En declaraciones a los medios de comunicaci\u00f3n, Ignacio Esparza, administrador del monasterio de Leyre, ha destacado que se trata del \u00abprimer pante\u00f3n real de Navarra\u00bb. \u00abAqu\u00ed est\u00e1n enterrados reyes y gente de las diversas monarqu\u00edas y de las diversas dinast\u00edas de todos los siglos del reino de Navarra\u00bb, incluido \u00abel \u00faltimo pr\u00edncipe de Viana\u00bb.<\/p>\n<p>   Para Esparza, que la princesa Leonor venga a Leyre \u00abes un homenaje a la historia, es un homenaje a Navarra entera\u00bb y tambi\u00e9n \u00abhacia el monasterio, hacia su pasado, su presente y tambi\u00e9n su futuro\u00bb. Un futuro evidenciado por la juventud de sus integrantes, muchos de ellos rondando los 20 y 30 a\u00f1os; el ultimo en incorporarse de 26 a\u00f1os.<\/p>\n<p>   Tal y como ha explicado, los monjes de Leyre han entregado a los Reyes y la Princesa dos regalos que son \u00abreflejo y expresi\u00f3n del trabajo de la comunidad\u00bb. Por un lado, un libro escrito por un monje de Leyre sobre la historia, arte y vida mon\u00e1stica. Por otro lado, licor y ginebra realizadas en el monasterio.<\/p>\n<p>   \u00abEl licor de Leire es un producto que era muy famoso, pero lo hemos reformulado, y a ra\u00edz de esta nueva f\u00f3rmula tambi\u00e9n hemos empezado a hacer ginebra. Entonces, la botella n\u00famero uno de la ginebra y la botella n\u00famero uno del licor nuevos van a ser, junto con el libro, los obsequios que les vamos a hacer\u00bb.<\/p>\n","protected":false},"excerpt":{"rendered":"Los monjes han regalado a los Reyes y la princesa un libro sobre el monasterio as\u00ed como licor&hellip;\n","protected":false},"author":2,"featured_media":141279,"comment_status":"","ping_status":"","sticky":false,"template":"","format":"standard","meta":{"footnotes":""},"categories":[8],"tags":[17,18,25,24,13,14,11,19,20,9,10,15,16,23,12,21,22],"class_list":{"0":"post-141278","1":"post","2":"type-post","3":"status-publish","4":"format-standard","5":"has-post-thumbnail","7":"category-espana","8":"tag-breaking-news","9":"tag-breakingnews","10":"tag-es","11":"tag-espana","12":"tag-featured-news","13":"tag-featurednews","14":"tag-headlines","15":"tag-latest-news","16":"tag-latestnews","17":"tag-news","18":"tag-noticias","19":"tag-noticias-destacadas","20":"tag-noticiasdestacadas","21":"tag-spain","22":"tag-titulares","23":"tag-ultimas-noticias","24":"tag-ultimasnoticias"},"share_on_mastodon":{"url":"","error":""},"_links":{"self":[{"href":"https:\/\/www.europesays.com\/es\/wp-json\/wp\/v2\/posts\/141278","targetHints":{"allow":["GET"]}}],"collection":[{"href":"https:\/\/www.europesays.com\/es\/wp-json\/wp\/v2\/posts"}],"about":[{"href":"https:\/\/www.europesays.com\/es\/wp-json\/wp\/v2\/types\/post"}],"author":[{"embeddable":true,"href":"https:\/\/www.europesays.com\/es\/wp-json\/wp\/v2\/users\/2"}],"replies":[{"embeddable":true,"href":"https:\/\/www.europesays.com\/es\/wp-json\/wp\/v2\/comments?post=141278"}],"version-history":[{"count":0,"href":"https:\/\/www.europesays.com\/es\/wp-json\/wp\/v2\/posts\/141278\/revisions"}],"wp:featuredmedia":[{"embeddable":true,"href":"https:\/\/www.europesays.com\/es\/wp-json\/wp\/v2\/media\/141279"}],"wp:attachment":[{"href":"https:\/\/www.europesays.com\/es\/wp-json\/wp\/v2\/media?parent=141278"}],"wp:term":[{"taxonomy":"category","embeddable":true,"href":"https:\/\/www.europesays.com\/es\/wp-json\/wp\/v2\/categories?post=141278"},{"taxonomy":"post_tag","embeddable":true,"href":"https:\/\/www.europesays.com\/es\/wp-json\/wp\/v2\/tags?post=141278"}],"curies":[{"name":"wp","href":"https:\/\/api.w.org\/{rel}","templated":true}]}}