{"id":141280,"date":"2025-09-27T00:50:09","date_gmt":"2025-09-27T00:50:09","guid":{"rendered":"https:\/\/www.europesays.com\/es\/141280\/"},"modified":"2025-09-27T00:50:09","modified_gmt":"2025-09-27T00:50:09","slug":"gaza-aguanta-el-mundo-se-levanta","status":"publish","type":"post","link":"https:\/\/www.europesays.com\/es\/141280\/","title":{"rendered":"Gaza, aguanta, el mundo se levanta"},"content":{"rendered":"<p>            Marcha multitudinaria en Zaragoza por el fin del \u00abgenocidio\u00bb en Palestina: \u00abGaza, aguanta, el mundo se levanta\u00bb                <\/p>\n<p>Marcha multitudinaria en Zaragoza por el fin del \u00abgenocidio\u00bb en Palestina: \u00abGaza, aguanta, el mundo se levanta\u00bb<\/p>\n<p class=\"epigraph\">Los participantes en la manifestaci\u00f3n, convocada por una treintena de colectivos, hacen un llamamiento a la movilizaci\u00f3n de los ciudadanos.<\/p>\n<p class=\"paragraph\">Una marcha multitudinaria ha recorrido el centro de Zaragoza para <a href=\"https:\/\/www.heraldo.es\/noticias\/internacional\/2025\/09\/26\/jennifer-lawrence-sucede-palestina-genocidio-mortifica-1857127.html\" title=\"Jennifer Lawrence: &quot;Lo que sucede en Palestina es un genocidio, me mortifica&quot;\" rel=\"nofollow noopener\" target=\"_blank\">denunciar sin ambages el \u00abgenocidio\u00bb por parte de Israel contra Palestina y exigir a la ONU que defienda\u00a0la legalidad internacional<\/a> y el derecho de este pueblo a vivir en paz y en libertad en su tierra. Miles de zaragozanos, m\u00e1s de 3.500 seg\u00fan los datos de la Delegaci\u00f3n de Gobierno, se han echado a la calle con un sinf\u00edn de banderas tricolores negras, blancas y verdes, y pa\u00f1uelos tradicionales kufiya. Los participantes, de todas las edades y condici\u00f3n,\u00a0han hecho un <b>llamamiento para que la ciudadan\u00eda siga moviliz\u00e1ndose<\/b> al grito de: \u201cGaza aguanta, el mundo se levanta\u201d.<\/p>\n<p>            Conforme a los criterios de<br \/>\n            <a class=\"trustproject_img\" id=\"trustproject_img\" href=\"https:\/\/thetrustproject.org\/\" target=\"_blank\" rel=\"nofollow noopener\" aria-label=\"Trust Project\"><img decoding=\"async\" loading=\"lazy\" src=\"https:\/\/www.heraldo.es\/images\/Trust-Logo-Horizontal.svg\" alt=\"Logo Trust Project\" width=\"200\" height=\"34\"\/><\/a><\/p>\n<p>        <a href=\"https:\/\/www.henneo.com\/\" title=\"Grupo Henneo\" class=\"logo\" rel=\"nofollow noopener\" target=\"_blank\"><br \/>\n            <img decoding=\"async\" src=\"https:\/\/www.heraldo.es\/images\/logo_henneo_gris.svg\" alt=\"Logo Henneo\" width=\"559\" height=\"389\" loading=\"lazy\"\/><br \/>\n        <\/a><\/p>\n<p>\u00a9 HERALDO DE ARAGON EDITORA, S.L.U.<br \/>Tel\u00e9fono 976 765 000 \/ &#8211; P\u00ba. Independencia, 29, 50001 Zaragoza &#8211; CIF: B99288763 &#8211; Inscrita en el Registro Mercantil de Zaragoza al Tomo 3796, Libro 0, Folio 177, Secci\u00f3n 8, Hoja Z-50564<br \/>Queda prohibida toda reproducci\u00f3n sin permiso escrito de la empresa a los efectos del art\u00edculo 32.1, p\u00e1rrafo segundo, de la Ley de Propiedad Intelectual<\/p>\n<p>\n                P\u00ba Independencia, 29, 50001 Zaragoza<br \/> Tel\u00e9fono 976 765 000\n            <\/p>\n<p>                    Actualmente tu navegador no permite ejecutar JavaScript. Para poder disfrutar de nuestro contenido es necesario que lo permita.<br \/>\n                                        <img decoding=\"async\" loading=\"lazy\" alt=\"Heraldo logo\" src=\"https:\/\/dkumiip2e9ary.cloudfront.net\/xalok\/heraldo\/especiales\/hola-de-nuevo\/logo-heraldo.svg\" width=\"215\" height=\"43\"\/><\/p>\n","protected":false},"excerpt":{"rendered":"Marcha multitudinaria en Zaragoza por el fin del \u00abgenocidio\u00bb en Palestina: \u00abGaza, aguanta, el mundo se levanta\u00bb Marcha&hellip;\n","protected":false},"author":2,"featured_media":141281,"comment_status":"","ping_status":"","sticky":false,"template":"","format":"standard","meta":{"footnotes":""},"categories":[5],"tags":[22696,17,18,25,24,13,14,79,11,19,20,5777,9,10,15,16,76,23,12,21,22,43955],"class_list":{"0":"post-141280","1":"post","2":"type-post","3":"status-publish","4":"format-standard","5":"has-post-thumbnail","7":"category-titulares","8":"tag-aguanta","9":"tag-breaking-news","10":"tag-breakingnews","11":"tag-es","12":"tag-espana","13":"tag-featured-news","14":"tag-featurednews","15":"tag-genocidio","16":"tag-headlines","17":"tag-latest-news","18":"tag-latestnews","19":"tag-levanta","20":"tag-news","21":"tag-noticias","22":"tag-noticias-destacadas","23":"tag-noticiasdestacadas","24":"tag-palestina","25":"tag-spain","26":"tag-titulares","27":"tag-ultimas-noticias","28":"tag-ultimasnoticias","29":"tag-zaragozanos"},"share_on_mastodon":{"url":"","error":""},"_links":{"self":[{"href":"https:\/\/www.europesays.com\/es\/wp-json\/wp\/v2\/posts\/141280","targetHints":{"allow":["GET"]}}],"collection":[{"href":"https:\/\/www.europesays.com\/es\/wp-json\/wp\/v2\/posts"}],"about":[{"href":"https:\/\/www.europesays.com\/es\/wp-json\/wp\/v2\/types\/post"}],"author":[{"embeddable":true,"href":"https:\/\/www.europesays.com\/es\/wp-json\/wp\/v2\/users\/2"}],"replies":[{"embeddable":true,"href":"https:\/\/www.europesays.com\/es\/wp-json\/wp\/v2\/comments?post=141280"}],"version-history":[{"count":0,"href":"https:\/\/www.europesays.com\/es\/wp-json\/wp\/v2\/posts\/141280\/revisions"}],"wp:featuredmedia":[{"embeddable":true,"href":"https:\/\/www.europesays.com\/es\/wp-json\/wp\/v2\/media\/141281"}],"wp:attachment":[{"href":"https:\/\/www.europesays.com\/es\/wp-json\/wp\/v2\/media?parent=141280"}],"wp:term":[{"taxonomy":"category","embeddable":true,"href":"https:\/\/www.europesays.com\/es\/wp-json\/wp\/v2\/categories?post=141280"},{"taxonomy":"post_tag","embeddable":true,"href":"https:\/\/www.europesays.com\/es\/wp-json\/wp\/v2\/tags?post=141280"}],"curies":[{"name":"wp","href":"https:\/\/api.w.org\/{rel}","templated":true}]}}