{"id":141288,"date":"2025-09-27T00:57:14","date_gmt":"2025-09-27T00:57:14","guid":{"rendered":"https:\/\/www.europesays.com\/es\/141288\/"},"modified":"2025-09-27T00:57:14","modified_gmt":"2025-09-27T00:57:14","slug":"cadillac-pide-hasta-70-mdd-por-patrocinio-en-la-f1-con-checo-perez-como-figura","status":"publish","type":"post","link":"https:\/\/www.europesays.com\/es\/141288\/","title":{"rendered":"Cadillac pide hasta 70 mdd por patrocinio en la F1 con Checo P\u00e9rez como figura"},"content":{"rendered":"<p data-start=\"116\" data-end=\"548\"><strong>La llegada de <\/strong><strong data-start=\"130\" data-end=\"168\">Cadillac<\/strong> a la <strong data-start=\"130\" data-end=\"168\">F\u00f3rmula 1 en 2026<\/strong> promete ser uno de los grandes movimientos de la categor\u00eda, con <a href=\"https:\/\/www.record.com.mx\/tags\/sergio-checo-perez\" rel=\"nofollow noopener\" target=\"_blank\"><strong data-start=\"233\" data-end=\"275\">Sergio &#8216;Checo&#8217; P\u00e9rez<\/strong><\/a><strong data-start=\"233\" data-end=\"275\"> y Valtteri Bottas<\/strong> como pilotos principales; sin embargo, el nuevo equipo estadounidense necesita asegurar fuertes patrocinios para competir al m\u00e1ximo nivel en el <a href=\"https:\/\/www.record.com.mx\/formula1\" rel=\"nofollow noopener\" target=\"_blank\"><strong data-start=\"424\" data-end=\"438\">Gran Circo<\/strong><\/a>, donde los costos de desarrollo y operaci\u00f3n de un monoplaza son de los m\u00e1s altos en el deporte mundial.<\/p>\n<p><img loading=\"lazy\" decoding=\"async\" src=\"https:\/\/www.europesays.com\/es\/wp-content\/uploads\/2025\/09\/GzRmWdHXQAEBsus_1.jpg\" data-entity-uuid=\"06497a91-9b33-49a4-ad5e-5d728d6af14d\" data-entity-type=\"file\" width=\"960\" height=\"1200\" data-caption=\"Caras conocidas en el estreno de Cadillac | X: @Cadillac_F1\"\/><\/p>\n<p>Caras conocidas en el estreno de Cadillac | X: @Cadillac_F1<\/p>\n<p>Cadillac F1 ya tiene socios, pero busca acuerdos millonarios<\/p>\n<p data-start=\"622\" data-end=\"919\">Hasta el momento, Cadillac ha confirmado a <strong data-start=\"665\" data-end=\"694\">Tommy Hilfiger y Jim Beam<\/strong> como sus primeros aliados comerciales en la F\u00f3rmula 1. La estrategia del equipo pasa por ampliar esta lista con socios que aporten capital suficiente para sostener su debut en una parrilla cada vez m\u00e1s competitiva.<\/p>\n<p data-start=\"921\" data-end=\"1267\">De acuerdo con el medio especializado <strong data-start=\"959\" data-end=\"986\">Sports Business Journal<\/strong>, Cadillac plantea diferentes niveles de patrocinio: desde el nombre de la escuder\u00eda<strong> <\/strong>hasta socios<strong> <\/strong>premium, oficiales y proveedores. Cada categor\u00eda tiene un costo distinto, dise\u00f1ado para atraer a marcas globales interesadas en el impacto medi\u00e1tico de la <strong data-start=\"1227\" data-end=\"1264\">F\u00f3rmula 1<\/strong>.<\/p>\n<p><img loading=\"lazy\" decoding=\"async\" src=\"https:\/\/www.europesays.com\/es\/wp-content\/uploads\/2025\/09\/Gz2lloSXsAAHA85.jpg\" data-entity-uuid=\"5f677570-33ef-469a-bc18-0caf0f1a7bc7\" data-entity-type=\"file\" width=\"960\" height=\"1200\" data-caption=\"Bottas y P\u00e9rez ser\u00e1n los primeros pilotos de Cadillac | X: @Cadillac_F1\"\/><\/p>\n<p>Bottas y P\u00e9rez ser\u00e1n los primeros pilotos de Cadillac | X: @Cadillac_F1<\/p>\n<p>Lo que Cadillac pide a patrocinadores en la era Checo P\u00e9rez<\/p>\n<p data-start=\"1340\" data-end=\"1789\">El patrocinio m\u00e1s caro es el que otorga el naming del equipo, por el que Cadillac pide entre <strong data-start=\"1441\" data-end=\"1480\">55 y 70 millones de d\u00f3lares por a\u00f1o<\/strong>, con acuerdos que podr\u00edan extenderse hasta por cinco temporadas. Aunque esta cifra es inferior a lo que obtienen escuder\u00edas como <strong data-start=\"1614\" data-end=\"1645\">Red Bull, McLaren o Ferrari<\/strong> (que rondan los <strong data-start=\"1662\" data-end=\"1678\">100 millones<\/strong> con <strong data-start=\"1683\" data-end=\"1710\">Oracle, Mastercard y HP<\/strong>), sigue representando una de las inversiones m\u00e1s fuertes del campeonato.<\/p>\n<p data-start=\"1791\" data-end=\"2204\">Adem\u00e1s, el plan incluye la firma de dos o tres acuerdos valuados en 40 a 50 millones de d\u00f3lares anuales, otros cinco de entre 20 y 30 millones, y alrededor de ocho socios adicionales con aportaciones de entre 3 y 15 millones cada uno. Con esta estructura financiera, <strong data-start=\"2070\" data-end=\"2133\">Cadillac <\/strong>espera garantizar el respaldo econ\u00f3mico suficiente para competir en la \u00e9lite junto a <strong data-start=\"2168\" data-end=\"2201\">Checo P\u00e9rez y Valtteri Bottas<\/strong>.<\/p>\n<p><img loading=\"lazy\" decoding=\"async\" src=\"https:\/\/www.europesays.com\/es\/wp-content\/uploads\/2025\/09\/Gz2lcCBWcAAT6JY_0.jpg\" data-entity-uuid=\"ae23ebdd-3283-48de-87b7-05b56b28d1f3\" data-entity-type=\"file\" width=\"960\" height=\"1200\" data-caption=\"Presentaci\u00f3n de los pilotos ante los medios | X: @Cadillac_F1\"\/><\/p>\n<p>Presentaci\u00f3n de los pilotos ante los medios | X: @Cadillac_F1<\/p>\n","protected":false},"excerpt":{"rendered":"La llegada de Cadillac a la F\u00f3rmula 1 en 2026 promete ser uno de los grandes movimientos de&hellip;\n","protected":false},"author":2,"featured_media":141289,"comment_status":"","ping_status":"","sticky":false,"template":"","format":"standard","meta":{"footnotes":""},"categories":[270],"tags":[168,25,24,306,271,272,6480,23,167],"class_list":{"0":"post-141288","1":"post","2":"type-post","3":"status-publish","4":"format-standard","5":"has-post-thumbnail","7":"category-formula-1","8":"tag-deportes","9":"tag-es","10":"tag-espana","11":"tag-f1","12":"tag-formula-1","13":"tag-formula1","14":"tag-sergio-checo-perez","15":"tag-spain","16":"tag-sports"},"share_on_mastodon":{"url":"","error":""},"_links":{"self":[{"href":"https:\/\/www.europesays.com\/es\/wp-json\/wp\/v2\/posts\/141288","targetHints":{"allow":["GET"]}}],"collection":[{"href":"https:\/\/www.europesays.com\/es\/wp-json\/wp\/v2\/posts"}],"about":[{"href":"https:\/\/www.europesays.com\/es\/wp-json\/wp\/v2\/types\/post"}],"author":[{"embeddable":true,"href":"https:\/\/www.europesays.com\/es\/wp-json\/wp\/v2\/users\/2"}],"replies":[{"embeddable":true,"href":"https:\/\/www.europesays.com\/es\/wp-json\/wp\/v2\/comments?post=141288"}],"version-history":[{"count":0,"href":"https:\/\/www.europesays.com\/es\/wp-json\/wp\/v2\/posts\/141288\/revisions"}],"wp:featuredmedia":[{"embeddable":true,"href":"https:\/\/www.europesays.com\/es\/wp-json\/wp\/v2\/media\/141289"}],"wp:attachment":[{"href":"https:\/\/www.europesays.com\/es\/wp-json\/wp\/v2\/media?parent=141288"}],"wp:term":[{"taxonomy":"category","embeddable":true,"href":"https:\/\/www.europesays.com\/es\/wp-json\/wp\/v2\/categories?post=141288"},{"taxonomy":"post_tag","embeddable":true,"href":"https:\/\/www.europesays.com\/es\/wp-json\/wp\/v2\/tags?post=141288"}],"curies":[{"name":"wp","href":"https:\/\/api.w.org\/{rel}","templated":true}]}}