{"id":141290,"date":"2025-09-27T00:58:11","date_gmt":"2025-09-27T00:58:11","guid":{"rendered":"https:\/\/www.europesays.com\/es\/141290\/"},"modified":"2025-09-27T00:58:11","modified_gmt":"2025-09-27T00:58:11","slug":"el-alimerka-roza-el-lleno-en-su-estreno-en-el-palacio-de-los-deportes","status":"publish","type":"post","link":"https:\/\/www.europesays.com\/es\/141290\/","title":{"rendered":"el Alimerka roza el lleno en su estreno en el Palacio de los Deportes"},"content":{"rendered":"<p class=\"ft-text\">La Banda de Gaitas Ciudad de Oviedo dio la bienvenida al nuevo Palacio de los Deportes de la ciudad y junto a la afici\u00f3n del Alimerka Oviedo Baloncesto, todos en pie, cantaron el himno regional, el \u00abAsturias, patria querida\u00bb, en lo que fue el punto de partida a una fiesta del baloncesto regional.<\/p>\n<p class=\"ft-text\">Muy bonito el gesto del club, rindiendo un merecido homenaje al Cibeles, equipo de hockey sobre patines que consigui\u00f3 ganar la Copa del Rey en este mismo recinto, en el que ahora el OCB compite en Primera FEB. La plantilla de ese equipo estuvo presente.<\/p>\n<p class=\"ft-text\">Tras todos los actos dio comienzo el partido ente el OCB y el Estudiantes, con m\u00e1s de 4.000 espectadores en la grada de este Palacio que tom\u00f3 el relevo del fort\u00edn de Pumar\u00edn.<\/p>\n","protected":false},"excerpt":{"rendered":"La Banda de Gaitas Ciudad de Oviedo dio la bienvenida al nuevo Palacio de los Deportes de la&hellip;\n","protected":false},"author":2,"featured_media":141291,"comment_status":"","ping_status":"","sticky":false,"template":"","format":"standard","meta":{"footnotes":""},"categories":[269],"tags":[1795,299,298,168,978,25,24,2612,3956,1797,1796,23,167],"class_list":{"0":"post-141290","1":"post","2":"type-post","3":"status-publish","4":"format-standard","5":"has-post-thumbnail","7":"category-baloncesto","8":"tag-alimerka","9":"tag-baloncesto","10":"tag-basketball","11":"tag-deportes","12":"tag-dia","13":"tag-es","14":"tag-espana","15":"tag-feb","16":"tag-gran","17":"tag-ocb","18":"tag-oviedo","19":"tag-spain","20":"tag-sports"},"share_on_mastodon":{"url":"","error":""},"_links":{"self":[{"href":"https:\/\/www.europesays.com\/es\/wp-json\/wp\/v2\/posts\/141290","targetHints":{"allow":["GET"]}}],"collection":[{"href":"https:\/\/www.europesays.com\/es\/wp-json\/wp\/v2\/posts"}],"about":[{"href":"https:\/\/www.europesays.com\/es\/wp-json\/wp\/v2\/types\/post"}],"author":[{"embeddable":true,"href":"https:\/\/www.europesays.com\/es\/wp-json\/wp\/v2\/users\/2"}],"replies":[{"embeddable":true,"href":"https:\/\/www.europesays.com\/es\/wp-json\/wp\/v2\/comments?post=141290"}],"version-history":[{"count":0,"href":"https:\/\/www.europesays.com\/es\/wp-json\/wp\/v2\/posts\/141290\/revisions"}],"wp:featuredmedia":[{"embeddable":true,"href":"https:\/\/www.europesays.com\/es\/wp-json\/wp\/v2\/media\/141291"}],"wp:attachment":[{"href":"https:\/\/www.europesays.com\/es\/wp-json\/wp\/v2\/media?parent=141290"}],"wp:term":[{"taxonomy":"category","embeddable":true,"href":"https:\/\/www.europesays.com\/es\/wp-json\/wp\/v2\/categories?post=141290"},{"taxonomy":"post_tag","embeddable":true,"href":"https:\/\/www.europesays.com\/es\/wp-json\/wp\/v2\/tags?post=141290"}],"curies":[{"name":"wp","href":"https:\/\/api.w.org\/{rel}","templated":true}]}}