{"id":141294,"date":"2025-09-27T01:00:08","date_gmt":"2025-09-27T01:00:08","guid":{"rendered":"https:\/\/www.europesays.com\/es\/141294\/"},"modified":"2025-09-27T01:00:08","modified_gmt":"2025-09-27T01:00:08","slug":"del-vestido-de-la-novia-a-los-invitados","status":"publish","type":"post","link":"https:\/\/www.europesays.com\/es\/141294\/","title":{"rendered":"del vestido de la novia a los invitados"},"content":{"rendered":"<p class=\"paragraph\" id=\"paragraph_1\">Este viernes, 26 de septiembre, Madrid ha sido testigo de una de las bodas m\u00e1s esperadas del oto\u00f1o: la uni\u00f3n entre <strong>Jaime Mart\u00ednez<\/strong>&#8211;<strong>Bordi\u00fa Aznar<\/strong> y <strong>Andrea Garc\u00eda Charcos<\/strong>, una pareja que ha compartido varios a\u00f1os de vida en com\u00fan antes de dar el paso definitivo.<\/p>\n<p class=\"paragraph\" id=\"paragraph_2\">La ceremonia ha tenido lugar en la <strong>Iglesia de la Florida<\/strong>, un templo con historia que ha acogido a numerosas personalidades a lo largo de los a\u00f1os.\u00a0<\/p>\n<p class=\"paragraph\" id=\"paragraph_3\">No han querido perderse este d\u00eda tan especial para los novios <strong>Jaime Mart\u00ednez Bordi\u00fa<\/strong>; <strong>Bosco Blach Mart\u00ednez<\/strong>&#8211;<strong>Bordi\u00fa<\/strong>; el artista musical, <strong>Jos\u00e9 Miguel Fern\u00e1ndez Sastr\u00f3n<\/strong>. Eso s\u00ed, ni rastro de <strong>Carmen Mart\u00ednez Bordi\u00fa<\/strong>, que lleva retirada de la vida p\u00fablica desde que hace unos a\u00f1os se march\u00f3 a Portugal.<\/p>\n<p class=\"paragraph\" id=\"paragraph_4\"><a href=\"https:\/\/www.elespanol.com\/corazon\/famosos\/20250804\/casa-cornide-palacio-siglo-xviii-familia-franco-coruna-abrira-puertas-publico\/1003743873977_0.html?utm_cmp_rs=linksinline\" rel=\"nofollow noopener\" target=\"_blank\">[As\u00ed es Casa Cornide, el palacio del siglo XVIII que la familia Franco tiene en A Coru\u00f1a y que ha abierto sus puertas al p\u00fablico]<\/a><\/p>\n<p class=\"paragraph\" id=\"paragraph_5\">El momento m\u00e1s esperado ha llegado con la entrada de la novia, cuando se ha desvelado el secreto mejor guardado de toda boda: <strong>el vestido<\/strong>. Andrea ha sorprendido con una creaci\u00f3n de <strong>Claudia Llagostera<\/strong>, una de las dise\u00f1adoras m\u00e1s solicitadas del panorama nupcial actual.<\/p>\n<p class=\"paragraph\" id=\"paragraph_6\">El vestido, confeccionado a partir de una pieza de encaje antigua de 1880, incorpora el <strong>bordado Cornely<\/strong>, una t\u00e9cnica francesa completamente manual que aporta textura y profundidad. En cuanto al peinado, Andrea se ha desmarcado del cl\u00e1sico<strong> mo\u00f1o de bailarina<\/strong>.\u00a0<\/p>\n<p class=\"paragraph\" id=\"paragraph_7\">El velo,<strong> una joya textil del siglo XVII elaborado en encaje de Bruselas<\/strong>, ha completado el conjunto con una nota de romanticismo y sofisticaci\u00f3n.<\/p>\n<p class=\"paragraph\" id=\"paragraph_8\">Tras la ceremonia, los reci\u00e9n casados y sus invitados se trasladaron a la<strong> Finca El Gasco<\/strong>, en Torrelodones, un enclave rodeado de naturaleza y conocido por haber sido escenario de la serie La Casa de Papel. All\u00ed, entre jardines y arquitectura se\u00f1orial, se celebr\u00f3 el c\u00f3ctel y la cena, en un ambiente \u00edntimo y exclusivo.<\/p>\n<p class=\"paragraph\" id=\"paragraph_9\">Jaime, hijo menor de <strong>Jos\u00e9 Mar\u00eda Mart\u00ednez<\/strong>&#8211;<strong>Bordi\u00fa y Cubas<\/strong> y <strong>Roc\u00edo Aznar S\u00e1inz<\/strong>, pertenece a una de las familias m\u00e1s conocidas de la alta sociedad madrile\u00f1a, aunque ha mantenido siempre un perfil bajo. Empresario de \u00e9xito, ha desarrollado proyectos en el \u00e1mbito financiero y creativo.<\/p>\n<p class=\"paragraph\" id=\"paragraph_10\">Andrea, por su parte, trabaja como asociada en <strong>Savills Espa\u00f1a<\/strong>, una de las consultoras inmobiliarias m\u00e1s prestigiosas de Europa, y ha sabido mantener su vida personal alejada del foco medi\u00e1tico.<\/p>\n","protected":false},"excerpt":{"rendered":"Este viernes, 26 de septiembre, Madrid ha sido testigo de una de las bodas m\u00e1s esperadas del oto\u00f1o:&hellip;\n","protected":false},"author":2,"featured_media":141295,"comment_status":"","ping_status":"","sticky":false,"template":"","format":"standard","meta":{"footnotes":""},"categories":[174],"tags":[43956,255,146,147,25,24,367,256,23],"class_list":{"0":"post-141294","1":"post","2":"type-post","3":"status-publish","4":"format-standard","5":"has-post-thumbnail","7":"category-famosos","8":"tag-carmen-martinez-bordiu","9":"tag-celebrities","10":"tag-entertainment","11":"tag-entretenimiento","12":"tag-es","13":"tag-espana","14":"tag-familia","15":"tag-famosos","16":"tag-spain"},"share_on_mastodon":{"url":"","error":""},"_links":{"self":[{"href":"https:\/\/www.europesays.com\/es\/wp-json\/wp\/v2\/posts\/141294","targetHints":{"allow":["GET"]}}],"collection":[{"href":"https:\/\/www.europesays.com\/es\/wp-json\/wp\/v2\/posts"}],"about":[{"href":"https:\/\/www.europesays.com\/es\/wp-json\/wp\/v2\/types\/post"}],"author":[{"embeddable":true,"href":"https:\/\/www.europesays.com\/es\/wp-json\/wp\/v2\/users\/2"}],"replies":[{"embeddable":true,"href":"https:\/\/www.europesays.com\/es\/wp-json\/wp\/v2\/comments?post=141294"}],"version-history":[{"count":0,"href":"https:\/\/www.europesays.com\/es\/wp-json\/wp\/v2\/posts\/141294\/revisions"}],"wp:featuredmedia":[{"embeddable":true,"href":"https:\/\/www.europesays.com\/es\/wp-json\/wp\/v2\/media\/141295"}],"wp:attachment":[{"href":"https:\/\/www.europesays.com\/es\/wp-json\/wp\/v2\/media?parent=141294"}],"wp:term":[{"taxonomy":"category","embeddable":true,"href":"https:\/\/www.europesays.com\/es\/wp-json\/wp\/v2\/categories?post=141294"},{"taxonomy":"post_tag","embeddable":true,"href":"https:\/\/www.europesays.com\/es\/wp-json\/wp\/v2\/tags?post=141294"}],"curies":[{"name":"wp","href":"https:\/\/api.w.org\/{rel}","templated":true}]}}