{"id":141296,"date":"2025-09-27T01:01:16","date_gmt":"2025-09-27T01:01:16","guid":{"rendered":"https:\/\/www.europesays.com\/es\/141296\/"},"modified":"2025-09-27T01:01:16","modified_gmt":"2025-09-27T01:01:16","slug":"visita-inmersiva-a-un-hito-arquitectonico-de-bofill","status":"publish","type":"post","link":"https:\/\/www.europesays.com\/es\/141296\/","title":{"rendered":"VISITA INMERSIVA A UN HITO ARQUITECT\u00d3NICO DE BOFILL"},"content":{"rendered":"<p class=\"ft-text\"><strong>Es una visita m\u00e1s que <\/strong><a class=\"ft-link ft-link--decoration\" href=\"https:\/\/www.levante-emv.com\/tags\/realidad-virtual\/\" target=\"_blank\" rel=\"nofollow noopener\"><strong>virtual<\/strong><\/a><strong>. Es plat\u00f3nica. La Muralla Roja de <\/strong><a class=\"ft-link ft-link--decoration\" href=\"https:\/\/www.levante-emv.com\/tags\/calp\/\" target=\"_blank\" rel=\"nofollow noopener\"><strong>Calp<\/strong><\/a><strong> te seduce<\/strong>. Y esta experiencia tambi\u00e9n tiene, como todo lo virtual, algo de la alegor\u00eda de la caverna, de juego de ilusionismo. Quienes viven all\u00ed (no deja de ser un edificio de apartamentos) son <a class=\"ft-link ft-link--decoration\" href=\"https:\/\/www.levante-emv.com\/marina\/2018\/08\/22\/muralla-roja-blinda-influencers-calp-11871084.html\" target=\"_blank\" rel=\"nofollow noopener\">muy celosos de su intimidad<\/a>. Se cansaron hace tiempo de que se colaran intrusos y \u00abdespistados\u00bb. Alquilan la Muralla para que se graben anuncios. Esta arquitectura laber\u00edntica <a class=\"ft-link ft-link--decoration\" href=\"https:\/\/www.levante-emv.com\/cultura\/2021\/10\/07\/netflix-juego-calamar-serie-57733756.html\" target=\"_blank\" rel=\"nofollow noopener\">ha inspirado series tan mundialmente famosas como \u00abEl juego del calamar\u00bb<\/a>. La Muralla es hoy menos muralla. La \u00abrealidad\u00bb virtual disuelve los muros. Calp apuesta por las visitas inmersivas. La primera supera la barrera de la propiedad privada. <strong>Ahora todo el mundo puede entrar all\u00ed como Pedro por su casa. La Muralla Roja abre de par en par sus puertas&#8230; virtuales<\/strong>.<\/p>\n<p><img decoding=\"async\" src=\"https:\/\/www.europesays.com\/es\/wp-content\/uploads\/2025\/09\/6cb47231-d8cb-4d77-93d8-9a1bc55312ae_alta-libre-aspect-ratio_default_0.jpg\" width=\"1200\" height=\"1500\" alt=\"La reconstrucci\u00f3n en 3D de la Muralla Roja, un hito de la arquitectura\" class=\"ft-helper-img-rd\" loading=\"lazy\" hasdataaida=\"true\"\/><\/p>\n<p class=\"ft-helper-fontColor-quaternary ft-helper-fontSize-body-S ft-helper-spacer-t-xxs\">La reconstrucci\u00f3n en 3D de la Muralla Roja, un hito de la arquitectura  \/ Levante-EMV<\/p>\n<p class=\"ft-text\">La visita inmersiva se ha presentado hoy. La empresa que la ha desarrollado, Lookish Spain, ya est\u00e1 trabajando en el itinerario virtual del Penyal d&#8217;Ifac. El mundo virtual permite avanzar en accesibilidad y en turismo <a class=\"ft-link ft-link--decoration\" href=\"https:\/\/www.levante-emv.com\/tags\/inclusion\/\" target=\"_blank\" rel=\"nofollow noopener\">inclusivo<\/a>. Calp da grandes pasos. La concejala de Turismo, Mireia Ripoll, y el edil de Inform\u00e1tica y Promoci\u00f3n Internacional, Marco Bittner, han destacado que esta herramienta forma parte del plan de sostenibilidad tur\u00edstica y se ha financiado con fondos europeos <a class=\"ft-link ft-link--decoration\" href=\"https:\/\/www.levante-emv.com\/tags\/next-generation\/\" target=\"_blank\" rel=\"nofollow noopener\">Next Generation<\/a>. Han adelantado que,<strong> tras la visita inmersiva a la Muralla Roja y la que ahora se est\u00e1 creando del Penyal d&#8217;Ifac, llegar\u00e1n tambi\u00e9n las de los yacimientos arqueol\u00f3gicos de la Pobla d&#8217;Ifac y de Banys de la Reina<\/strong>. Calp cuenta con patrimonio, hitos de la arquitectura moderna y un parque natural, el del Penyal, que son una maravilla en vivo y en directo y que tambi\u00e9n pueden triunfar en el universo virtual.<\/p>\n<p><img decoding=\"async\" src=\"https:\/\/www.europesays.com\/es\/wp-content\/uploads\/2025\/09\/71f0291b-a1c9-4570-8d70-9defd997f2b0_alta-libre-aspect-ratio_default_0.jpg\" width=\"1200\" height=\"698\" alt=\"Las gafas de realidad aumentada &quot;teletransportan&quot; a la Muralla Roja\" class=\"ft-helper-img-rd\" loading=\"lazy\" hasdataaida=\"true\"\/><\/p>\n<p class=\"ft-helper-fontColor-quaternary ft-helper-fontSize-body-S ft-helper-spacer-t-xxs\">Las gafas de realidad aumentada \u00abteletransportan\u00bb a la Muralla Roja  \/ A. P. F.<\/p>\n<p class=\"ft-text\">\u00abHemos realizado m\u00e1s de 450 escaneos en 3D de todo el edificio\u00bb, ha revelado Luiza Dihu, de Lookish Spain. La arquitectura de Bofill tiene un punto de indescifrable. <strong>Hay recovecos, laberintos, escaleras, una singular paleta de colores (rojo, azul o violeta). El visitantes que se encasqueta las gafas de realidad aumentada recorre pasillos, patios, escaleras, terrazas y miradores<\/strong>. Para que la cosa fuera perfecta, falta poder zambullirse en esa sorprendente piscina que est\u00e1 en la azotea de la Muralla Roja. \u00abCrear esta visita ha sido un gran reto. <a class=\"ft-link ft-link--decoration\" href=\"https:\/\/www.levante-emv.com\/marina\/2023\/02\/15\/muralla-roja-utopia-ricardo-bofill-83022460.html\" target=\"_blank\" rel=\"nofollow noopener\">Es un edificio muy complejo<\/a>. Y tambi\u00e9n hab\u00eda que reflejar las luces y las sombras\u00bb, ha apuntado Luiza Dihu. Esta empresa est\u00e1 ahora enfrascada en el Penyal. Y el desaf\u00edo no es menor. De la arquitectura, a la escarpada y p\u00e9trea cima que se mete en el mar en Calp. De un hito arquitect\u00f3nico a un hito paisaj\u00edstico y natural.<\/p>\n<p class=\"ft-text\">Calp hace camino en el turismo inclusivo. <strong>Equalitas Vitae ha entregado los distintivos de \u00abSomos turismo accesible\u00bb a 14 negocios de alojamiento tur\u00edstico (hoteles, hostel, campings, apartamentos vacacionales y un \u00e1rea de autocaravanas).<\/strong> Izaskun Benito, directora de Equalitas Vitae, ha explicado que este a\u00f1o se han centrado en dar formaci\u00f3n en <a class=\"ft-link ft-link--decoration\" href=\"https:\/\/www.levante-emv.com\/tags\/accesibilidad\/\" target=\"_blank\" rel=\"nofollow noopener\">accesibilidad<\/a> al sector del alojamiento y que, en 2025, dirigir\u00e1n los cursos al comercio y la hosteler\u00eda.<\/p>\n<p><img decoding=\"async\" src=\"https:\/\/www.europesays.com\/es\/wp-content\/uploads\/2025\/09\/34c3846f-565a-444f-9726-23eb775a4d7b_alta-libre-aspect-ratio_default_0.jpg\" width=\"1200\" height=\"1043\" alt=\"La foto de familia con los empresarios de hoteles, campings o \u00e1reas de autocaravanas comprometidos con el turismo accesible\" class=\"ft-helper-img-rd\" loading=\"lazy\" hasdataaida=\"true\"\/><\/p>\n<p class=\"ft-helper-fontColor-quaternary ft-helper-fontSize-body-S ft-helper-spacer-t-xxs\">La foto de familia con los empresarios de hoteles, campings o \u00e1reas de autocaravanas comprometidos con el turismo accesible  \/ A. P. F.<\/p>\n<p>Colaboraci\u00f3n de los propietarios<\/p>\n<p class=\"ft-text\">Calp disuelve barreras con las visitas virtuales, pero tambi\u00e9n supera los obst\u00e1culos reales, los del d\u00eda a d\u00eda. El turismo accesible es el presente.<strong> Y empezar por abrir las puertas de la Muralla Roja, un edificio amurallado contra visitantes que lo curiosean todo, supone un paso enorme<\/strong>. Todos, eso s\u00ed, han subrayado que la comunidad de propietarios no ha puesto ni la m\u00e1s m\u00ednima pega. Se ha prestado a que se reconstruyera virtualmente este fascinante edificio. Seguro que la Muralla Roja es el primer edificio de Ricardo Bofill que llega al<a class=\"ft-link ft-link--decoration\" href=\"https:\/\/www.levante-emv.com\/tags\/metaverso\/\" target=\"_blank\" rel=\"nofollow noopener\"> metaverso<\/a>.<\/p>\n","protected":false},"excerpt":{"rendered":"Es una visita m\u00e1s que virtual. Es plat\u00f3nica. La Muralla Roja de Calp te seduce. Y esta experiencia&hellip;\n","protected":false},"author":2,"featured_media":141297,"comment_status":"","ping_status":"","sticky":false,"template":"","format":"standard","meta":{"footnotes":""},"categories":[173],"tags":[490,24471,11815,3739,801,229,233,231,230,42585,232,234,146,147,25,24,17322,12661,43957,43958,38215,7551,13644,23,4664],"class_list":{"0":"post-141296","1":"post","2":"type-post","3":"status-publish","4":"format-standard","5":"has-post-thumbnail","7":"category-arte-y-diseno","8":"tag-abre","9":"tag-accesibilidad","10":"tag-apartamentos","11":"tag-arquitectos","12":"tag-arquitectura","13":"tag-arte","14":"tag-arte-y-diseno","15":"tag-arts","16":"tag-arts-and-design","17":"tag-calp","18":"tag-design","19":"tag-diseno","20":"tag-entertainment","21":"tag-entretenimiento","22":"tag-es","23":"tag-espana","24":"tag-inclusion","25":"tag-la-marina","26":"tag-muralla","27":"tag-next-generation","28":"tag-par","29":"tag-realidad-virtual","30":"tag-roja","31":"tag-spain","32":"tag-turismo"},"share_on_mastodon":{"url":"","error":""},"_links":{"self":[{"href":"https:\/\/www.europesays.com\/es\/wp-json\/wp\/v2\/posts\/141296","targetHints":{"allow":["GET"]}}],"collection":[{"href":"https:\/\/www.europesays.com\/es\/wp-json\/wp\/v2\/posts"}],"about":[{"href":"https:\/\/www.europesays.com\/es\/wp-json\/wp\/v2\/types\/post"}],"author":[{"embeddable":true,"href":"https:\/\/www.europesays.com\/es\/wp-json\/wp\/v2\/users\/2"}],"replies":[{"embeddable":true,"href":"https:\/\/www.europesays.com\/es\/wp-json\/wp\/v2\/comments?post=141296"}],"version-history":[{"count":0,"href":"https:\/\/www.europesays.com\/es\/wp-json\/wp\/v2\/posts\/141296\/revisions"}],"wp:featuredmedia":[{"embeddable":true,"href":"https:\/\/www.europesays.com\/es\/wp-json\/wp\/v2\/media\/141297"}],"wp:attachment":[{"href":"https:\/\/www.europesays.com\/es\/wp-json\/wp\/v2\/media?parent=141296"}],"wp:term":[{"taxonomy":"category","embeddable":true,"href":"https:\/\/www.europesays.com\/es\/wp-json\/wp\/v2\/categories?post=141296"},{"taxonomy":"post_tag","embeddable":true,"href":"https:\/\/www.europesays.com\/es\/wp-json\/wp\/v2\/tags?post=141296"}],"curies":[{"name":"wp","href":"https:\/\/api.w.org\/{rel}","templated":true}]}}