{"id":141301,"date":"2025-09-27T01:05:29","date_gmt":"2025-09-27T01:05:29","guid":{"rendered":"https:\/\/www.europesays.com\/es\/141301\/"},"modified":"2025-09-27T01:05:29","modified_gmt":"2025-09-27T01:05:29","slug":"marvel-zombies-estaba-pensada-de-forma-diferente-pero-sony-se-interpuso-con-normas-infranqueables-para-spider-man","status":"publish","type":"post","link":"https:\/\/www.europesays.com\/es\/141301\/","title":{"rendered":"Marvel Zombies estaba pensada de forma diferente, pero Sony se interpuso con normas infranqueables para Spider-Man"},"content":{"rendered":"<p>El spin-off <strong>What If\u2026? Marvel Zombies<\/strong> estuvo alguna vez planeado para ser una pel\u00edcula, hasta que su showrunner se enter\u00f3 de las normas de <strong>Sony <\/strong>sobre el uso del personaje de<strong> Spider-Man.<\/strong><\/p>\n<p>Y no te pierdas&#8230;<a href=\"https:\/\/es.ign.com\/final-fantasy-vi\/221614\/news\/hay-esperanzas-por-un-final-fantasy-vi-remake-square-enix-por-fin-habla-del-tema\" class=\"recirc_odd\" rel=\"nofollow noopener\" target=\"_blank\"><img decoding=\"async\" class=\"image\" src=\"https:\/\/www.europesays.com\/es\/wp-content\/uploads\/2025\/09\/final-fantasy-vi_tt56.640.jpg\" alt=\"\u00bfHay esperanzas por un Final Fantasy VI Remake? Square Enix por fin habla del tema\"\/>\u00bfHay esperanzas por un Final Fantasy VI Remake? Square Enix por fin habla del tema<\/a><\/p>\n<p><strong>Sony <\/strong>posee los derechos cinematogr\u00e1ficos del h\u00e9roe de c\u00f3mic de <strong>Marvel <\/strong>que lanza telara\u00f1as, y tiene estrictas limitaciones sobre cu\u00e1ndo y c\u00f3mo se puede usar el personaje. Esto significa que Sony puede, por ejemplo, lanzar pel\u00edculas animadas de <strong>Spider-Man <\/strong>de larga duraci\u00f3n \u2014como su saga Into the Spider-Verse\u2014, pero <strong>Marvel no puede.<\/strong><\/p>\n<p>La toma de conciencia de esto por parte del equipo de producci\u00f3n de<strong> Marvel Zombies <\/strong>hizo que el proyecto terminara realiz\u00e1ndose como una miniserie de cuatro cap\u00edtulos para Disney Plus, seg\u00fan comenta el showrunner Bryan Andrews <a href=\"https:\/\/variety.com\/2025\/tv\/news\/marvel-zombies-blade-movie-scrapped-spider-man-1236527390\/\" rel=\"noopener nofollow\" target=\"_blank\">a Variety<\/a>, a pesar de que hab\u00eda esperanzas de contar con m\u00e1s tiempo en pantalla.<\/p>\n<p>Cuando se le pregunta por qu\u00e9 la bien recibida <strong>Marvel Zombies<\/strong> se limit\u00f3 a solo cuatro episodios de media hora, Andrews explica que todo <strong>se deb\u00eda a \u201ctiempo y dinero<\/strong>, hombre\u201d.<\/p>\n<p>\u201cEs como \u2018Oye, esto es todo lo que tienen\u2019. Y nosotros pensamos: \u2018\u00a1Oh, mierda! Est\u00e1 bien\u2019. Est\u00e1bamos creando algo y no sab\u00edamos cu\u00e1l iba a ser el l\u00edmite. Entonces ellos dijeron: \u2018No, no, chicos\u2019. Luego pensamos: \u2018Bueno, hag\u00e1moslo como una pel\u00edcula\u2019. \u00cdbamos a hacer una pel\u00edcula y estrenarla.<\/p>\n<p>\u201cDeber\u00eda ser \u00e9pica\u201d, afirma Andrews sobre las ambiciones cinematogr\u00e1ficas de <strong>Marvel Zombies<\/strong>. \u201cDurar\u00eda unas dos, dos horas y media. Ser\u00eda incre\u00edble. Pero hab\u00eda problemas contractuales por la inclusi\u00f3n de <strong>Spider-Man<\/strong>. As\u00ed que entran en juego las reglas de <strong>Sony<\/strong>. Y nosotros pensamos: \u2018\u00a1Oh, mierda! \u00bfEso es un problema? Oh, bueno, supongo que no podemos hacer eso\u2019. Por lo que lo dividimos.<\/p>\n<p>\u201cAhora, funciona como <strong>cuatro cap\u00edtulos de un libro<\/strong>. Incluso con los cuatro episodios, habr\u00eda sido incre\u00edble si hubi\u00e9ramos tenido m\u00e1s tiempo para hacer cada entrega un poco m\u00e1s larga, solo para poder aprovechar un poco m\u00e1s esos momentos tranquilos. Intentamos <strong>incluir todo lo posible<\/strong>, y avanza a un ritmo vertiginoso. Insertamos esos momentos de quietud y reflexi\u00f3n lo mejor que pudimos. Tal vez la pr\u00f3xima vez, si a todos les encanta lo suficiente y gritan lo suficiente en Internet para exigir m\u00e1s, tal vez nos den m\u00e1s tiempo y m\u00e1s dinero.\u201d<\/p>\n<p>Como parte de la misma entrevista, Andrews revela que <strong>Marvel Zombies <\/strong>se realiz\u00f3 aproximadamente al mismo tiempo que la temporada 3 de <strong>What If\u2026?<\/strong>, y que <strong>Marvel <\/strong>hab\u00eda pospuesto el lanzamiento de Zombies durante alg\u00fan tiempo, ya que la serie hab\u00eda estado efectivamente lista desde el estreno de <strong>Agatha: \u00bfQui\u00e9n si no? <\/strong>en 2024. No obstante, el lanzamiento de la serie se retras\u00f3 para evitar que ambos shows canibalizaran la atenci\u00f3n entre s\u00ed.<\/p>\n<p>Ha habido problemas con <strong>Marvel Zombies<\/strong> porque se esperaba una pel\u00edcula de <strong>Blade <\/strong><\/p>\n<p>La semana pasada, Brad Winderbaum, jefe de streaming, televisi\u00f3n y animaci\u00f3n en Marvel Studios, mencion\u00f3 a IGN que <a href=\"https:\/\/es.ign.com\/blade-marvel\/221324\/news\/marvel-zombies-tuvo-que-cambiar-de-rumbo-por-los-planes-de-la-pelicula-de-blade\" rel=\"nofollow noopener\" target=\"_blank\"><strong>Marvel Zombies <\/strong>se hab\u00eda desarrollado inicialmente \u201ccreyendo que habr\u00eda una pel\u00edcula de<strong> Blade<\/strong> mucho antes<\/a>.\u201d<\/p>\n<p>Por supuesto, como ahora sabemos, eso no sucedi\u00f3 \u2014a pesar de los numerosos intentos de Marvel por sacar adelante el proyecto de <strong>Blade <\/strong>protagonizado por Mahershala Ali, a veces en etapas relativamente avanzadas. Finalmente, a medida que la incertidumbre sobre la pel\u00edcula live action continuaba, el equipo de animaci\u00f3n de Winderbaum se vio obligado a cambiar sus propios planes para el personaje, y acab\u00f3 desarrollando la versi\u00f3n Fists of Khonshu de <strong>Blade <\/strong>que aparece ahora en <strong>Marvel Zombies.<\/strong> Con la voz del veterano de <strong>Invencible <\/strong>y <strong>Starfield<\/strong>, Todd Williams, Blade se rob\u00f3 el espect\u00e1culo en los tr\u00e1ilers de la serie.<\/p>\n<p>En la <a href=\"https:\/\/es.ign.com\/marvel-zombies\/221316\/review\/critica-de-marvel-zombies-una-serie-de-animacion-brutal-que-podria-dar-mucho-mucho-mas\" rel=\"nofollow noopener\" target=\"_blank\"><strong>cr\u00edtica de Marvel Zombies<\/strong><\/a> de<strong> IGN Espa\u00f1a<\/strong> se le dio una nota de 7\/10, destacando su \u00abritmo acelerado, una animaci\u00f3n muy buena y un reparto que cumple con creces\u00bb. <\/p>\n","protected":false},"excerpt":{"rendered":"El spin-off What If\u2026? Marvel Zombies estuvo alguna vez planeado para ser una pel\u00edcula, hasta que su showrunner&hellip;\n","protected":false},"author":2,"featured_media":141302,"comment_status":"","ping_status":"","sticky":false,"template":"","format":"standard","meta":{"footnotes":""},"categories":[169],"tags":[177,146,147,25,24,176,175,23],"class_list":{"0":"post-141301","1":"post","2":"type-post","3":"status-publish","4":"format-standard","5":"has-post-thumbnail","7":"category-cine","8":"tag-cine","9":"tag-entertainment","10":"tag-entretenimiento","11":"tag-es","12":"tag-espana","13":"tag-film","14":"tag-movies","15":"tag-spain"},"share_on_mastodon":{"url":"","error":""},"_links":{"self":[{"href":"https:\/\/www.europesays.com\/es\/wp-json\/wp\/v2\/posts\/141301","targetHints":{"allow":["GET"]}}],"collection":[{"href":"https:\/\/www.europesays.com\/es\/wp-json\/wp\/v2\/posts"}],"about":[{"href":"https:\/\/www.europesays.com\/es\/wp-json\/wp\/v2\/types\/post"}],"author":[{"embeddable":true,"href":"https:\/\/www.europesays.com\/es\/wp-json\/wp\/v2\/users\/2"}],"replies":[{"embeddable":true,"href":"https:\/\/www.europesays.com\/es\/wp-json\/wp\/v2\/comments?post=141301"}],"version-history":[{"count":0,"href":"https:\/\/www.europesays.com\/es\/wp-json\/wp\/v2\/posts\/141301\/revisions"}],"wp:featuredmedia":[{"embeddable":true,"href":"https:\/\/www.europesays.com\/es\/wp-json\/wp\/v2\/media\/141302"}],"wp:attachment":[{"href":"https:\/\/www.europesays.com\/es\/wp-json\/wp\/v2\/media?parent=141301"}],"wp:term":[{"taxonomy":"category","embeddable":true,"href":"https:\/\/www.europesays.com\/es\/wp-json\/wp\/v2\/categories?post=141301"},{"taxonomy":"post_tag","embeddable":true,"href":"https:\/\/www.europesays.com\/es\/wp-json\/wp\/v2\/tags?post=141301"}],"curies":[{"name":"wp","href":"https:\/\/api.w.org\/{rel}","templated":true}]}}