{"id":141312,"date":"2025-09-27T01:12:08","date_gmt":"2025-09-27T01:12:08","guid":{"rendered":"https:\/\/www.europesays.com\/es\/141312\/"},"modified":"2025-09-27T01:12:08","modified_gmt":"2025-09-27T01:12:08","slug":"de-genocidio-al-apoyo-a-israel","status":"publish","type":"post","link":"https:\/\/www.europesays.com\/es\/141312\/","title":{"rendered":"de \u00abgenocidio\u00bb al apoyo a Israel"},"content":{"rendered":"<p>La ofensiva militar de Israel en la Franja de Gaza ha revelado una disparidad de criterios entre los principales representantes del Partido Popular (PP) a la hora de calificar el conflicto; mientras algunos presidentes auton\u00f3micos lo consideran un \u00abgenocidio\u00bb, otros hablan de \u00abmasacre\u00bb o \u00abtragedia\u201d e, incluso, hay quienes denuncian la \u00abdemonizaci\u00f3n\u00bb de <a href=\"https:\/\/www.newtral.es\/embargo-armas-israel-consejo-ministros\/20250923\/\" rel=\"nofollow noopener\" target=\"_blank\">Israel<\/a>.<\/p>\n<p>Recopilamos algunas de las declaraciones de los principales l\u00edderes del PP sobre el conflicto en Gaza.<\/p>\n<p><strong>Qui\u00e9nes lo llaman \u201cgenocidio\u201d.<\/strong> El 24 de septiembre, el Parlamento de Galicia guard\u00f3 un <a href=\"https:\/\/www.galiciae.com\/articulo\/galicia\/ppdeg-respalda-parlamento-minuto-silencio-xenocidio-gaza\/20250924121515104089.html\" rel=\"nofollow noopener\" target=\"_blank\">minuto de silencio<\/a> por las \u201cv\u00edctimas inocentes del genocidio en la Franja de Gaza y Cisjordania\u201d, acto propuesto por el PSdG que fue secundado por <a href=\"https:\/\/www.europapress.es\/galicia\/noticia-toda-camara-une-minuto-silencio-genocidio-palestino-ppdeg-perfectamente-consciente-20250924125607.html\" rel=\"nofollow noopener\" target=\"_blank\">todos los partidos<\/a> con representaci\u00f3n en dicha c\u00e1mara, incluido el PP gallego, que tiene mayoria absoluta. Tras el acto, el presidente auton\u00f3mico, <a href=\"https:\/\/transparentia.newtral.es\/ficha\/alfonso-rueda-valenzuela\" rel=\"nofollow noopener\" target=\"_blank\"><strong>Alfonso Rueda<\/strong><\/a>, <a href=\"https:\/\/www.elmundo.es\/espana\/galicia\/2025\/09\/24\/68d3fcd4e9cf4ad9128b45b3.html\" rel=\"nofollow noopener\" target=\"_blank\">reconoci\u00f3<\/a> que se sumaron siendo \u201cconscientes\u201d de que estaban condenando \u201cun genocidio\u201d.<\/p>\n<p>El presidente de Andaluc\u00eda, <a href=\"https:\/\/transparentia.newtral.es\/ficha\/juan-manuel-moreno-bonilla\" rel=\"nofollow noopener\" target=\"_blank\"><strong>Juan Manuel Moreno<\/strong><\/a>, intervino el pasado 25 de septiembre en la sesi\u00f3n del Parlamento auton\u00f3mico y tambi\u00e9n acept\u00f3 el uso de dicho t\u00e9rmino. \u201c\u00bfUsted quiere que reconozca el genocidio? Yo se lo reconozco\u201d, <a href=\"https:\/\/www.youtube.com\/watch?v=cgyiu9X89eM\" rel=\"nofollow noopener\" target=\"_blank\">expres\u00f3<\/a> Moreno ante <a href=\"https:\/\/transparentia.newtral.es\/ficha\/inmaculada-nieto-castro\" rel=\"nofollow noopener\" target=\"_blank\">Inmaculada Nieto<\/a>, portavoz de Por Andaluc\u00eda.<\/p>\n<p>El presidente de Melilla, <a href=\"https:\/\/transparentia.newtral.es\/ficha\/juan-jose-imbroda-ortiz\" rel=\"nofollow noopener\" target=\"_blank\"><strong>Juan Jos\u00e9 Imbroda<\/strong><\/a>, tambi\u00e9n <a href=\"https:\/\/www.melillaactualidad.com\/articulo\/politica\/imbroda-califica-genocidio-ofensiva-israel-gaza-pide-que-llegue-melilla\/20250926080541003945.html?utm_source=chatgpt.com\" rel=\"nofollow noopener\" target=\"_blank\">ha calificado<\/a> recientemente como un \u201cgenocidio\u201d la situaci\u00f3n en Gaza. \u201cNo a la invasi\u00f3n, no a las muertes que est\u00e1 produciendo Israel en Gaza. No, profundamente no. Que paren. Digo no. Es masacre, masacre. Es genocidio, genocidio. Que se pare ya de una vez\u00bb, <a href=\"https:\/\/www.infobae.com\/espana\/agencias\/2025\/09\/25\/imbroda-pp-califica-de-genocidio-la-ofensiva-de-israel-en-gaza-y-pide-no-trasladar-el-conflicto-a-melilla\/?utm_source=chatgpt.com\" rel=\"nofollow noopener\" target=\"_blank\">declar\u00f3<\/a> Imbroda ante las preguntas de los periodistas.<\/p>\n<p><strong>Qui\u00e9nes usan otros t\u00e9rminos.<\/strong> Hasta el momento en el que se publica este art\u00edculo, la mayor\u00eda de los presidentes auton\u00f3micos y representantes p\u00fablicos del PP en las Cortes ha utilizado otra terminolog\u00eda para calificar lo ocurrido en Gaza.<\/p>\n<p>A principios de mes, el presidente de La Rioja, <a href=\"https:\/\/transparentia.newtral.es\/ficha\/gonzalo-capellan-de-miguel\" rel=\"nofollow noopener\" target=\"_blank\"><strong>Gonzalo Capell\u00e1n<\/strong><\/a>, <a href=\"https:\/\/cadenaser.com\/rioja\/2025\/09\/01\/capellan-en-gaza-se-vive-una-tragedia-humanitaria-inaceptable-radio-rioja\/\" rel=\"nofollow noopener\" target=\"_blank\">calific\u00f3<\/a> como una \u201ctragedia humanitaria inaceptable\u201d y un \u201cdrama humano para su poblaci\u00f3n\u201d la realidad de la Franja.<\/p>\n<p>El 8 de septiembre, <a href=\"https:\/\/transparentia.newtral.es\/ficha\/maria-guardiola-martin\" rel=\"nofollow noopener\" target=\"_blank\"><strong>Mar\u00eda Guardiola<\/strong><\/a>, presidenta de Extremadura, ofreci\u00f3 un discurso por la fiesta auton\u00f3mica en el que <a href=\"https:\/\/www.elperiodicoextremadura.com\/extremadura\/2025\/09\/08\/guardiola-alza-voz-barbarie-horror-121368288.html\" rel=\"nofollow noopener\" target=\"_blank\">se\u00f1al\u00f3<\/a> \u201cla barbarie y el horror que se vive en Gaza\u201d, asegurando que no se puede permanecer indiferente \u201cante tanto sufrimiento\u201d.\u00a0<\/p>\n<p>Un d\u00eda despu\u00e9s, <a href=\"https:\/\/transparentia.newtral.es\/ficha\/margarita-prohens-rigo\" rel=\"nofollow noopener\" target=\"_blank\"><strong>Marga Prohens<\/strong><\/a>, presidenta de las Islas Baleares, asegur\u00f3 que <a href=\"https:\/\/www.europapress.es\/illes-balears\/noticia-prohens-condena-cualquier-asesinato-cualquier-nino-ser-preguntada-gaza-20250909114929.html\" rel=\"nofollow noopener\" target=\"_blank\">condena<\/a> \u201ccualquier asesinato de cualquier ni\u00f1o\u201d al ser preguntada por los socialistas si reconoce el genocidio en Gaza.<\/p>\n<p><a href=\"https:\/\/transparentia.newtral.es\/ficha\/jorge-azcon-navarro\" rel=\"nofollow noopener\" target=\"_blank\"><strong>Jorge Azc\u00f3n<\/strong><\/a>, presidente de Arag\u00f3n, <a href=\"https:\/\/www.abc.es\/espana\/aragon\/azcon-moja-sobre-gaza-ocurre-absolutamente-indefendible-20250912210632-nt.html\" rel=\"nofollow noopener\" target=\"_blank\">consider\u00f3<\/a> que la situaci\u00f3n en la Franja es \u201cabsolutamente indefendible, sin paliativos\u201d. \u201cDa igual que unos lo quieran llamar genocidio y otros masacre\u201d, <a href=\"https:\/\/www.elperiodicodearagon.com\/aragon\/2025\/09\/12\/azcon-acusa-sanchez-utilizar-intencion-partidista-drama-humano-gaza-palestina-israel-121505107.html\" rel=\"nofollow noopener\" target=\"_blank\">afirm\u00f3<\/a> el 12 de septiembre el presidente del PP de Arag\u00f3n sobre lo ocurrido en Gaza. Pese a que no lo califica directamente como \u201cgenocidio\u201d, Azc\u00f3n tampoco descarta que lo sea. El 25 de septiembre <a href=\"https:\/\/www.eldiario.es\/aragon\/politica\/presidente-aragon-he-dicho-ocurre-gaza-no-sea-genocidio-decir_1_12632396.html\" rel=\"nofollow noopener\" target=\"_blank\">afirm\u00f3<\/a> lo siguiente: \u201cNunca he dicho que lo que ocurre en Gaza no sea un genocidio, nunca lo voy a decir\u201d.<\/p>\n<ul class=\"wp-block-list\">\n<li>El pasado 17 de septiembre, el presidente del Partido Popular, <a href=\"https:\/\/transparentia.newtral.es\/ficha\/alberto-nunez-feijoo\" rel=\"nofollow noopener\" target=\"_blank\"><strong>Alberto N\u00fa\u00f1ez Feij\u00f3o<\/strong><\/a>, <a href=\"https:\/\/www.rtve.es\/noticias\/20250917\/sanchez-pide-a-feijoo-escuchar-a-onu-hablar-genocidio-este-acusa-ser-capaz-pactar-hasta-con-netanyahu\/16732095.shtml#:~:text=Feij%C3%B3o%20ha%20admitido%20que%20%22la%20masacre%20debe%20parar%22\" rel=\"nofollow noopener\" target=\"_blank\">dijo<\/a> durante la Sesi\u00f3n de Control en el Congreso que \u201cla <a href=\"https:\/\/www.elmundo.es\/espana\/2025\/09\/17\/68ca63f8e85ece41628b4570.html\" rel=\"nofollow noopener\" target=\"_blank\">masacre<\/a> de civiles debe parar en Gaza\u201d.<\/li>\n<\/ul>\n<p>Por su parte, la portavoz parlamentaria popular, <a href=\"https:\/\/transparentia.newtral.es\/ficha\/esther-munoz-de-la-iglesia\" rel=\"nofollow noopener\" target=\"_blank\"><strong>Ester Mu\u00f1oz<\/strong><\/a>, <a href=\"https:\/\/elpais.com\/espana\/2025-09-16\/el-pp-desdena-la-comision-independiente-de-la-onu-y-sigue-resistiendose-a-hablar-de-genocidio-en-gaza.html\" rel=\"nofollow noopener\" target=\"_blank\">afirm\u00f3<\/a> que \u201cno le compete ni a la ONU ni al presidente (del Gobierno) decidir lo que es un genocidio\u201d y expres\u00f3 que el PP \u201crespetar\u00e1 las decisiones judiciales\u201d cuando la Corte Penal Internacional se pronuncie al respecto.<\/p>\n<p><strong>Qui\u00e9nes niegan un genocidio o apoyan a Israel. <\/strong>El alcalde de Madrid, <a href=\"https:\/\/transparentia.newtral.es\/ficha\/jose-luis-martinez-almeida-navasques\" rel=\"nofollow noopener\" target=\"_blank\"><strong>Jos\u00e9 Luis Mart\u00ednez-Almeida<\/strong><\/a>, declar\u00f3 el 8 de septiembre en el Sal\u00f3n de Plenos del Palacio de Cibeles <a href=\"https:\/\/www.youtube.com\/watch?v=wI17kyxUyDc\" rel=\"nofollow noopener\" target=\"_blank\">lo siguiente<\/a>: \u201cPara m\u00ed, no hay un genocidio en Gaza. No me gusta lo que estoy viendo, pero no hay un genocidio. \u00bfY sabe por qu\u00e9 pienso que no lo hay? Porque genocidio fue el del pueblo jud\u00edo durante la II Guerra Mundial\u201d.<\/p>\n<ul class=\"wp-block-list\">\n<li>Por su parte, la presidenta de la Comunidad, <a href=\"https:\/\/transparentia.newtral.es\/ficha\/isabel-natividad-diaz-ayuso\" rel=\"nofollow noopener\" target=\"_blank\"><strong>Isabel D\u00edaz Ayuso<\/strong><\/a>, ha hecho varias declaraciones en las que quita peso a las acciones de Israel. \u201c\u00bfPor qu\u00e9 se demoniza la \u00fanica democracia de Oriente Pr\u00f3ximo y se legitima a reg\u00edmenes? Todo esto es parte de un plan pol\u00edtico totalitario\u201d, <a href=\"https:\/\/elpais.com\/espana\/madrid\/2025-09-17\/ayuso-defiende-a-israel-y-acusa-a-sanchez-de-un-boicot-revolucionario-a-madrid.html\" rel=\"nofollow noopener\" target=\"_blank\">ha expresado<\/a> recientemente la presidenta, asegurando tambi\u00e9n que \u201chay miles de personas sufriendo, pero no solo en Gaza\u201d.<\/li>\n<\/ul>\n<p>Adem\u00e1s, el 25 de septiembre, Ayuso <a href=\"https:\/\/www.telemadrid.es\/programas\/telenoticias-1\/Ayuso-recibe-a-la-encargada-de-negocios-de-Israel-en-Espana-y-rechaza-la-persecucion-de-judios-e-israelies-2-2819438060--20250925031036.html\" rel=\"nofollow noopener\" target=\"_blank\">recibi\u00f3 en la Real Casa de Correos<\/a> a la encargada de negocios de la Embajada de Israel en Espa\u00f1a, Dana Erlich, y rechaz\u00f3 la \u201cpersecuci\u00f3n de jud\u00edos e israel\u00edes\u201d en una regi\u00f3n a la que \u201ctambi\u00e9n pertenecen\u201d.<\/p>\n","protected":false},"excerpt":{"rendered":"La ofensiva militar de Israel en la Franja de Gaza ha revelado una disparidad de criterios entre los&hellip;\n","protected":false},"author":2,"featured_media":141313,"comment_status":"","ping_status":"","sticky":false,"template":"","format":"standard","meta":{"footnotes":""},"categories":[8],"tags":[17,18,12495,25,24,13,14,694,11,19,20,9,10,15,16,6066,23,12,21,22],"class_list":{"0":"post-141312","1":"post","2":"type-post","3":"status-publish","4":"format-standard","5":"has-post-thumbnail","7":"category-espana","8":"tag-breaking-news","9":"tag-breakingnews","10":"tag-conflicto-israel-palestina","11":"tag-es","12":"tag-espana","13":"tag-featured-news","14":"tag-featurednews","15":"tag-gaza","16":"tag-headlines","17":"tag-latest-news","18":"tag-latestnews","19":"tag-news","20":"tag-noticias","21":"tag-noticias-destacadas","22":"tag-noticiasdestacadas","23":"tag-partido-popular-pp","24":"tag-spain","25":"tag-titulares","26":"tag-ultimas-noticias","27":"tag-ultimasnoticias"},"share_on_mastodon":{"url":"","error":""},"_links":{"self":[{"href":"https:\/\/www.europesays.com\/es\/wp-json\/wp\/v2\/posts\/141312","targetHints":{"allow":["GET"]}}],"collection":[{"href":"https:\/\/www.europesays.com\/es\/wp-json\/wp\/v2\/posts"}],"about":[{"href":"https:\/\/www.europesays.com\/es\/wp-json\/wp\/v2\/types\/post"}],"author":[{"embeddable":true,"href":"https:\/\/www.europesays.com\/es\/wp-json\/wp\/v2\/users\/2"}],"replies":[{"embeddable":true,"href":"https:\/\/www.europesays.com\/es\/wp-json\/wp\/v2\/comments?post=141312"}],"version-history":[{"count":0,"href":"https:\/\/www.europesays.com\/es\/wp-json\/wp\/v2\/posts\/141312\/revisions"}],"wp:featuredmedia":[{"embeddable":true,"href":"https:\/\/www.europesays.com\/es\/wp-json\/wp\/v2\/media\/141313"}],"wp:attachment":[{"href":"https:\/\/www.europesays.com\/es\/wp-json\/wp\/v2\/media?parent=141312"}],"wp:term":[{"taxonomy":"category","embeddable":true,"href":"https:\/\/www.europesays.com\/es\/wp-json\/wp\/v2\/categories?post=141312"},{"taxonomy":"post_tag","embeddable":true,"href":"https:\/\/www.europesays.com\/es\/wp-json\/wp\/v2\/tags?post=141312"}],"curies":[{"name":"wp","href":"https:\/\/api.w.org\/{rel}","templated":true}]}}