{"id":141314,"date":"2025-09-27T01:13:11","date_gmt":"2025-09-27T01:13:11","guid":{"rendered":"https:\/\/www.europesays.com\/es\/141314\/"},"modified":"2025-09-27T01:13:11","modified_gmt":"2025-09-27T01:13:11","slug":"alineaciones-confirmadas-de-mirandes-y-zaragoza-jornada-7-laliga-hypermotion","status":"publish","type":"post","link":"https:\/\/www.europesays.com\/es\/141314\/","title":{"rendered":"Alineaciones confirmadas de Mirand\u00e9s y Zaragoza, jornada 7 LALIGA Hypermotion"},"content":{"rendered":"\n<p>M\u00e1s noticias<\/p>\n<p><a class=\"info_masnoticias\" href=\"https:\/\/www.eldesmarque.com\/futbol\/liga-2a-division\/\" rel=\"nofollow noopener\" target=\"_blank\"><br \/>\nM\u00e1s de<br \/>\nM\u00e1s noticias de<br \/>\nLaLiga Hypermotion<br \/>\n<\/a><\/p>\n<p>Con aroma de final. El <strong>Real Zaragoza<\/strong> <a href=\"https:\/\/www.eldesmarque.com\/futbol\/liga-2a-division\/20250926\/mirandes-real-zaragoza-horario-donde-ver-hoy-partido-television-online_300766279.html\" rel=\"nofollow noopener\" target=\"_blank\">afronta este viernes<\/a> un partido trascendental para su futuro m\u00e1s pr\u00f3ximo. Por segunda jornada consecutiva, los blanquillos actuar\u00e1n como visitantes, en esta ocasi\u00f3n <a href=\"https:\/\/www.eldesmarque.com\/futbol\/liga-2a-division\/20250925\/posibles-alineaciones-mirandes-real-zaragoza-jornada-7-laliga-hypermotion_300767320.html\" rel=\"nofollow noopener\" target=\"_blank\">ante el CD Mirand\u00e9s<\/a>. <strong>Gabi Fern\u00e1ndez se la juega<\/strong> <strong>en Mendizorroza<\/strong> y del <a href=\"https:\/\/www.eldesmarque.com\/futbol\/real-zaragoza\/20250926\/convocatoria-jornada-7-cd-mirandes_300767825.html\" rel=\"nofollow noopener\" target=\"_blank\">rendimiento de sus pupilos<\/a> en el verde vitoriano depender\u00e1 su cargo en el club ma\u00f1o.<\/p>\n<p>Con cuatro puntos y sin conocer la victoria, el Zaragoza es actualmente el <strong>pen\u00faltimo clasificado de la categor\u00eda de plata<\/strong>. Por su parte, y aunque no est\u00e1 rindiendo al nivel de la excelente campa\u00f1a pasada, el cuadro jabato disfruta de una situaci\u00f3n tranquila en la tabla.<\/p>\n<p>A expensas de conocer el desenlace del choque, Fran Justo y Gabi Fern\u00e1ndez ya han hecho p\u00fablicas sus apuestas para el encuentro que inaugura la s\u00e9ptima jornada en LALIGA Hypermotion. <strong>Y hay sorpresas<\/strong>.<\/p>\n<p><img loading=\"lazy\" decoding=\"async\" src=\"https:\/\/www.europesays.com\/es\/wp-content\/uploads\/2025\/09\/68d0066889c4a633226180.jpg\" width=\"660\" height=\"440\" alt=\"El Real Zaragoza lamenta la derrota frente al Ceuta (Foto: LALIGA).\"\/><br \/>\nEl Real Zaragoza lamenta la derrota frente al Ceuta (Foto: LALIGA).<\/p>\n<p>La alineaci\u00f3n confirmada del CD Mirand\u00e9s<\/p>\n<p>El Mirand\u00e9s sale con el siguiente once titular: Nikic; Novoa, Medrano, Pica, Petit, Carlos Fern\u00e1ndez, Marino, Postigo, Juan G., Bauza y Pablo L\u00f3pez.<\/p>\n<blockquote class=\"twitter-tweet\">\n<p lang=\"es\" dir=\"ltr\">\ud835\uddd4\ud835\udddf\ud835\udddc\ud835\udde1\ud835\uddd8\ud835\uddd4\ud835\uddd6\ud835\udddc\ud835\udde2\u0301\ud835\udde1 | <a href=\"https:\/\/twitter.com\/hashtag\/Mirand%C3%A9sRealZaragoza?src=hash&amp;ref_src=twsrc%5Etfw\" rel=\"nofollow noopener\" target=\"_blank\">#Mirand\u00e9sRealZaragoza<\/a><br \/>\ud83c\udd9a <a href=\"https:\/\/twitter.com\/RealZaragoza?ref_src=twsrc%5Etfw\" rel=\"nofollow noopener\" target=\"_blank\">@RealZaragoza<\/a><\/p>\n<p>\ud83d\udc17\u2764\ufe0f\ud83d\udda4 \u00a1Mis jabatos, A GANAR! <a href=\"https:\/\/t.co\/sQrShfL7qu\" rel=\"nofollow\">pic.twitter.com\/sQrShfL7qu<\/a><\/p>\n<p>\u2014 Club Deportivo Mirand\u00e9s (@CDMirandes) <a href=\"https:\/\/twitter.com\/CDMirandes\/status\/1971626461095514529?ref_src=twsrc%5Etfw\" rel=\"nofollow noopener\" target=\"_blank\">September 26, 2025<\/a><\/p>\n<\/blockquote>\n<p>La alineaci\u00f3n confirmada del Real Zaragoza<\/p>\n<p><strong>Esteban Andrada<\/strong> ser\u00e1 el encargado de defender la porter\u00eda blanquilla en Mendizorroza y protagoniza una de las grandes novedades. Tachi e Insua formar\u00e1n el eje de la zaga, contando en los laterales con Pomares y con<strong> la inc\u00f3gnita de la posici\u00f3n que ocupar\u00e1 Francho<\/strong>.<\/p>\n<p>En el medio, Gabi apuesta por Paul, Saidu y Ra\u00fal Guti, confiando el ataque en tres hombres: Cuenca, Dani G\u00f3mez y Sebas Moyano. El t\u00e9cnico apuesta por<strong> una alineaci\u00f3n titular con varios cambios<\/strong>.<\/p>\n<blockquote class=\"twitter-tweet\">\n<p lang=\"en\" dir=\"ltr\">\ud83c\udfa5 Nuestro \ud835\udc0e\ud835\udc0d\ud835\udc02\ud835\udc04 <a href=\"https:\/\/t.co\/Ic1IxBF3FE\" rel=\"nofollow\">pic.twitter.com\/Ic1IxBF3FE<\/a><\/p>\n<p>\u2014 Real Zaragoza (@RealZaragoza) <a href=\"https:\/\/twitter.com\/RealZaragoza\/status\/1971624705313718456?ref_src=twsrc%5Etfw\" rel=\"nofollow noopener\" target=\"_blank\">September 26, 2025<\/a><\/p>\n<\/blockquote>\n<p><script async src=\"https:\/\/platform.twitter.com\/widgets.js\" charset=\"utf-8\"><\/script><\/p>\n","protected":false},"excerpt":{"rendered":"M\u00e1s noticias M\u00e1s de M\u00e1s noticias de LaLiga Hypermotion Con aroma de final. El Real Zaragoza afronta este&hellip;\n","protected":false},"author":2,"featured_media":141315,"comment_status":"","ping_status":"","sticky":false,"template":"","format":"standard","meta":{"footnotes":""},"categories":[5],"tags":[17,18,25,24,13,14,11,19,20,9,10,15,16,23,12,21,22],"class_list":{"0":"post-141314","1":"post","2":"type-post","3":"status-publish","4":"format-standard","5":"has-post-thumbnail","7":"category-titulares","8":"tag-breaking-news","9":"tag-breakingnews","10":"tag-es","11":"tag-espana","12":"tag-featured-news","13":"tag-featurednews","14":"tag-headlines","15":"tag-latest-news","16":"tag-latestnews","17":"tag-news","18":"tag-noticias","19":"tag-noticias-destacadas","20":"tag-noticiasdestacadas","21":"tag-spain","22":"tag-titulares","23":"tag-ultimas-noticias","24":"tag-ultimasnoticias"},"share_on_mastodon":{"url":"","error":""},"_links":{"self":[{"href":"https:\/\/www.europesays.com\/es\/wp-json\/wp\/v2\/posts\/141314","targetHints":{"allow":["GET"]}}],"collection":[{"href":"https:\/\/www.europesays.com\/es\/wp-json\/wp\/v2\/posts"}],"about":[{"href":"https:\/\/www.europesays.com\/es\/wp-json\/wp\/v2\/types\/post"}],"author":[{"embeddable":true,"href":"https:\/\/www.europesays.com\/es\/wp-json\/wp\/v2\/users\/2"}],"replies":[{"embeddable":true,"href":"https:\/\/www.europesays.com\/es\/wp-json\/wp\/v2\/comments?post=141314"}],"version-history":[{"count":0,"href":"https:\/\/www.europesays.com\/es\/wp-json\/wp\/v2\/posts\/141314\/revisions"}],"wp:featuredmedia":[{"embeddable":true,"href":"https:\/\/www.europesays.com\/es\/wp-json\/wp\/v2\/media\/141315"}],"wp:attachment":[{"href":"https:\/\/www.europesays.com\/es\/wp-json\/wp\/v2\/media?parent=141314"}],"wp:term":[{"taxonomy":"category","embeddable":true,"href":"https:\/\/www.europesays.com\/es\/wp-json\/wp\/v2\/categories?post=141314"},{"taxonomy":"post_tag","embeddable":true,"href":"https:\/\/www.europesays.com\/es\/wp-json\/wp\/v2\/tags?post=141314"}],"curies":[{"name":"wp","href":"https:\/\/api.w.org\/{rel}","templated":true}]}}