{"id":141316,"date":"2025-09-27T01:14:22","date_gmt":"2025-09-27T01:14:22","guid":{"rendered":"https:\/\/www.europesays.com\/es\/141316\/"},"modified":"2025-09-27T01:14:22","modified_gmt":"2025-09-27T01:14:22","slug":"oriol-castellarnau-cambiara-cosas-en-el-balonmano-soria-hasta-dar-con-la-tecla","status":"publish","type":"post","link":"https:\/\/www.europesays.com\/es\/141316\/","title":{"rendered":"Oriol Castellarnau cambiar\u00e1 cosas en el Balonmano Soria \u00abhasta dar con la tecla\u00bb"},"content":{"rendered":"<p class=\"paragraph\">El <a href=\"https:\/\/www.heraldodiariodesoria.es\/deportes\/250911\/202696\/oriol-piensa-ganar-eivissa-debut-plata-duda-respuesta-aficion.html\" title=\"Oriol s\u00f3lo piensa en ganar a Eivissa en el debut en Plata y no duda de la \" respuesta=\"\" de=\"\" la=\"\" afici=\"\" rel=\"nofollow noopener\" target=\"_blank\">Balonmano Soria<\/a> ha perdido los dos partidos jugados en Plata y ante Sinf\u00edn Santander espera estrenar su casillero de victorias. Para ello, su entrenador, Oriol Castellarnau, espera \u00abdar con la tecla\u00bb. No duda en cambiar cosas con respecto a las dos primeras jornadas ante <b>Eivissa y Bar\u00e7a B <\/b>para que sus jugadores se sientan \u00abm\u00e1s sueltos y c\u00f3modos sobre la cancha\u00bb.<\/p>\n<p class=\"paragraph\">El t\u00e9cnico amarillo no pon\u00eda ni un solo pa\u00f1o caliente a los dos tropiezos iniciales en la temporada\u00a0de su equipo y reconoc\u00eda que ya cuenta las horas para jugar la tercera jornada ante Sinf\u00edn Santander. \u00ab<b>El balonmano se cura con balonmano y todos tenemos muchas ganas de volver a competir<\/b>\u00ab, se\u00f1alaba.<\/p>\n<p class=\"paragraph\">Respecto a la derrota en Barcelona del pasado s\u00e1bado, Castellarnau era claro y contundente: \u00ab<b>Ante el Bar\u00e7a jugamos mal<\/b>. Ellos fueron mejores en todas las facetas del juego y no dimos el nivel que tenemos que dar. Podemos dar m\u00e1s de los que dimos\u00bb.<\/p>\n<p class=\"paragraph\">El preparador catal\u00e1n conf\u00eda en \u00abtocar la tecla correcta para sentirnos m\u00e1s c\u00f3modos y sueltos sobre la cancha. <b>Cambiaremos cosas hasta que encontremos la tecla<\/b>\u00ab.<\/p>\n<p class=\"paragraph\">Un BM Soria que no esta siendo lo competitivo que fue en pretemporada. \u00abTenemos ganas de ver lo que tiene este equipo y de sacar su identidad\u00bb, apuntaba Oriol. El t\u00e9cnico descarta que haya falta de concentraci\u00f3n en sus pupilos e insist\u00eda que el problema est\u00e1 \u00aben el sistema. <b>Tenemos que jugar m\u00e1s sueltos y m\u00e1s c\u00f3modos<\/b>\u00ab.<\/p>\n<p class=\"paragraph\">El barcelon\u00e9s conf\u00eda en que la cancha del San Andr\u00e9s sea el escenario propicio para que este s\u00e1bado desde las 18.00 horas el conjunto soriano sume sus primeros puntos del curso. \u00ab<b>Pedimos a la afici\u00f3n que nos ayude porque la necesitamos<\/b>\u00ab. Sobre si nota la presi\u00f3n por no haber ganado en los dos primeros compromisos ligueros, Castellarnau fue rotundo al se\u00f1alar que \u00abla presi\u00f3n la tiene un m\u00e9dico que opera a coraz\u00f3n abierto. Eso es s\u00f3lo balonmano\u00bb.<\/p>\n<p>Brais Mart\u00ednez<\/p>\n<p class=\"paragraph\">El extremo derecho Brais Mart\u00ednez recalcaba la uni\u00f3n de un BM Soria que va a \u00abpor todas\u00bb y respaldaba las palabras de Castellarnau de dar con la tecla y seguir trabajando para conseguir la primera victoria. El jugador gallego se\u00f1alaba que \u00ab<b>queda mucha temporada por delante para conseguir los objetivos<\/b> en una categor\u00eda donde hay muchas diferencias de presupuesto pero donde cualquier equipo puede ganar a su rival\u00bb. Brais tambi\u00e9n ped\u00eda ese apoyo de la afici\u00f3n ante Sinf\u00edn para ester s\u00e1bado.<\/p>\n","protected":false},"excerpt":{"rendered":"El Balonmano Soria ha perdido los dos partidos jugados en Plata y ante Sinf\u00edn Santander espera estrenar su&hellip;\n","protected":false},"author":2,"featured_media":141317,"comment_status":"","ping_status":"","sticky":false,"template":"","format":"standard","meta":{"footnotes":""},"categories":[278],"tags":[376,4535,168,25,24,881,375,6016,7452,23,167],"class_list":{"0":"post-141316","1":"post","2":"type-post","3":"status-publish","4":"format-standard","5":"has-post-thumbnail","7":"category-balonmano","8":"tag-balonmano","9":"tag-bm-soria","10":"tag-deportes","11":"tag-es","12":"tag-espana","13":"tag-fc-barcelona","14":"tag-handball","15":"tag-medicos","16":"tag-opera","17":"tag-spain","18":"tag-sports"},"share_on_mastodon":{"url":"","error":""},"_links":{"self":[{"href":"https:\/\/www.europesays.com\/es\/wp-json\/wp\/v2\/posts\/141316","targetHints":{"allow":["GET"]}}],"collection":[{"href":"https:\/\/www.europesays.com\/es\/wp-json\/wp\/v2\/posts"}],"about":[{"href":"https:\/\/www.europesays.com\/es\/wp-json\/wp\/v2\/types\/post"}],"author":[{"embeddable":true,"href":"https:\/\/www.europesays.com\/es\/wp-json\/wp\/v2\/users\/2"}],"replies":[{"embeddable":true,"href":"https:\/\/www.europesays.com\/es\/wp-json\/wp\/v2\/comments?post=141316"}],"version-history":[{"count":0,"href":"https:\/\/www.europesays.com\/es\/wp-json\/wp\/v2\/posts\/141316\/revisions"}],"wp:featuredmedia":[{"embeddable":true,"href":"https:\/\/www.europesays.com\/es\/wp-json\/wp\/v2\/media\/141317"}],"wp:attachment":[{"href":"https:\/\/www.europesays.com\/es\/wp-json\/wp\/v2\/media?parent=141316"}],"wp:term":[{"taxonomy":"category","embeddable":true,"href":"https:\/\/www.europesays.com\/es\/wp-json\/wp\/v2\/categories?post=141316"},{"taxonomy":"post_tag","embeddable":true,"href":"https:\/\/www.europesays.com\/es\/wp-json\/wp\/v2\/tags?post=141316"}],"curies":[{"name":"wp","href":"https:\/\/api.w.org\/{rel}","templated":true}]}}