{"id":141326,"date":"2025-09-27T01:23:11","date_gmt":"2025-09-27T01:23:11","guid":{"rendered":"https:\/\/www.europesays.com\/es\/141326\/"},"modified":"2025-09-27T01:23:11","modified_gmt":"2025-09-27T01:23:11","slug":"el-estilo-nordico-se-cuela-de-manera-natural-y-cercana-demostrando-que-se-puede-vivir-en-un-espacio-bonito-sin-un-gran-presupuesto","status":"publish","type":"post","link":"https:\/\/www.europesays.com\/es\/141326\/","title":{"rendered":"\u201cEl estilo n\u00f3rdico se cuela de manera natural y cercana, demostrando que se puede vivir en un espacio bonito sin un gran presupuesto\u201d"},"content":{"rendered":"<p>Despu\u00e9s de 11 a\u00f1os de relaci\u00f3n, 9 de ellos casados, y dos hijas en com\u00fan, <strong>el amor entre Kiko Rivera e Irene Rosales se desvaneci\u00f3<\/strong>, dando como resultado el anuncio de su separaci\u00f3n el pasado 27 de agosto, aunque la decisi\u00f3n ya llevaba varios meses meditada. Tras salir a la luz la noticia, que, por cierto, la dio en exclusiva la revista SEMANA,<strong> el hijo de Isabel Pantoja fue quien hizo las maletas y abandon\u00f3 la casa <\/strong>a la que toda la familia se mud\u00f3 en 2021, una vivienda situada a las afueras de Sevilla, <strong>en el municipio de Castilleja de la Cuesta<\/strong>.<\/p>\n<p>As\u00ed que, a d\u00eda de hoy, es <strong>Irene Rosales quien sigue viviendo en esta vivienda sevillana junto a sus dos hijas<\/strong>, Ana y Carlota, y quien, adem\u00e1s, est\u00e1 haciendo alg\u00fan que otro cambio en la decoraci\u00f3n, tal como la propia creadora de contenido ha ido ense\u00f1ando en sus redes sociales. Y hasta Castilleja de la Cuesta nos hemos ido con nuestra querid\u00edsima <a href=\"https:\/\/anagarciainteriorista.com\/\" rel=\"nofollow noopener\" target=\"_blank\">Ana Garc\u00eda<\/a> para que nos ayudara a <strong>analizar los interiores del hogar de Irene Rosales desde su mirada profesional<\/strong>.<\/p>\n<p><img decoding=\"async\" src=\"https:\/\/www.europesays.com\/es\/wp-content\/uploads\/2025\/09\/dl-u444673-005_1f18ebd1_250926131042_800x800.webp.webp\" alt=\"DL u444673 005\" class=\"image lazyload\"\/><img loading=\"lazy\" decoding=\"async\" src=\"https:\/\/www.europesays.com\/es\/wp-content\/uploads\/2025\/09\/dl-u444673-005_1f18ebd1_250926131053_1280x720.webp.webp\" alt=\"La historia de (des)amor de Telma Ortiz, hermana de Letizia, y Robert Gavin Bonnar: enga\u00f1os, celos, misterio y una hija\" class=\"image lazyload\" width=\"1280\" height=\"720\" data-aspectratio=\"1280\/720\"\/>Una casa real, un estilo alcanzable<\/p>\n<p>Ana nos ha confesado que le ha encantado encontrarse con una casa que,<strong> sin grandes artificios, logra transmitir calma y confort<\/strong>, especialmente en estos tiempos en los que las redes sociales est\u00e1n llenas de viviendas perfectas y casi inalcanzables. Seg\u00fan la interiorista, \u201cen el hogar de Irene Rosales <strong>el estilo n\u00f3rdico se cuela de manera natural y cercana<\/strong>, demostrando que se puede vivir en un espacio bonito sin necesidad de grandes presupuestos ni complicaciones\u201d.<\/p>\n<p>La interiorista tambi\u00e9n comenta que Irene no pretende que sea un hogar perfecto, y es ah\u00ed donde radica toda su belleza: \u00ab<strong>se trata de una casa vivida, pr\u00e1ctica, pensada para el d\u00eda a d\u00eda<\/strong>. Ese es, quiz\u00e1, su mayor encanto: demuestra que cualquiera puede tener un espacio bonito y funcional sin dejar de lado lo que realmente importa, que es disfrutarlo\u00bb, a\u00f1ade la especialista en interiorismo.<\/p>\n<p><img loading=\"lazy\" decoding=\"async\"   src=\"https:\/\/www.europesays.com\/es\/wp-content\/uploads\/2025\/09\/salon-de-irene-rosales_692e9d72_250926183933_1200x2131.webp.webp\" alt=\"Sal\u00f3n de Irene Rosales\" class=\"lazyload\" width=\"1200\" height=\"2131\" data-aspectratio=\"1200\/2131\"\/>&#13;@irenerova24<br \/>\nTonos neutros, decoraci\u00f3n sencilla y mucha luz<\/p>\n<p>En general, Ana ha detectado un estilo n\u00f3rdico en toda la casa, donde<strong> predominan los tonos neutros, una decoraci\u00f3n sencilla y mucha luz natural<\/strong>. Para aumentar esa luminosidad, Irene tiene en su sal\u00f3n un sof\u00e1 blanco, amplio y mullido que invita a descansar. Para darle un toquecito de color, la creadora de contenido ha apostado por <strong>cojines en tono mostaza y verde botella<\/strong>, colores que aportan un gui\u00f1o c\u00e1lido que hace que el sal\u00f3n sea todav\u00eda m\u00e1s acogedor.<\/p>\n<p>De este mismo sal\u00f3n, Ana comenta que <strong>sus paredes, en tonos neutros, se decoran con l\u00e1minas sencillas y frases inspiradoras<\/strong>, explicando que \u201cno son piezas de colecci\u00f3n ni cuadros inalcanzables, sino peque\u00f1os detalles que cualquiera puede incorporar en casa y que, sin embargo, <strong>tienen un gran impacto visual<\/strong>\u201d. Y justo ese es uno de los secretos del estilo n\u00f3rdico m\u00e1s comercial:piezas asequibles que, bien combinadas, consiguen transmitir orden, calma y un aire actual.<\/p>\n<p><img loading=\"lazy\" decoding=\"async\"   src=\"https:\/\/www.europesays.com\/es\/wp-content\/uploads\/2025\/09\/ormitorio-principal-de-irene-rosales_2efc4d80_250926183959_1200x2133.webp.webp\" alt=\"ormitorio principal de Irene Rosales\" class=\"lazyload\" width=\"1200\" height=\"2133\" data-aspectratio=\"1200\/2133\"\/><\/p>\n<p>Dormitorio principal de Irene Rosales<\/p>\n<p>&#13;@irenerova24<\/p>\n<p>La interiorista vuelve a recalcar el tema de la luz natural, la considera que es una de las grandes protagonistas de toda la vivienda. \u201c<strong>Cortinas ligeras y colores claros permiten que la claridad se cuele en cada rinc\u00f3n<\/strong>, potenciando esa sensaci\u00f3n de amplitud que tanto valoramos. No hace falta vivir en una casa de revista para disfrutar de espacios luminosos; <strong>basta con elegir bien los textiles y no sobrecargar las estancias<\/strong>\u201d, detalla Garc\u00eda para concluir su an\u00e1lisis.<\/p>\n","protected":false},"excerpt":{"rendered":"Despu\u00e9s de 11 a\u00f1os de relaci\u00f3n, 9 de ellos casados, y dos hijas en com\u00fan, el amor entre&hellip;\n","protected":false},"author":2,"featured_media":141327,"comment_status":"","ping_status":"","sticky":false,"template":"","format":"standard","meta":{"footnotes":""},"categories":[174],"tags":[255,146,147,25,24,256,23],"class_list":{"0":"post-141326","1":"post","2":"type-post","3":"status-publish","4":"format-standard","5":"has-post-thumbnail","7":"category-famosos","8":"tag-celebrities","9":"tag-entertainment","10":"tag-entretenimiento","11":"tag-es","12":"tag-espana","13":"tag-famosos","14":"tag-spain"},"share_on_mastodon":{"url":"","error":""},"_links":{"self":[{"href":"https:\/\/www.europesays.com\/es\/wp-json\/wp\/v2\/posts\/141326","targetHints":{"allow":["GET"]}}],"collection":[{"href":"https:\/\/www.europesays.com\/es\/wp-json\/wp\/v2\/posts"}],"about":[{"href":"https:\/\/www.europesays.com\/es\/wp-json\/wp\/v2\/types\/post"}],"author":[{"embeddable":true,"href":"https:\/\/www.europesays.com\/es\/wp-json\/wp\/v2\/users\/2"}],"replies":[{"embeddable":true,"href":"https:\/\/www.europesays.com\/es\/wp-json\/wp\/v2\/comments?post=141326"}],"version-history":[{"count":0,"href":"https:\/\/www.europesays.com\/es\/wp-json\/wp\/v2\/posts\/141326\/revisions"}],"wp:featuredmedia":[{"embeddable":true,"href":"https:\/\/www.europesays.com\/es\/wp-json\/wp\/v2\/media\/141327"}],"wp:attachment":[{"href":"https:\/\/www.europesays.com\/es\/wp-json\/wp\/v2\/media?parent=141326"}],"wp:term":[{"taxonomy":"category","embeddable":true,"href":"https:\/\/www.europesays.com\/es\/wp-json\/wp\/v2\/categories?post=141326"},{"taxonomy":"post_tag","embeddable":true,"href":"https:\/\/www.europesays.com\/es\/wp-json\/wp\/v2\/tags?post=141326"}],"curies":[{"name":"wp","href":"https:\/\/api.w.org\/{rel}","templated":true}]}}